{"id":93187,"date":"2019-05-18T00:44:22","date_gmt":"2019-05-18T03:44:22","guid":{"rendered":"http:\/\/www.hoymercedes.com.ar\/principal\/?p=93187"},"modified":"2019-05-18T00:46:40","modified_gmt":"2019-05-18T03:46:40","slug":"siniestro-vial-en-ruta-5-en-el-kilometro-113","status":"publish","type":"post","link":"https:\/\/www.hoymercedes.com.ar\/principal\/2019\/05\/18\/siniestro-vial-en-ruta-5-en-el-kilometro-113\/","title":{"rendered":"Siniestro vial en ruta 5 en el kil\u00f3metro 113"},"content":{"rendered":"\n<p>En la noche de este viernes, la Ruta Nacional N\u00b0 5 fue escenario de un choque entre tres veh\u00edculos. En el siniestro vial falleci\u00f3 una mujer de Chivilcoy. <\/p>\n\n\n\n<figure class=\"wp-block-image\"><img loading=\"lazy\" decoding=\"async\" width=\"1024\" height=\"682\" data-attachment-id=\"93188\" data-permalink=\"https:\/\/www.hoymercedes.com.ar\/principal\/2019\/05\/18\/siniestro-vial-en-ruta-5-en-el-kilometro-113\/18-siniestro-ruta-5-1\/#main\" data-orig-file=\"https:\/\/www.hoymercedes.com.ar\/principal\/wp-content\/uploads\/2019\/05\/18-siniestro-ruta-5-1.jpg\" data-orig-size=\"1030,686\" data-comments-opened=\"0\" data-image-meta=\"{&quot;aperture&quot;:&quot;0&quot;,&quot;credit&quot;:&quot;&quot;,&quot;camera&quot;:&quot;&quot;,&quot;caption&quot;:&quot;&quot;,&quot;created_timestamp&quot;:&quot;0&quot;,&quot;copyright&quot;:&quot;&quot;,&quot;focal_length&quot;:&quot;0&quot;,&quot;iso&quot;:&quot;0&quot;,&quot;shutter_speed&quot;:&quot;0&quot;,&quot;title&quot;:&quot;&quot;,&quot;orientation&quot;:&quot;0&quot;}\" data-image-title=\"18 siniestro ruta 5 1\" data-image-description=\"\" data-image-caption=\"\" data-large-file=\"https:\/\/www.hoymercedes.com.ar\/principal\/wp-content\/uploads\/2019\/05\/18-siniestro-ruta-5-1-1024x682.jpg\" src=\"https:\/\/www.hoymercedes.com.ar\/principal\/wp-content\/uploads\/2019\/05\/18-siniestro-ruta-5-1-1024x682.jpg\" alt=\"\" class=\"wp-image-93188\" srcset=\"https:\/\/www.hoymercedes.com.ar\/principal\/wp-content\/uploads\/2019\/05\/18-siniestro-ruta-5-1-1024x682.jpg 1024w, https:\/\/www.hoymercedes.com.ar\/principal\/wp-content\/uploads\/2019\/05\/18-siniestro-ruta-5-1-150x100.jpg 150w, https:\/\/www.hoymercedes.com.ar\/principal\/wp-content\/uploads\/2019\/05\/18-siniestro-ruta-5-1-630x420.jpg 630w, https:\/\/www.hoymercedes.com.ar\/principal\/wp-content\/uploads\/2019\/05\/18-siniestro-ruta-5-1-720x480.jpg 720w, https:\/\/www.hoymercedes.com.ar\/principal\/wp-content\/uploads\/2019\/05\/18-siniestro-ruta-5-1-360x240.jpg 360w, https:\/\/www.hoymercedes.com.ar\/principal\/wp-content\/uploads\/2019\/05\/18-siniestro-ruta-5-1.jpg 1030w\" sizes=\"auto, (max-width: 1024px) 100vw, 1024px\" \/><\/figure>\n\n\n\n<p>En el kil\u00f3metro 113 de la Ruta N\u00b0 5 &#8211; sentido Mercedes-Suipacha &#8211; sucedi\u00f3, pasadas las 18,30 horas de este viernes, un siniestro vial entre tres autos y un cami\u00f3n Scania que fue impactado levemente. Los tres veh\u00edculos de menor porte eran un  Citro\u00ebn C4 negro, un VW Gol Trend negro y un Fiat Uno blanco. <\/p>\n\n\n\n<p>Los Bomberos Voluntarios de Mercedes trabaj\u00f3 en el lugar. En el Gol encontr\u00f3 a una mujer fallecida, identificada como Mar\u00eda Laura Di Franco. De acuerdo a la documentaci\u00f3n encontrada era de Chivilcoy y ten\u00eda 44 a\u00f1os. aproximadamente.<\/p>\n\n\n\n<figure class=\"wp-block-image\"><img loading=\"lazy\" decoding=\"async\" width=\"750\" height=\"500\" data-attachment-id=\"93190\" data-permalink=\"https:\/\/www.hoymercedes.com.ar\/principal\/2019\/05\/18\/siniestro-vial-en-ruta-5-en-el-kilometro-113\/18-siniestro-ruta-5-3\/#main\" data-orig-file=\"https:\/\/www.hoymercedes.com.ar\/principal\/wp-content\/uploads\/2019\/05\/18-siniestro-ruta-5-3.jpg\" data-orig-size=\"750,500\" data-comments-opened=\"0\" data-image-meta=\"{&quot;aperture&quot;:&quot;0&quot;,&quot;credit&quot;:&quot;&quot;,&quot;camera&quot;:&quot;&quot;,&quot;caption&quot;:&quot;&quot;,&quot;created_timestamp&quot;:&quot;0&quot;,&quot;copyright&quot;:&quot;&quot;,&quot;focal_length&quot;:&quot;0&quot;,&quot;iso&quot;:&quot;0&quot;,&quot;shutter_speed&quot;:&quot;0&quot;,&quot;title&quot;:&quot;&quot;,&quot;orientation&quot;:&quot;0&quot;}\" data-image-title=\"18 siniestro ruta 5 3\" data-image-description=\"\" data-image-caption=\"\" data-large-file=\"https:\/\/www.hoymercedes.com.ar\/principal\/wp-content\/uploads\/2019\/05\/18-siniestro-ruta-5-3.jpg\" src=\"https:\/\/www.hoymercedes.com.ar\/principal\/wp-content\/uploads\/2019\/05\/18-siniestro-ruta-5-3.jpg\" alt=\"\" class=\"wp-image-93190\" srcset=\"https:\/\/www.hoymercedes.com.ar\/principal\/wp-content\/uploads\/2019\/05\/18-siniestro-ruta-5-3.jpg 750w, https:\/\/www.hoymercedes.com.ar\/principal\/wp-content\/uploads\/2019\/05\/18-siniestro-ruta-5-3-150x100.jpg 150w, https:\/\/www.hoymercedes.com.ar\/principal\/wp-content\/uploads\/2019\/05\/18-siniestro-ruta-5-3-630x420.jpg 630w, https:\/\/www.hoymercedes.com.ar\/principal\/wp-content\/uploads\/2019\/05\/18-siniestro-ruta-5-3-720x480.jpg 720w, https:\/\/www.hoymercedes.com.ar\/principal\/wp-content\/uploads\/2019\/05\/18-siniestro-ruta-5-3-360x240.jpg 360w\" sizes=\"auto, (max-width: 750px) 100vw, 750px\" \/><\/figure>\n\n\n\n<p>En el C4 iban Mar\u00eda Vaccaro de Bragado, al igual que Ana Andr\u00e9 y Luc\u00eda Vercellone de la ciudad de Buenos Aires. En tanto, en el Fiat Uno iba Francisco Castro de La Pampa. Todos ellos, con heridas leves, fueron trasladados al Hospital Blas L. Dubarry. El cam\u00f3n Scania que circulaba en la mano contraria era conducido por Ram\u00f3n Gonz\u00e1lez.  <\/p>\n\n\n\n<figure class=\"wp-block-image\"><img loading=\"lazy\" decoding=\"async\" width=\"1024\" height=\"682\" data-attachment-id=\"93189\" data-permalink=\"https:\/\/www.hoymercedes.com.ar\/principal\/2019\/05\/18\/siniestro-vial-en-ruta-5-en-el-kilometro-113\/18-siniestro-ruta-5-2\/#main\" data-orig-file=\"https:\/\/www.hoymercedes.com.ar\/principal\/wp-content\/uploads\/2019\/05\/18-siniestro-ruta-5-2.jpg\" data-orig-size=\"1030,686\" data-comments-opened=\"0\" data-image-meta=\"{&quot;aperture&quot;:&quot;0&quot;,&quot;credit&quot;:&quot;&quot;,&quot;camera&quot;:&quot;&quot;,&quot;caption&quot;:&quot;&quot;,&quot;created_timestamp&quot;:&quot;0&quot;,&quot;copyright&quot;:&quot;&quot;,&quot;focal_length&quot;:&quot;0&quot;,&quot;iso&quot;:&quot;0&quot;,&quot;shutter_speed&quot;:&quot;0&quot;,&quot;title&quot;:&quot;&quot;,&quot;orientation&quot;:&quot;0&quot;}\" data-image-title=\"18 siniestro ruta 5 2\" data-image-description=\"\" data-image-caption=\"\" data-large-file=\"https:\/\/www.hoymercedes.com.ar\/principal\/wp-content\/uploads\/2019\/05\/18-siniestro-ruta-5-2-1024x682.jpg\" src=\"https:\/\/www.hoymercedes.com.ar\/principal\/wp-content\/uploads\/2019\/05\/18-siniestro-ruta-5-2-1024x682.jpg\" alt=\"\" class=\"wp-image-93189\" srcset=\"https:\/\/www.hoymercedes.com.ar\/principal\/wp-content\/uploads\/2019\/05\/18-siniestro-ruta-5-2-1024x682.jpg 1024w, https:\/\/www.hoymercedes.com.ar\/principal\/wp-content\/uploads\/2019\/05\/18-siniestro-ruta-5-2-150x100.jpg 150w, https:\/\/www.hoymercedes.com.ar\/principal\/wp-content\/uploads\/2019\/05\/18-siniestro-ruta-5-2-630x420.jpg 630w, https:\/\/www.hoymercedes.com.ar\/principal\/wp-content\/uploads\/2019\/05\/18-siniestro-ruta-5-2-720x480.jpg 720w, https:\/\/www.hoymercedes.com.ar\/principal\/wp-content\/uploads\/2019\/05\/18-siniestro-ruta-5-2-360x240.jpg 360w, https:\/\/www.hoymercedes.com.ar\/principal\/wp-content\/uploads\/2019\/05\/18-siniestro-ruta-5-2.jpg 1030w\" sizes=\"auto, (max-width: 1024px) 100vw, 1024px\" \/><\/figure>\n","protected":false},"excerpt":{"rendered":"<p>En la noche de este viernes, la Ruta Nacional N\u00b0 5 fue escenario de un choque entre tres veh\u00edculos. En &#8230; <a title=\"Siniestro vial en ruta 5 en el kil\u00f3metro 113\" class=\"read-more\" href=\"https:\/\/www.hoymercedes.com.ar\/principal\/2019\/05\/18\/siniestro-vial-en-ruta-5-en-el-kilometro-113\/\" aria-label=\"Leer m\u00e1s sobre Siniestro vial en ruta 5 en el kil\u00f3metro 113\">Leer m\u00e1s<\/a><\/p>\n","protected":false},"author":1,"featured_media":93190,"comment_status":"closed","ping_status":"open","sticky":false,"template":"","format":"standard","meta":{"_monsterinsights_skip_tracking":false,"_monsterinsights_sitenote_active":false,"_monsterinsights_sitenote_note":"","_monsterinsights_sitenote_category":0,"jetpack_post_was_ever_published":false,"_jetpack_newsletter_access":"","_jetpack_dont_email_post_to_subs":false,"_jetpack_newsletter_tier_id":0,"_jetpack_memberships_contains_paywalled_content":false,"_jetpack_memberships_contains_paid_content":false,"footnotes":"","jetpack_publicize_message":"","jetpack_publicize_feature_enabled":true,"jetpack_social_post_already_shared":true,"jetpack_social_options":{"image_generator_settings":{"template":"highway","default_image_id":0,"font":"","enabled":false},"version":2},"_wpas_customize_per_network":false},"categories":[85],"tags":[3260,11433,2858,10395],"class_list":["post-93187","post","type-post","status-publish","format-standard","has-post-thumbnail","hentry","category-policial","tag-choque","tag-fallecido","tag-ruta-nacional-5","tag-siniestro-vial","generate-columns","tablet-grid-50","mobile-grid-100","grid-parent","grid-50"],"jetpack_publicize_connections":[],"jetpack_featured_media_url":"https:\/\/www.hoymercedes.com.ar\/principal\/wp-content\/uploads\/2019\/05\/18-siniestro-ruta-5-3.jpg","wps_subtitle":"En tarde del viernes","jetpack_sharing_enabled":true,"_links":{"self":[{"href":"https:\/\/www.hoymercedes.com.ar\/principal\/wp-json\/wp\/v2\/posts\/93187","targetHints":{"allow":["GET"]}}],"collection":[{"href":"https:\/\/www.hoymercedes.com.ar\/principal\/wp-json\/wp\/v2\/posts"}],"about":[{"href":"https:\/\/www.hoymercedes.com.ar\/principal\/wp-json\/wp\/v2\/types\/post"}],"author":[{"embeddable":true,"href":"https:\/\/www.hoymercedes.com.ar\/principal\/wp-json\/wp\/v2\/users\/1"}],"replies":[{"embeddable":true,"href":"https:\/\/www.hoymercedes.com.ar\/principal\/wp-json\/wp\/v2\/comments?post=93187"}],"version-history":[{"count":0,"href":"https:\/\/www.hoymercedes.com.ar\/principal\/wp-json\/wp\/v2\/posts\/93187\/revisions"}],"wp:featuredmedia":[{"embeddable":true,"href":"https:\/\/www.hoymercedes.com.ar\/principal\/wp-json\/wp\/v2\/media\/93190"}],"wp:attachment":[{"href":"https:\/\/www.hoymercedes.com.ar\/principal\/wp-json\/wp\/v2\/media?parent=93187"}],"wp:term":[{"taxonomy":"category","embeddable":true,"href":"https:\/\/www.hoymercedes.com.ar\/principal\/wp-json\/wp\/v2\/categories?post=93187"},{"taxonomy":"post_tag","embeddable":true,"href":"https:\/\/www.hoymercedes.com.ar\/principal\/wp-json\/wp\/v2\/tags?post=93187"}],"curies":[{"name":"wp","href":"https:\/\/api.w.org\/{rel}","templated":true}]}}