{"id":93216,"date":"2019-05-18T20:00:14","date_gmt":"2019-05-18T23:00:14","guid":{"rendered":"http:\/\/www.hoymercedes.com.ar\/principal\/?p=93216"},"modified":"2019-05-18T20:15:18","modified_gmt":"2019-05-18T23:15:18","slug":"muere-camionera-en-ruta-n5","status":"publish","type":"post","link":"https:\/\/www.hoymercedes.com.ar\/principal\/2019\/05\/18\/muere-camionera-en-ruta-n5\/","title":{"rendered":"Muere camionero en ruta N\u00b05"},"content":{"rendered":"\n<figure class=\"wp-block-image\"><img loading=\"lazy\" decoding=\"async\" width=\"1024\" height=\"576\" data-attachment-id=\"93217\" data-permalink=\"https:\/\/www.hoymercedes.com.ar\/principal\/2019\/05\/18\/muere-camionera-en-ruta-n5\/camion-r5-siniestro\/#main\" data-orig-file=\"https:\/\/www.hoymercedes.com.ar\/principal\/wp-content\/uploads\/2019\/05\/Camion-r5-siniestro.jpg\" data-orig-size=\"1280,720\" data-comments-opened=\"0\" data-image-meta=\"{&quot;aperture&quot;:&quot;0&quot;,&quot;credit&quot;:&quot;&quot;,&quot;camera&quot;:&quot;&quot;,&quot;caption&quot;:&quot;&quot;,&quot;created_timestamp&quot;:&quot;0&quot;,&quot;copyright&quot;:&quot;&quot;,&quot;focal_length&quot;:&quot;0&quot;,&quot;iso&quot;:&quot;0&quot;,&quot;shutter_speed&quot;:&quot;0&quot;,&quot;title&quot;:&quot;&quot;,&quot;orientation&quot;:&quot;0&quot;}\" data-image-title=\"Camion-r5-siniestro\" data-image-description=\"\" data-image-caption=\"\" data-large-file=\"https:\/\/www.hoymercedes.com.ar\/principal\/wp-content\/uploads\/2019\/05\/Camion-r5-siniestro-1024x576.jpg\" src=\"https:\/\/www.hoymercedes.com.ar\/principal\/wp-content\/uploads\/2019\/05\/Camion-r5-siniestro-1024x576.jpg\" alt=\"\" class=\"wp-image-93217\" srcset=\"https:\/\/www.hoymercedes.com.ar\/principal\/wp-content\/uploads\/2019\/05\/Camion-r5-siniestro-1024x576.jpg 1024w, https:\/\/www.hoymercedes.com.ar\/principal\/wp-content\/uploads\/2019\/05\/Camion-r5-siniestro-150x84.jpg 150w, https:\/\/www.hoymercedes.com.ar\/principal\/wp-content\/uploads\/2019\/05\/Camion-r5-siniestro-630x354.jpg 630w, https:\/\/www.hoymercedes.com.ar\/principal\/wp-content\/uploads\/2019\/05\/Camion-r5-siniestro.jpg 1280w\" sizes=\"auto, (max-width: 1024px) 100vw, 1024px\" \/><figcaption>Foto: El Civismo<\/figcaption><\/figure>\n\n\n\n<p>Un camionero de 54 a\u00f1os perdi\u00f3 la\nvida en autopista 5. Se presume la causa habr\u00eda sido un infarto. Otra es que\npodr\u00eda haberse quedado dormido. Fue a la altura del km 76 entre Mercedes y\nLuj\u00e1n con direcci\u00f3n a nuestra localidad.<\/p>\n\n\n\n<p>Se supo que La v\u00edctima fue\nidentificada Walter Hugo Pereyra, de 54 a\u00f1os, es la v\u00edctima y ten\u00eda domicilio\nen la ciudad de Vedia, Partido de Leandro N. Alem. Al momento del siniestro\nmanejaba un Ford modelo Cargo 1730 que tiraba un semirremolque cargado con\nsanitarios.<\/p>\n\n\n\n<figure class=\"wp-block-image\"><img loading=\"lazy\" decoding=\"async\" width=\"1024\" height=\"576\" data-attachment-id=\"93218\" data-permalink=\"https:\/\/www.hoymercedes.com.ar\/principal\/2019\/05\/18\/muere-camionera-en-ruta-n5\/camioneta-siniestro-r5\/#main\" data-orig-file=\"https:\/\/www.hoymercedes.com.ar\/principal\/wp-content\/uploads\/2019\/05\/camioneta-siniestro-r5.jpg\" data-orig-size=\"1280,720\" data-comments-opened=\"0\" data-image-meta=\"{&quot;aperture&quot;:&quot;0&quot;,&quot;credit&quot;:&quot;&quot;,&quot;camera&quot;:&quot;&quot;,&quot;caption&quot;:&quot;&quot;,&quot;created_timestamp&quot;:&quot;0&quot;,&quot;copyright&quot;:&quot;&quot;,&quot;focal_length&quot;:&quot;0&quot;,&quot;iso&quot;:&quot;0&quot;,&quot;shutter_speed&quot;:&quot;0&quot;,&quot;title&quot;:&quot;&quot;,&quot;orientation&quot;:&quot;0&quot;}\" data-image-title=\"camioneta-siniestro-r5\" data-image-description=\"\" data-image-caption=\"\" data-large-file=\"https:\/\/www.hoymercedes.com.ar\/principal\/wp-content\/uploads\/2019\/05\/camioneta-siniestro-r5-1024x576.jpg\" src=\"https:\/\/www.hoymercedes.com.ar\/principal\/wp-content\/uploads\/2019\/05\/camioneta-siniestro-r5-1024x576.jpg\" alt=\"\" class=\"wp-image-93218\" srcset=\"https:\/\/www.hoymercedes.com.ar\/principal\/wp-content\/uploads\/2019\/05\/camioneta-siniestro-r5-1024x576.jpg 1024w, https:\/\/www.hoymercedes.com.ar\/principal\/wp-content\/uploads\/2019\/05\/camioneta-siniestro-r5-150x84.jpg 150w, https:\/\/www.hoymercedes.com.ar\/principal\/wp-content\/uploads\/2019\/05\/camioneta-siniestro-r5-630x354.jpg 630w, https:\/\/www.hoymercedes.com.ar\/principal\/wp-content\/uploads\/2019\/05\/camioneta-siniestro-r5.jpg 1280w\" sizes=\"auto, (max-width: 1024px) 100vw, 1024px\" \/><figcaption>Camionera chocada  (Foto: El Civismo) <\/figcaption><\/figure>\n\n\n\n<p>El veh\u00edculo de gran porte se\nsali\u00f3 de la cinta asf\u00e1ltica y se gue hacia la derecha \u2013sentido Mercedes \u2013\nchocando a su vez una camioneta que estaba estacionada en la vera del camino a\n45\u00b0 (situaci\u00f3n no permitida), atraviesa colectora y da contra un alambrado\nperimetral, meti\u00e9ndose en un campo privado.<\/p>\n\n\n\n<figure class=\"wp-block-image\"><img loading=\"lazy\" decoding=\"async\" width=\"1024\" height=\"576\" data-attachment-id=\"93219\" data-permalink=\"https:\/\/www.hoymercedes.com.ar\/principal\/2019\/05\/18\/muere-camionera-en-ruta-n5\/camion-r5-siniestro-2\/#main\" data-orig-file=\"https:\/\/www.hoymercedes.com.ar\/principal\/wp-content\/uploads\/2019\/05\/Camion-r5-siniestro.2.jpg\" data-orig-size=\"1280,720\" data-comments-opened=\"0\" data-image-meta=\"{&quot;aperture&quot;:&quot;0&quot;,&quot;credit&quot;:&quot;&quot;,&quot;camera&quot;:&quot;&quot;,&quot;caption&quot;:&quot;&quot;,&quot;created_timestamp&quot;:&quot;0&quot;,&quot;copyright&quot;:&quot;&quot;,&quot;focal_length&quot;:&quot;0&quot;,&quot;iso&quot;:&quot;0&quot;,&quot;shutter_speed&quot;:&quot;0&quot;,&quot;title&quot;:&quot;&quot;,&quot;orientation&quot;:&quot;0&quot;}\" data-image-title=\"Camion-r5-siniestro.2\" data-image-description=\"\" data-image-caption=\"\" data-large-file=\"https:\/\/www.hoymercedes.com.ar\/principal\/wp-content\/uploads\/2019\/05\/Camion-r5-siniestro.2-1024x576.jpg\" src=\"https:\/\/www.hoymercedes.com.ar\/principal\/wp-content\/uploads\/2019\/05\/Camion-r5-siniestro.2-1024x576.jpg\" alt=\"\" class=\"wp-image-93219\" srcset=\"https:\/\/www.hoymercedes.com.ar\/principal\/wp-content\/uploads\/2019\/05\/Camion-r5-siniestro.2-1024x576.jpg 1024w, https:\/\/www.hoymercedes.com.ar\/principal\/wp-content\/uploads\/2019\/05\/Camion-r5-siniestro.2-150x84.jpg 150w, https:\/\/www.hoymercedes.com.ar\/principal\/wp-content\/uploads\/2019\/05\/Camion-r5-siniestro.2-630x354.jpg 630w, https:\/\/www.hoymercedes.com.ar\/principal\/wp-content\/uploads\/2019\/05\/Camion-r5-siniestro.2.jpg 1280w\" sizes=\"auto, (max-width: 1024px) 100vw, 1024px\" \/><figcaption>Cami\u00f3n accidentado (Foto: El Civismo)<\/figcaption><\/figure>\n\n\n\n<p>El conductor de la camioneta se\nsalv\u00f3 porque estaba parado fuera de la misma, siendo testigo del hecho\ncomentando que \u201cven\u00eda en zigzag\u201d contando que \u201cse muri\u00f3 a mi lado. Nunca vi\nalgo as\u00ed\u201d <\/p>\n\n\n\n<p>Trabajaron en el lugar personal\nde bomberos y polic\u00eda de Luj\u00e1n. <\/p>\n","protected":false},"excerpt":{"rendered":"<p>Un camionero de 54 a\u00f1os perdi\u00f3 la vida en autopista 5. Se presume la causa habr\u00eda sido un infarto. Otra &#8230; <a title=\"Muere camionero en ruta N\u00b05\" class=\"read-more\" href=\"https:\/\/www.hoymercedes.com.ar\/principal\/2019\/05\/18\/muere-camionera-en-ruta-n5\/\" aria-label=\"Leer m\u00e1s sobre Muere camionero en ruta N\u00b05\">Leer m\u00e1s<\/a><\/p>\n","protected":false},"author":1,"featured_media":93219,"comment_status":"closed","ping_status":"open","sticky":false,"template":"","format":"standard","meta":{"_monsterinsights_skip_tracking":false,"_monsterinsights_sitenote_active":false,"_monsterinsights_sitenote_note":"","_monsterinsights_sitenote_category":0,"jetpack_post_was_ever_published":false,"_jetpack_newsletter_access":"","_jetpack_dont_email_post_to_subs":false,"_jetpack_newsletter_tier_id":0,"_jetpack_memberships_contains_paywalled_content":false,"_jetpack_memberships_contains_paid_content":false,"footnotes":"","jetpack_publicize_message":"","jetpack_publicize_feature_enabled":true,"jetpack_social_post_already_shared":true,"jetpack_social_options":{"image_generator_settings":{"template":"highway","default_image_id":0,"font":"","enabled":false},"version":2},"_wpas_customize_per_network":false},"categories":[85],"tags":[],"class_list":["post-93216","post","type-post","status-publish","format-standard","has-post-thumbnail","hentry","category-policial","generate-columns","tablet-grid-50","mobile-grid-100","grid-parent","grid-50"],"jetpack_publicize_connections":[],"jetpack_featured_media_url":"https:\/\/www.hoymercedes.com.ar\/principal\/wp-content\/uploads\/2019\/05\/Camion-r5-siniestro.2.jpg","wps_subtitle":"Siniestro vial ","jetpack_sharing_enabled":true,"_links":{"self":[{"href":"https:\/\/www.hoymercedes.com.ar\/principal\/wp-json\/wp\/v2\/posts\/93216","targetHints":{"allow":["GET"]}}],"collection":[{"href":"https:\/\/www.hoymercedes.com.ar\/principal\/wp-json\/wp\/v2\/posts"}],"about":[{"href":"https:\/\/www.hoymercedes.com.ar\/principal\/wp-json\/wp\/v2\/types\/post"}],"author":[{"embeddable":true,"href":"https:\/\/www.hoymercedes.com.ar\/principal\/wp-json\/wp\/v2\/users\/1"}],"replies":[{"embeddable":true,"href":"https:\/\/www.hoymercedes.com.ar\/principal\/wp-json\/wp\/v2\/comments?post=93216"}],"version-history":[{"count":0,"href":"https:\/\/www.hoymercedes.com.ar\/principal\/wp-json\/wp\/v2\/posts\/93216\/revisions"}],"wp:featuredmedia":[{"embeddable":true,"href":"https:\/\/www.hoymercedes.com.ar\/principal\/wp-json\/wp\/v2\/media\/93219"}],"wp:attachment":[{"href":"https:\/\/www.hoymercedes.com.ar\/principal\/wp-json\/wp\/v2\/media?parent=93216"}],"wp:term":[{"taxonomy":"category","embeddable":true,"href":"https:\/\/www.hoymercedes.com.ar\/principal\/wp-json\/wp\/v2\/categories?post=93216"},{"taxonomy":"post_tag","embeddable":true,"href":"https:\/\/www.hoymercedes.com.ar\/principal\/wp-json\/wp\/v2\/tags?post=93216"}],"curies":[{"name":"wp","href":"https:\/\/api.w.org\/{rel}","templated":true}]}}