{"id":93243,"date":"2019-05-19T10:30:13","date_gmt":"2019-05-19T13:30:13","guid":{"rendered":"http:\/\/www.hoymercedes.com.ar\/principal\/?p=93243"},"modified":"2019-05-19T11:16:49","modified_gmt":"2019-05-19T14:16:49","slug":"lucas-biglia-uno-de-los-transferibles-en-el-milan","status":"publish","type":"post","link":"https:\/\/www.hoymercedes.com.ar\/principal\/2019\/05\/19\/lucas-biglia-uno-de-los-transferibles-en-el-milan\/","title":{"rendered":"Lucas Biglia, uno de los transferibles en el Milan"},"content":{"rendered":"\n<p><strong>Fichajes.net<\/strong> El\u00a0<strong>AC Milan<\/strong>\u00a0tiene dos jornadas por delante para dar el salto a puestos de UEFA Champions League y regresar tras un lustro al m\u00e1ximo torneo de clubes del mundo; sin embargo, tambi\u00e9n trabaja en la planificaci\u00f3n de la pr\u00f3xima temporada.<\/p>\n\n\n\n<figure class=\"wp-block-image\"><img loading=\"lazy\" decoding=\"async\" width=\"620\" height=\"356\" data-attachment-id=\"93244\" data-permalink=\"https:\/\/www.hoymercedes.com.ar\/principal\/2019\/05\/19\/lucas-biglia-uno-de-los-transferibles-en-el-milan\/lucas-biglia-milan-2-chievo-1-4\/#main\" data-orig-file=\"https:\/\/www.hoymercedes.com.ar\/principal\/wp-content\/uploads\/2019\/05\/Lucas-Biglia-milan-2-chievo-1.jpg\" data-orig-size=\"620,356\" data-comments-opened=\"0\" data-image-meta=\"{&quot;aperture&quot;:&quot;0&quot;,&quot;credit&quot;:&quot;&quot;,&quot;camera&quot;:&quot;&quot;,&quot;caption&quot;:&quot;&quot;,&quot;created_timestamp&quot;:&quot;0&quot;,&quot;copyright&quot;:&quot;&quot;,&quot;focal_length&quot;:&quot;0&quot;,&quot;iso&quot;:&quot;0&quot;,&quot;shutter_speed&quot;:&quot;0&quot;,&quot;title&quot;:&quot;&quot;,&quot;orientation&quot;:&quot;0&quot;}\" data-image-title=\"Lucas-Biglia-milan-2-chievo-1\" data-image-description=\"\" data-image-caption=\"\" data-large-file=\"https:\/\/www.hoymercedes.com.ar\/principal\/wp-content\/uploads\/2019\/05\/Lucas-Biglia-milan-2-chievo-1.jpg\" src=\"https:\/\/www.hoymercedes.com.ar\/principal\/wp-content\/uploads\/2019\/05\/Lucas-Biglia-milan-2-chievo-1.jpg\" alt=\"\" class=\"wp-image-93244\" srcset=\"https:\/\/www.hoymercedes.com.ar\/principal\/wp-content\/uploads\/2019\/05\/Lucas-Biglia-milan-2-chievo-1.jpg 620w, https:\/\/www.hoymercedes.com.ar\/principal\/wp-content\/uploads\/2019\/05\/Lucas-Biglia-milan-2-chievo-1-150x86.jpg 150w\" sizes=\"auto, (max-width: 620px) 100vw, 620px\" \/><\/figure>\n\n\n\n<p>Es por eso que desde la escuadra rossoneri aseguran que solo un centrocampista tiene asegurada la continuidad dentro del club para la 2019-2020:&nbsp;<strong>Lucas Paquet\u00e1<\/strong>.<\/p>\n\n\n\n<p>Y es que calciomercato.com se\u00f1al\u00f3 que el volante brasile\u00f1o ser\u00e1 pieza angular del futuro milanista, en tanto que&nbsp;<strong>Lucas Biglia, Tiemoue Bakayoko<\/strong>&nbsp;y&nbsp;<strong>Franck Kessi\u00e9<\/strong>&nbsp;ser\u00e1n puestos en el mercado, mientras que&nbsp;<strong>Jos\u00e9 Mauri, Riccardo Montolivo y Andrea Bertolacci<\/strong>&nbsp;ser\u00e1n bajas seguras.<\/p>\n\n\n\n<p>De los nombres citados en el p\u00e1rrafo anterior,&nbsp;<strong>Kessi\u00e9&nbsp;<\/strong>es el de mayor valor dentro del club, por lo que depender\u00e1 de la oferta que reciban en el San Siro para conocer si el marfile\u00f1o seguir\u00e1 vistiendo o no la camiseta rossoneri, en tanto que&nbsp;<strong>Bakayoko&nbsp;<\/strong>es ficha del&nbsp;<strong>Chelsea<\/strong>.<\/p>\n\n\n\n<p>Lo seguro del caso es que el&nbsp;<strong>AC Milan<\/strong>&nbsp;buscar\u00e1 depurar su sala de m\u00e1quinas con miras a la venidera temporada, donde dif\u00edcilmente est\u00e9n&nbsp;<strong>Lucas Biglia<\/strong>&nbsp;y&nbsp;<strong>Tiemoue Bakayoko<\/strong>, con la duda de&nbsp;<strong>Franck Kessie.<\/strong><\/p>\n","protected":false},"excerpt":{"rendered":"<p>Fichajes.net El\u00a0AC Milan\u00a0tiene dos jornadas por delante para dar el salto a puestos de UEFA Champions League y regresar tras &#8230; <a title=\"Lucas Biglia, uno de los transferibles en el Milan\" class=\"read-more\" href=\"https:\/\/www.hoymercedes.com.ar\/principal\/2019\/05\/19\/lucas-biglia-uno-de-los-transferibles-en-el-milan\/\" aria-label=\"Leer m\u00e1s sobre Lucas Biglia, uno de los transferibles en el Milan\">Leer m\u00e1s<\/a><\/p>\n","protected":false},"author":1,"featured_media":93244,"comment_status":"closed","ping_status":"open","sticky":false,"template":"","format":"standard","meta":{"_monsterinsights_skip_tracking":false,"_monsterinsights_sitenote_active":false,"_monsterinsights_sitenote_note":"","_monsterinsights_sitenote_category":0,"jetpack_post_was_ever_published":false,"_jetpack_newsletter_access":"","_jetpack_dont_email_post_to_subs":false,"_jetpack_newsletter_tier_id":0,"_jetpack_memberships_contains_paywalled_content":false,"_jetpack_memberships_contains_paid_content":false,"footnotes":"","jetpack_publicize_message":"","jetpack_publicize_feature_enabled":true,"jetpack_social_post_already_shared":true,"jetpack_social_options":{"image_generator_settings":{"template":"highway","default_image_id":0,"font":"","enabled":false},"version":2},"_wpas_customize_per_network":false},"categories":[21],"tags":[204,10510,305,10728],"class_list":["post-93243","post","type-post","status-publish","format-standard","has-post-thumbnail","hentry","category-deportes","tag-deportes-2","tag-futbol-internacional","tag-lucas-biglia","tag-serie-a","generate-columns","tablet-grid-50","mobile-grid-100","grid-parent","grid-50"],"jetpack_publicize_connections":[],"jetpack_featured_media_url":"https:\/\/www.hoymercedes.com.ar\/principal\/wp-content\/uploads\/2019\/05\/Lucas-Biglia-milan-2-chievo-1.jpg","wps_subtitle":"La Legi\u00f3n","jetpack_sharing_enabled":true,"_links":{"self":[{"href":"https:\/\/www.hoymercedes.com.ar\/principal\/wp-json\/wp\/v2\/posts\/93243","targetHints":{"allow":["GET"]}}],"collection":[{"href":"https:\/\/www.hoymercedes.com.ar\/principal\/wp-json\/wp\/v2\/posts"}],"about":[{"href":"https:\/\/www.hoymercedes.com.ar\/principal\/wp-json\/wp\/v2\/types\/post"}],"author":[{"embeddable":true,"href":"https:\/\/www.hoymercedes.com.ar\/principal\/wp-json\/wp\/v2\/users\/1"}],"replies":[{"embeddable":true,"href":"https:\/\/www.hoymercedes.com.ar\/principal\/wp-json\/wp\/v2\/comments?post=93243"}],"version-history":[{"count":0,"href":"https:\/\/www.hoymercedes.com.ar\/principal\/wp-json\/wp\/v2\/posts\/93243\/revisions"}],"wp:featuredmedia":[{"embeddable":true,"href":"https:\/\/www.hoymercedes.com.ar\/principal\/wp-json\/wp\/v2\/media\/93244"}],"wp:attachment":[{"href":"https:\/\/www.hoymercedes.com.ar\/principal\/wp-json\/wp\/v2\/media?parent=93243"}],"wp:term":[{"taxonomy":"category","embeddable":true,"href":"https:\/\/www.hoymercedes.com.ar\/principal\/wp-json\/wp\/v2\/categories?post=93243"},{"taxonomy":"post_tag","embeddable":true,"href":"https:\/\/www.hoymercedes.com.ar\/principal\/wp-json\/wp\/v2\/tags?post=93243"}],"curies":[{"name":"wp","href":"https:\/\/api.w.org\/{rel}","templated":true}]}}