{"id":9325,"date":"2011-11-24T11:36:45","date_gmt":"2011-11-24T11:36:45","guid":{"rendered":"http:\/\/www.hoymercedes.com.ar\/principal\/?p=9325"},"modified":"2011-11-24T11:38:51","modified_gmt":"2011-11-24T11:38:51","slug":"hilda-kogan-y-eva-giberti-disertaron-en-mercedes-sobre-violencia-domestica","status":"publish","type":"post","link":"https:\/\/www.hoymercedes.com.ar\/principal\/2011\/11\/24\/hilda-kogan-y-eva-giberti-disertaron-en-mercedes-sobre-violencia-domestica\/","title":{"rendered":"Hilda Kogan y Eva Giberti disertaron en Mercedes sobre violencia dom\u00e9stica"},"content":{"rendered":"<p><a href=\"https:\/\/www.hoymercedes.com.ar\/principal\/wp-content\/uploads\/2011\/11\/Hilda-Kogan-Eva-Giberti-Vero.jpg\"><img loading=\"lazy\" decoding=\"async\" data-attachment-id=\"9329\" data-permalink=\"https:\/\/www.hoymercedes.com.ar\/principal\/2011\/11\/24\/hilda-kogan-y-eva-giberti-disertaron-en-mercedes-sobre-violencia-domestica\/hilda-kogan-eva-giberti-vero\/#main\" data-orig-file=\"https:\/\/www.hoymercedes.com.ar\/principal\/wp-content\/uploads\/2011\/11\/Hilda-Kogan-Eva-Giberti-Vero.jpg\" data-orig-size=\"612,459\" data-comments-opened=\"1\" data-image-meta=\"{&quot;aperture&quot;:&quot;2.8&quot;,&quot;credit&quot;:&quot;&quot;,&quot;camera&quot;:&quot;COOLPIX L10&quot;,&quot;caption&quot;:&quot;&quot;,&quot;created_timestamp&quot;:&quot;1321887461&quot;,&quot;copyright&quot;:&quot;Copyright 2006&quot;,&quot;focal_length&quot;:&quot;6.2&quot;,&quot;iso&quot;:&quot;200&quot;,&quot;shutter_speed&quot;:&quot;0.016666666666667&quot;,&quot;title&quot;:&quot;&quot;}\" data-image-title=\"Hilda Kogan-Eva Giberti-Vero\" data-image-description=\"\" data-image-caption=\"\" data-large-file=\"https:\/\/www.hoymercedes.com.ar\/principal\/wp-content\/uploads\/2011\/11\/Hilda-Kogan-Eva-Giberti-Vero.jpg\" class=\"aligncenter size-full wp-image-9329\" title=\"Hilda Kogan-Eva Giberti-Vero\" src=\"https:\/\/www.hoymercedes.com.ar\/principal\/wp-content\/uploads\/2011\/11\/Hilda-Kogan-Eva-Giberti-Vero.jpg\" alt=\"\" width=\"612\" height=\"459\" \/><\/a><\/p>\n<p>Con un muy buen macro de publico que colm\u00f3 el sal\u00f3n de actos obligando a colocar sillas fuera del mismo para que al menos quienes no hab\u00edan podido ingresar siguieran la chara sentados, se llev\u00f3 a cabo ayer la disertaci\u00f3n de la Licencia Eva Giberti relacionada con Las Violencias organizado por el Colegio de Abogados de nuestra ciudad.<\/p>\n<p>Adem\u00e1s de Eva Giberti participaron de la charla la integrante del Departamento Judicial Moreno-Gral. Rodr\u00edguez Dra. Marta Guarino y la Ministro de la Suprema Corte de Justicia de la provincia de Buenos Aires Dra. Hilda Kogan qui\u00e9n fue la primera en dialogar con los medios de prensa sosteniendo acerca del tema convocante \u201cantes que nada quiero expresar que realmente se siento muy sorprendida pero muy contenta de que la Dra. Eva Giberti haya aceptado venir hasta esta ciudad de Mercedes sabiendo que se trata de una eminencia en la Argentina y en toda Am\u00e9rica latina en el tema de violencia y sobre todo en adopci\u00f3n siendo en estos momentos una de las funcionarias m\u00e1s importantes de la Argentina ya que se desempe\u00f1a en el Ministerio de Justicia.<\/p>\n<p>Ingresando ahora si en el tema que nos convoca yo dir\u00eda que el tema Familia es tal vez el elemento m\u00e1s importante para analizar que nos pasa en el pa\u00eds con las violencias y es algo que lo podemos ver entre todos, es decir ver como d\u00eda a d\u00eda se est\u00e1n rompiendo los valores de la organizaci\u00f3n familia y eso es lo que trae todo este problema de la violencia.<\/p>\n<p>Hoy le\u00edamos en los medio nacionales un informe del Dr. Zaffaroni que dice que la mayor\u00eda de los homicidios de los \u00faltimos tiempos han sido por problemas intrafamiliares.<\/p>\n<p>Pero adem\u00e1s hay otro tema que viene agregado al de la violencia y es muy importante para nosotros en la provincia de Buenos Aires que es la gran cantidad de chicos que tenemos institucionalizados y todos conocemos muy bien que la institucionalizaci\u00f3n no es lo mejor para ninguna criatura ya que lo importante para un chico es poder desarrollarse dentro del seno de una familia y en la medida que nosotros pongamos trabas en los procesos de adopci\u00f3n nos encontramos con miles de chicos en institutos y miles de familias dispuesta a efectuar una adopci\u00f3n\u201d.<\/p>\n<p>Por su parte la Dra. Eva Giberti comenz\u00f3 respondiendo a la pregunta relacionada a los motivos por los cuales no son frecuentes las denuncias sobre casos de violencias en los hogares sosteniendo \u201cla experiencia que tenemos con relaci\u00f3n a dicho enfoque, la m\u00eda por lo menos es de m\u00e1s de veinte a\u00f1os, y que desde hace ya muchos a\u00f1os venimos dentro del Programa Las V\u00edctimas contra LAS VIOLENCIAS es que la mujer no hace la denuncia porque se encuentra aterrorizada en primer t\u00e9rmino porque cuando recurre para lograr ayuda ya hace por lo menos cinco o seis a\u00f1os que viene siendo sometida a actos violentos entonces tiene mucho miedo que tras hacer la denuncia y el sujeto sea excluido del hogar que vuelva y todo sea peor, y por otro lado debido a que tienen dudas de la eficacia de esa denuncia, por ejemplo que no la tomen en serio, que no le crean, , que desconf\u00eden de lo que manifiesta o que digan que fue un simple desentendimiento familiar, es decir de convivencia. Esas son las dos razones de fondo para no hacer la denuncia incluso porque muchas veces el Derecho, que no quiere decir la justicia, responde como ser\u00eda de esperar poniendo al hombre en situaci\u00f3n del castigo correspondiente y a la mujer con el cuidado que necesita para que los hechos no se reiteren\u201d.<\/p>\n<p>Luego se refiri\u00f3 a los \u00faltimos casos de ni\u00f1os ultimados diciendo \u201ccreo que en el caso de Tom\u00e1s y no se muy bien si tambi\u00e9n en el de candela porque aun hay detalles desconocidos, bien se puede decir que se tratan de femicidios encubiertos, esto quiere decir v\u00e9nganse de la madres atacando lo que se supone m\u00e1s les va a doler y adem\u00e1s es un ataque ferozmente cruel porque de ese modo el homicida sigue viviendo dentro de la madre en el recuerdo del hijo asesinado y esto me parece es de lo que nos habla cuando decimos que hay individuos que han incrementado la crueldad del g\u00e9nero masculino con relaci\u00f3n a las mujeres. Creo que la idea de afectar a la mujer como venganza en lo que mas quieres (los hijos) ha sido el motivo de por lo menos dos de los tres \u00faltimos homicidios de ni\u00f1os\u201d<\/p>\n<p>Luego sostuvo \u201cen nuestro programa encontramos cada vez m\u00e1s mujeres quemadas lo cual es una novedad desde el 2009 en adelante\u201d<\/p>\n<p>Por \u00faltimo Eva Giberti dijo \u201cmuchas veces es tal el miedo que tiene la mujer al sometimiento que se le impone tras ser agredida que niega lo ocurrido diciendo por ejemplo fue un accidente, me lastim\u00e9 o queme sola mientras que los vecinos cuentan los dramas de violencia que se viven en la vivienda de la misma muchas veces transformado en un sistema organizado que bien puede ser hasta homicida debido justamente al incremento de la violencia masculina\u201d.<\/p>\n","protected":false},"excerpt":{"rendered":"<p>Con un muy buen macro de publico que colm\u00f3 el sal\u00f3n de actos obligando a colocar sillas fuera del mismo &#8230; <a title=\"Hilda Kogan y Eva Giberti disertaron en Mercedes sobre violencia dom\u00e9stica\" class=\"read-more\" href=\"https:\/\/www.hoymercedes.com.ar\/principal\/2011\/11\/24\/hilda-kogan-y-eva-giberti-disertaron-en-mercedes-sobre-violencia-domestica\/\" aria-label=\"Leer m\u00e1s sobre Hilda Kogan y Eva Giberti disertaron en Mercedes sobre violencia dom\u00e9stica\">Leer m\u00e1s<\/a><\/p>\n","protected":false},"author":1,"featured_media":0,"comment_status":"open","ping_status":"open","sticky":false,"template":"","format":"standard","meta":{"_monsterinsights_skip_tracking":false,"_monsterinsights_sitenote_active":false,"_monsterinsights_sitenote_note":"","_monsterinsights_sitenote_category":0,"jetpack_post_was_ever_published":false,"_jetpack_newsletter_access":"","_jetpack_dont_email_post_to_subs":false,"_jetpack_newsletter_tier_id":0,"_jetpack_memberships_contains_paywalled_content":false,"_jetpack_memberships_contains_paid_content":false,"footnotes":"","jetpack_publicize_message":"","jetpack_publicize_feature_enabled":true,"jetpack_social_post_already_shared":false,"jetpack_social_options":{"image_generator_settings":{"template":"highway","default_image_id":0,"font":"","enabled":false},"version":2},"_wpas_customize_per_network":false},"categories":[8],"tags":[1621,1622],"class_list":["post-9325","post","type-post","status-publish","format-standard","hentry","category-sociedad","tag-hilda-kogan-y-eva-giberti","tag-violencia-domestica","generate-columns","tablet-grid-50","mobile-grid-100","grid-parent","grid-50"],"jetpack_publicize_connections":[],"jetpack_featured_media_url":"","wps_subtitle":"","jetpack_sharing_enabled":true,"_links":{"self":[{"href":"https:\/\/www.hoymercedes.com.ar\/principal\/wp-json\/wp\/v2\/posts\/9325","targetHints":{"allow":["GET"]}}],"collection":[{"href":"https:\/\/www.hoymercedes.com.ar\/principal\/wp-json\/wp\/v2\/posts"}],"about":[{"href":"https:\/\/www.hoymercedes.com.ar\/principal\/wp-json\/wp\/v2\/types\/post"}],"author":[{"embeddable":true,"href":"https:\/\/www.hoymercedes.com.ar\/principal\/wp-json\/wp\/v2\/users\/1"}],"replies":[{"embeddable":true,"href":"https:\/\/www.hoymercedes.com.ar\/principal\/wp-json\/wp\/v2\/comments?post=9325"}],"version-history":[{"count":0,"href":"https:\/\/www.hoymercedes.com.ar\/principal\/wp-json\/wp\/v2\/posts\/9325\/revisions"}],"wp:attachment":[{"href":"https:\/\/www.hoymercedes.com.ar\/principal\/wp-json\/wp\/v2\/media?parent=9325"}],"wp:term":[{"taxonomy":"category","embeddable":true,"href":"https:\/\/www.hoymercedes.com.ar\/principal\/wp-json\/wp\/v2\/categories?post=9325"},{"taxonomy":"post_tag","embeddable":true,"href":"https:\/\/www.hoymercedes.com.ar\/principal\/wp-json\/wp\/v2\/tags?post=9325"}],"curies":[{"name":"wp","href":"https:\/\/api.w.org\/{rel}","templated":true}]}}