{"id":93252,"date":"2019-05-19T11:15:29","date_gmt":"2019-05-19T14:15:29","guid":{"rendered":"http:\/\/www.hoymercedes.com.ar\/principal\/?p=93252"},"modified":"2019-05-19T11:08:25","modified_gmt":"2019-05-19T14:08:25","slug":"orfebres-mercedinos-fueron-parte-de-exposicion-en-el-cabildo-de-buenos-aires","status":"publish","type":"post","link":"https:\/\/www.hoymercedes.com.ar\/principal\/2019\/05\/19\/orfebres-mercedinos-fueron-parte-de-exposicion-en-el-cabildo-de-buenos-aires\/","title":{"rendered":"Orfebres mercedinos fueron parte de exposici\u00f3n en el Cabildo de Buenos Aires"},"content":{"rendered":"\n<p>Lisandro Pauli,&nbsp;Javier&nbsp;Colmeiro&nbsp;y&nbsp;Manuel&nbsp;Badano fueron parte del taller de plater\u00eda en vivo que Emilio Patarca y sus estudiantes realizaron en el patio del Cabildo de Buenos Aires en la tarde del s\u00e1bado, como parte de las actividades de las celebraciones por la Semana de Mayo. <\/p>\n\n\n\n<figure class=\"wp-block-image\"><img loading=\"lazy\" decoding=\"async\" width=\"750\" height=\"500\" data-attachment-id=\"93255\" data-permalink=\"https:\/\/www.hoymercedes.com.ar\/principal\/2019\/05\/19\/orfebres-mercedinos-fueron-parte-de-exposicion-en-el-cabildo-de-buenos-aires\/19-orfebres-2\/#main\" data-orig-file=\"https:\/\/www.hoymercedes.com.ar\/principal\/wp-content\/uploads\/2019\/05\/19-orfebres-2.jpg\" data-orig-size=\"750,500\" data-comments-opened=\"0\" data-image-meta=\"{&quot;aperture&quot;:&quot;0&quot;,&quot;credit&quot;:&quot;&quot;,&quot;camera&quot;:&quot;&quot;,&quot;caption&quot;:&quot;&quot;,&quot;created_timestamp&quot;:&quot;0&quot;,&quot;copyright&quot;:&quot;&quot;,&quot;focal_length&quot;:&quot;0&quot;,&quot;iso&quot;:&quot;0&quot;,&quot;shutter_speed&quot;:&quot;0&quot;,&quot;title&quot;:&quot;&quot;,&quot;orientation&quot;:&quot;0&quot;}\" data-image-title=\"19 orfebres 2\" data-image-description=\"\" data-image-caption=\"\" data-large-file=\"https:\/\/www.hoymercedes.com.ar\/principal\/wp-content\/uploads\/2019\/05\/19-orfebres-2.jpg\" src=\"https:\/\/www.hoymercedes.com.ar\/principal\/wp-content\/uploads\/2019\/05\/19-orfebres-2.jpg\" alt=\"\" class=\"wp-image-93255\" srcset=\"https:\/\/www.hoymercedes.com.ar\/principal\/wp-content\/uploads\/2019\/05\/19-orfebres-2.jpg 750w, https:\/\/www.hoymercedes.com.ar\/principal\/wp-content\/uploads\/2019\/05\/19-orfebres-2-150x100.jpg 150w, https:\/\/www.hoymercedes.com.ar\/principal\/wp-content\/uploads\/2019\/05\/19-orfebres-2-630x420.jpg 630w, https:\/\/www.hoymercedes.com.ar\/principal\/wp-content\/uploads\/2019\/05\/19-orfebres-2-720x480.jpg 720w, https:\/\/www.hoymercedes.com.ar\/principal\/wp-content\/uploads\/2019\/05\/19-orfebres-2-360x240.jpg 360w\" sizes=\"auto, (max-width: 750px) 100vw, 750px\" \/><\/figure>\n\n\n\n<p>T\u00e9cnicas de batido, forjado, rectificado, modelado de metal sobre pastas blandas, cincelado, tratamientos de superficie, dibujo y escultura, fueron parte de la demostraci\u00f3n colectiva de orfebrer\u00eda. M\u00e1s de 30 alumnos del Patarca participaron del acontecimiento entre los que se encontraban los tres mercedinos.  <\/p>\n\n\n\n<p>\u00abA la gente le llama la atenci\u00f3n el proceso. Siempre cuando se va a una muestra se ve la pieza terminada y aqu\u00ed se puede ver c\u00f3mo se hace\u00bb, marc\u00f3 el mercedino Javier Colmeiro. Por su parte, Lisandro Pauli&nbsp;destac\u00f3 el trabajo en vivo ante el p\u00fablico en donde ellos ten\u00edan que hacer el plano y concretar la idea. <\/p>\n\n\n\n<figure class=\"wp-block-image\"><img loading=\"lazy\" decoding=\"async\" width=\"750\" height=\"422\" data-attachment-id=\"93256\" data-permalink=\"https:\/\/www.hoymercedes.com.ar\/principal\/2019\/05\/19\/orfebres-mercedinos-fueron-parte-de-exposicion-en-el-cabildo-de-buenos-aires\/19-orfebres-3\/#main\" data-orig-file=\"https:\/\/www.hoymercedes.com.ar\/principal\/wp-content\/uploads\/2019\/05\/19-orfebres-3.jpg\" data-orig-size=\"750,422\" data-comments-opened=\"0\" data-image-meta=\"{&quot;aperture&quot;:&quot;0&quot;,&quot;credit&quot;:&quot;&quot;,&quot;camera&quot;:&quot;&quot;,&quot;caption&quot;:&quot;&quot;,&quot;created_timestamp&quot;:&quot;0&quot;,&quot;copyright&quot;:&quot;&quot;,&quot;focal_length&quot;:&quot;0&quot;,&quot;iso&quot;:&quot;0&quot;,&quot;shutter_speed&quot;:&quot;0&quot;,&quot;title&quot;:&quot;&quot;,&quot;orientation&quot;:&quot;0&quot;}\" data-image-title=\"19 orfebres 3\" data-image-description=\"\" data-image-caption=\"\" data-large-file=\"https:\/\/www.hoymercedes.com.ar\/principal\/wp-content\/uploads\/2019\/05\/19-orfebres-3.jpg\" src=\"https:\/\/www.hoymercedes.com.ar\/principal\/wp-content\/uploads\/2019\/05\/19-orfebres-3.jpg\" alt=\"\" class=\"wp-image-93256\" srcset=\"https:\/\/www.hoymercedes.com.ar\/principal\/wp-content\/uploads\/2019\/05\/19-orfebres-3.jpg 750w, https:\/\/www.hoymercedes.com.ar\/principal\/wp-content\/uploads\/2019\/05\/19-orfebres-3-150x84.jpg 150w, https:\/\/www.hoymercedes.com.ar\/principal\/wp-content\/uploads\/2019\/05\/19-orfebres-3-630x354.jpg 630w\" sizes=\"auto, (max-width: 750px) 100vw, 750px\" \/><\/figure>\n\n\n\n<p>\u00abHab\u00eda que corregir, desarrollar la parte ornamental, todo es indispensable. El martillado, limado y el proceso del fuego de calentar y enfriar la pieza. Uno no ve qu\u00e9 pasa pero se le devuelve al material la maleabilidad, se le quita la tensi\u00f3n del martilado y es algo primordial para lograr cualquier pieza\u00bb, agreg\u00f3 Pauli. <\/p>\n\n\n\n<figure class=\"wp-block-image\"><img loading=\"lazy\" decoding=\"async\" width=\"750\" height=\"422\" data-attachment-id=\"93254\" data-permalink=\"https:\/\/www.hoymercedes.com.ar\/principal\/2019\/05\/19\/orfebres-mercedinos-fueron-parte-de-exposicion-en-el-cabildo-de-buenos-aires\/19-orfebres-1\/#main\" data-orig-file=\"https:\/\/www.hoymercedes.com.ar\/principal\/wp-content\/uploads\/2019\/05\/19-orfebres-1.jpg\" data-orig-size=\"750,422\" data-comments-opened=\"0\" data-image-meta=\"{&quot;aperture&quot;:&quot;0&quot;,&quot;credit&quot;:&quot;&quot;,&quot;camera&quot;:&quot;&quot;,&quot;caption&quot;:&quot;&quot;,&quot;created_timestamp&quot;:&quot;0&quot;,&quot;copyright&quot;:&quot;&quot;,&quot;focal_length&quot;:&quot;0&quot;,&quot;iso&quot;:&quot;0&quot;,&quot;shutter_speed&quot;:&quot;0&quot;,&quot;title&quot;:&quot;&quot;,&quot;orientation&quot;:&quot;0&quot;}\" data-image-title=\"19 orfebres 1\" data-image-description=\"\" data-image-caption=\"\" data-large-file=\"https:\/\/www.hoymercedes.com.ar\/principal\/wp-content\/uploads\/2019\/05\/19-orfebres-1.jpg\" src=\"https:\/\/www.hoymercedes.com.ar\/principal\/wp-content\/uploads\/2019\/05\/19-orfebres-1.jpg\" alt=\"\" class=\"wp-image-93254\" srcset=\"https:\/\/www.hoymercedes.com.ar\/principal\/wp-content\/uploads\/2019\/05\/19-orfebres-1.jpg 750w, https:\/\/www.hoymercedes.com.ar\/principal\/wp-content\/uploads\/2019\/05\/19-orfebres-1-150x84.jpg 150w, https:\/\/www.hoymercedes.com.ar\/principal\/wp-content\/uploads\/2019\/05\/19-orfebres-1-630x354.jpg 630w\" sizes=\"auto, (max-width: 750px) 100vw, 750px\" \/><\/figure>\n\n\n\n<p><\/p>\n","protected":false},"excerpt":{"rendered":"<p>Lisandro Pauli,&nbsp;Javier&nbsp;Colmeiro&nbsp;y&nbsp;Manuel&nbsp;Badano fueron parte del taller de plater\u00eda en vivo que Emilio Patarca y sus estudiantes realizaron en el patio &#8230; <a title=\"Orfebres mercedinos fueron parte de exposici\u00f3n en el Cabildo de Buenos Aires\" class=\"read-more\" href=\"https:\/\/www.hoymercedes.com.ar\/principal\/2019\/05\/19\/orfebres-mercedinos-fueron-parte-de-exposicion-en-el-cabildo-de-buenos-aires\/\" aria-label=\"Leer m\u00e1s sobre Orfebres mercedinos fueron parte de exposici\u00f3n en el Cabildo de Buenos Aires\">Leer m\u00e1s<\/a><\/p>\n","protected":false},"author":1,"featured_media":93254,"comment_status":"closed","ping_status":"open","sticky":false,"template":"","format":"standard","meta":{"_monsterinsights_skip_tracking":false,"_monsterinsights_sitenote_active":false,"_monsterinsights_sitenote_note":"","_monsterinsights_sitenote_category":0,"jetpack_post_was_ever_published":false,"_jetpack_newsletter_access":"","_jetpack_dont_email_post_to_subs":false,"_jetpack_newsletter_tier_id":0,"_jetpack_memberships_contains_paywalled_content":false,"_jetpack_memberships_contains_paid_content":false,"footnotes":"","jetpack_publicize_message":"","jetpack_publicize_feature_enabled":true,"jetpack_social_post_already_shared":true,"jetpack_social_options":{"image_generator_settings":{"template":"highway","default_image_id":0,"font":"","enabled":false},"version":2},"_wpas_customize_per_network":false},"categories":[104],"tags":[15098,7805,14078],"class_list":["post-93252","post","type-post","status-publish","format-standard","has-post-thumbnail","hentry","category-cultura","tag-cabildo-de-buenos-aires","tag-cultura","tag-orfebreria","generate-columns","tablet-grid-50","mobile-grid-100","grid-parent","grid-50"],"jetpack_publicize_connections":[],"jetpack_featured_media_url":"https:\/\/www.hoymercedes.com.ar\/principal\/wp-content\/uploads\/2019\/05\/19-orfebres-1.jpg","wps_subtitle":"El d\u00eda s\u00e1bado","jetpack_sharing_enabled":true,"_links":{"self":[{"href":"https:\/\/www.hoymercedes.com.ar\/principal\/wp-json\/wp\/v2\/posts\/93252","targetHints":{"allow":["GET"]}}],"collection":[{"href":"https:\/\/www.hoymercedes.com.ar\/principal\/wp-json\/wp\/v2\/posts"}],"about":[{"href":"https:\/\/www.hoymercedes.com.ar\/principal\/wp-json\/wp\/v2\/types\/post"}],"author":[{"embeddable":true,"href":"https:\/\/www.hoymercedes.com.ar\/principal\/wp-json\/wp\/v2\/users\/1"}],"replies":[{"embeddable":true,"href":"https:\/\/www.hoymercedes.com.ar\/principal\/wp-json\/wp\/v2\/comments?post=93252"}],"version-history":[{"count":0,"href":"https:\/\/www.hoymercedes.com.ar\/principal\/wp-json\/wp\/v2\/posts\/93252\/revisions"}],"wp:featuredmedia":[{"embeddable":true,"href":"https:\/\/www.hoymercedes.com.ar\/principal\/wp-json\/wp\/v2\/media\/93254"}],"wp:attachment":[{"href":"https:\/\/www.hoymercedes.com.ar\/principal\/wp-json\/wp\/v2\/media?parent=93252"}],"wp:term":[{"taxonomy":"category","embeddable":true,"href":"https:\/\/www.hoymercedes.com.ar\/principal\/wp-json\/wp\/v2\/categories?post=93252"},{"taxonomy":"post_tag","embeddable":true,"href":"https:\/\/www.hoymercedes.com.ar\/principal\/wp-json\/wp\/v2\/tags?post=93252"}],"curies":[{"name":"wp","href":"https:\/\/api.w.org\/{rel}","templated":true}]}}