{"id":93258,"date":"2019-05-19T07:49:27","date_gmt":"2019-05-19T10:49:27","guid":{"rendered":"http:\/\/www.hoymercedes.com.ar\/principal\/?p=93258"},"modified":"2019-05-19T11:17:11","modified_gmt":"2019-05-19T14:17:11","slug":"jornada-de-plantacion-y-fito-remediacion-en-el-parque-municipal","status":"publish","type":"post","link":"https:\/\/www.hoymercedes.com.ar\/principal\/2019\/05\/19\/jornada-de-plantacion-y-fito-remediacion-en-el-parque-municipal\/","title":{"rendered":"Jornada de plantaci\u00f3n y fito remediaci\u00f3n en el Parque Municipal"},"content":{"rendered":"\n<p>Durante la jornada del d\u00eda s\u00e1bado se llev\u00f3 a cabo un evento ambiental con el fin de hacer una re forestaci\u00f3n y colocaci\u00f3n de plantas nativas \u201cvetiveria\u201d para fitoremediaci\u00f3n con productos del Vivero Biotecnol\u00f3gico Municipal. <\/p>\n\n\n\n<figure class=\"wp-block-image\"><img loading=\"lazy\" decoding=\"async\" width=\"750\" height=\"750\" data-attachment-id=\"93261\" data-permalink=\"https:\/\/www.hoymercedes.com.ar\/principal\/2019\/05\/19\/jornada-de-plantacion-y-fito-remediacion-en-el-parque-municipal\/19-parque-cuidado-3\/#main\" data-orig-file=\"https:\/\/www.hoymercedes.com.ar\/principal\/wp-content\/uploads\/2019\/05\/19-parque-cuidado-3.jpg\" data-orig-size=\"750,750\" data-comments-opened=\"0\" data-image-meta=\"{&quot;aperture&quot;:&quot;0&quot;,&quot;credit&quot;:&quot;&quot;,&quot;camera&quot;:&quot;&quot;,&quot;caption&quot;:&quot;&quot;,&quot;created_timestamp&quot;:&quot;0&quot;,&quot;copyright&quot;:&quot;&quot;,&quot;focal_length&quot;:&quot;0&quot;,&quot;iso&quot;:&quot;0&quot;,&quot;shutter_speed&quot;:&quot;0&quot;,&quot;title&quot;:&quot;&quot;,&quot;orientation&quot;:&quot;0&quot;}\" data-image-title=\"19 parque cuidado 3\" data-image-description=\"\" data-image-caption=\"\" data-large-file=\"https:\/\/www.hoymercedes.com.ar\/principal\/wp-content\/uploads\/2019\/05\/19-parque-cuidado-3.jpg\" src=\"https:\/\/www.hoymercedes.com.ar\/principal\/wp-content\/uploads\/2019\/05\/19-parque-cuidado-3.jpg\" alt=\"\" class=\"wp-image-93261\" srcset=\"https:\/\/www.hoymercedes.com.ar\/principal\/wp-content\/uploads\/2019\/05\/19-parque-cuidado-3.jpg 750w, https:\/\/www.hoymercedes.com.ar\/principal\/wp-content\/uploads\/2019\/05\/19-parque-cuidado-3-150x150.jpg 150w, https:\/\/www.hoymercedes.com.ar\/principal\/wp-content\/uploads\/2019\/05\/19-parque-cuidado-3-620x620.jpg 620w, https:\/\/www.hoymercedes.com.ar\/principal\/wp-content\/uploads\/2019\/05\/19-parque-cuidado-3-100x100.jpg 100w\" sizes=\"auto, (max-width: 750px) 100vw, 750px\" \/><\/figure>\n\n\n\n<p>\u201cRealizamos una jornada de plantaci\u00f3n comunitaria de \u00e1rboles nativos y vetiveria\u201d dijo Juan Cruz Mend\u00eda, responsable del departamento de ambiente municipal, a lo que agreg\u00f3 que \u201ces parte del programa de fitoremediaci\u00f3n y es una intervenci\u00f3n m\u00e1s que sumamos. Ya hicimos el denominado zanj\u00f3n de la 15, ahora toc\u00f3 el parque y luego iremos hacia el zanj\u00f3n de la 16\u201d.<\/p>\n\n\n\n<p>\u201cSu pusieron m\u00e1s de 200 vetiverias, adem\u00e1s de sauces, acacia manza, espinillo, entre otros, todos nativos. Las vetiverias tienen un alto nivel de absorci\u00f3n de contaminantes org\u00e1nicos y metales pesados. La fitoremediaci\u00f3n consiste en la depuraci\u00f3n e aguas y suelos utilizando plantas\u201d, resalt\u00f3 el funcionaria del \u00e1rea.<\/p>\n\n\n\n<figure class=\"wp-block-image\"><img loading=\"lazy\" decoding=\"async\" width=\"750\" height=\"750\" data-attachment-id=\"93260\" data-permalink=\"https:\/\/www.hoymercedes.com.ar\/principal\/2019\/05\/19\/jornada-de-plantacion-y-fito-remediacion-en-el-parque-municipal\/19-parque-cuidado-2\/#main\" data-orig-file=\"https:\/\/www.hoymercedes.com.ar\/principal\/wp-content\/uploads\/2019\/05\/19-parque-cuidado-2.jpg\" data-orig-size=\"750,750\" data-comments-opened=\"0\" data-image-meta=\"{&quot;aperture&quot;:&quot;0&quot;,&quot;credit&quot;:&quot;&quot;,&quot;camera&quot;:&quot;&quot;,&quot;caption&quot;:&quot;&quot;,&quot;created_timestamp&quot;:&quot;0&quot;,&quot;copyright&quot;:&quot;&quot;,&quot;focal_length&quot;:&quot;0&quot;,&quot;iso&quot;:&quot;0&quot;,&quot;shutter_speed&quot;:&quot;0&quot;,&quot;title&quot;:&quot;&quot;,&quot;orientation&quot;:&quot;0&quot;}\" data-image-title=\"19 parque cuidado 2\" data-image-description=\"\" data-image-caption=\"\" data-large-file=\"https:\/\/www.hoymercedes.com.ar\/principal\/wp-content\/uploads\/2019\/05\/19-parque-cuidado-2.jpg\" src=\"https:\/\/www.hoymercedes.com.ar\/principal\/wp-content\/uploads\/2019\/05\/19-parque-cuidado-2.jpg\" alt=\"\" class=\"wp-image-93260\" srcset=\"https:\/\/www.hoymercedes.com.ar\/principal\/wp-content\/uploads\/2019\/05\/19-parque-cuidado-2.jpg 750w, https:\/\/www.hoymercedes.com.ar\/principal\/wp-content\/uploads\/2019\/05\/19-parque-cuidado-2-150x150.jpg 150w, https:\/\/www.hoymercedes.com.ar\/principal\/wp-content\/uploads\/2019\/05\/19-parque-cuidado-2-620x620.jpg 620w, https:\/\/www.hoymercedes.com.ar\/principal\/wp-content\/uploads\/2019\/05\/19-parque-cuidado-2-100x100.jpg 100w\" sizes=\"auto, (max-width: 750px) 100vw, 750px\" \/><\/figure>\n","protected":false},"excerpt":{"rendered":"<p>Durante la jornada del d\u00eda s\u00e1bado se llev\u00f3 a cabo un evento ambiental con el fin de hacer una re &#8230; <a title=\"Jornada de plantaci\u00f3n y fito remediaci\u00f3n en el Parque Municipal\" class=\"read-more\" href=\"https:\/\/www.hoymercedes.com.ar\/principal\/2019\/05\/19\/jornada-de-plantacion-y-fito-remediacion-en-el-parque-municipal\/\" aria-label=\"Leer m\u00e1s sobre Jornada de plantaci\u00f3n y fito remediaci\u00f3n en el Parque Municipal\">Leer m\u00e1s<\/a><\/p>\n","protected":false},"author":1,"featured_media":93259,"comment_status":"closed","ping_status":"open","sticky":false,"template":"","format":"standard","meta":{"_monsterinsights_skip_tracking":false,"_monsterinsights_sitenote_active":false,"_monsterinsights_sitenote_note":"","_monsterinsights_sitenote_category":0,"jetpack_post_was_ever_published":false,"_jetpack_newsletter_access":"","_jetpack_dont_email_post_to_subs":false,"_jetpack_newsletter_tier_id":0,"_jetpack_memberships_contains_paywalled_content":false,"_jetpack_memberships_contains_paid_content":false,"footnotes":"","jetpack_publicize_message":"","jetpack_publicize_feature_enabled":true,"jetpack_social_post_already_shared":true,"jetpack_social_options":{"image_generator_settings":{"template":"highway","default_image_id":0,"font":"","enabled":false},"version":2},"_wpas_customize_per_network":false},"categories":[30],"tags":[9001,244,1551,15099],"class_list":["post-93258","post","type-post","status-publish","format-standard","has-post-thumbnail","hentry","category-municipio","tag-ambiente","tag-municipio-2","tag-parque-municipal","tag-plantacion","generate-columns","tablet-grid-50","mobile-grid-100","grid-parent","grid-50"],"jetpack_publicize_connections":[],"jetpack_featured_media_url":"https:\/\/www.hoymercedes.com.ar\/principal\/wp-content\/uploads\/2019\/05\/19-parque-cuidado-1.jpg","wps_subtitle":"Ambiente","jetpack_sharing_enabled":true,"_links":{"self":[{"href":"https:\/\/www.hoymercedes.com.ar\/principal\/wp-json\/wp\/v2\/posts\/93258","targetHints":{"allow":["GET"]}}],"collection":[{"href":"https:\/\/www.hoymercedes.com.ar\/principal\/wp-json\/wp\/v2\/posts"}],"about":[{"href":"https:\/\/www.hoymercedes.com.ar\/principal\/wp-json\/wp\/v2\/types\/post"}],"author":[{"embeddable":true,"href":"https:\/\/www.hoymercedes.com.ar\/principal\/wp-json\/wp\/v2\/users\/1"}],"replies":[{"embeddable":true,"href":"https:\/\/www.hoymercedes.com.ar\/principal\/wp-json\/wp\/v2\/comments?post=93258"}],"version-history":[{"count":0,"href":"https:\/\/www.hoymercedes.com.ar\/principal\/wp-json\/wp\/v2\/posts\/93258\/revisions"}],"wp:featuredmedia":[{"embeddable":true,"href":"https:\/\/www.hoymercedes.com.ar\/principal\/wp-json\/wp\/v2\/media\/93259"}],"wp:attachment":[{"href":"https:\/\/www.hoymercedes.com.ar\/principal\/wp-json\/wp\/v2\/media?parent=93258"}],"wp:term":[{"taxonomy":"category","embeddable":true,"href":"https:\/\/www.hoymercedes.com.ar\/principal\/wp-json\/wp\/v2\/categories?post=93258"},{"taxonomy":"post_tag","embeddable":true,"href":"https:\/\/www.hoymercedes.com.ar\/principal\/wp-json\/wp\/v2\/tags?post=93258"}],"curies":[{"name":"wp","href":"https:\/\/api.w.org\/{rel}","templated":true}]}}