{"id":93267,"date":"2019-05-19T18:23:53","date_gmt":"2019-05-19T21:23:53","guid":{"rendered":"http:\/\/www.hoymercedes.com.ar\/principal\/?p=93267"},"modified":"2019-05-19T18:29:07","modified_gmt":"2019-05-19T21:29:07","slug":"incidentes-durante-la-marcha-por-rodrigo-gonzalez","status":"publish","type":"post","link":"https:\/\/www.hoymercedes.com.ar\/principal\/2019\/05\/19\/incidentes-durante-la-marcha-por-rodrigo-gonzalez\/","title":{"rendered":"Incidentes durante la marcha por Rodrigo Gonz\u00e1lez"},"content":{"rendered":"\n<p><em>El s\u00e1bado por la tarde en el puente de acceso a la localidad, durante una nueva marcha para reclamar justicia por la muerte de Rodrigo Gonzalez de Mercedes, ocurrida en febrero. Ante la llegada de un m\u00f3vil policial, un grupo de personas atac\u00f3 a piedrazos e intent\u00f3 volcarlo. Los efectivos respondieron con disparos de postas de goma.<\/em><\/p>\n\n\n\n<figure class=\"wp-block-image\"><img loading=\"lazy\" decoding=\"async\" width=\"750\" height=\"563\" data-attachment-id=\"93268\" data-permalink=\"https:\/\/www.hoymercedes.com.ar\/principal\/2019\/05\/19\/incidentes-durante-la-marcha-por-rodrigo-gonzalez\/19-olivera-patrullero-atacado-696x522\/#main\" data-orig-file=\"https:\/\/www.hoymercedes.com.ar\/principal\/wp-content\/uploads\/2019\/05\/19-Olivera-Patrullero-Atacado-696x522.jpg\" data-orig-size=\"750,563\" data-comments-opened=\"0\" data-image-meta=\"{&quot;aperture&quot;:&quot;0&quot;,&quot;credit&quot;:&quot;&quot;,&quot;camera&quot;:&quot;&quot;,&quot;caption&quot;:&quot;&quot;,&quot;created_timestamp&quot;:&quot;0&quot;,&quot;copyright&quot;:&quot;&quot;,&quot;focal_length&quot;:&quot;0&quot;,&quot;iso&quot;:&quot;0&quot;,&quot;shutter_speed&quot;:&quot;0&quot;,&quot;title&quot;:&quot;&quot;,&quot;orientation&quot;:&quot;0&quot;}\" data-image-title=\"19 Olivera-Patrullero-Atacado-696&amp;#215;522\" data-image-description=\"\" data-image-caption=\"\" data-large-file=\"https:\/\/www.hoymercedes.com.ar\/principal\/wp-content\/uploads\/2019\/05\/19-Olivera-Patrullero-Atacado-696x522.jpg\" src=\"https:\/\/www.hoymercedes.com.ar\/principal\/wp-content\/uploads\/2019\/05\/19-Olivera-Patrullero-Atacado-696x522.jpg\" alt=\"\" class=\"wp-image-93268\" srcset=\"https:\/\/www.hoymercedes.com.ar\/principal\/wp-content\/uploads\/2019\/05\/19-Olivera-Patrullero-Atacado-696x522.jpg 750w, https:\/\/www.hoymercedes.com.ar\/principal\/wp-content\/uploads\/2019\/05\/19-Olivera-Patrullero-Atacado-696x522-150x113.jpg 150w, https:\/\/www.hoymercedes.com.ar\/principal\/wp-content\/uploads\/2019\/05\/19-Olivera-Patrullero-Atacado-696x522-630x473.jpg 630w, https:\/\/www.hoymercedes.com.ar\/principal\/wp-content\/uploads\/2019\/05\/19-Olivera-Patrullero-Atacado-696x522-320x240.jpg 320w, https:\/\/www.hoymercedes.com.ar\/principal\/wp-content\/uploads\/2019\/05\/19-Olivera-Patrullero-Atacado-696x522-100x75.jpg 100w\" sizes=\"auto, (max-width: 750px) 100vw, 750px\" \/><\/figure>\n\n\n\n<p>Serios incidentes se produjeron este s\u00e1bado por la tarde en el ingreso a la localidad de Olivera, cuando un grupo de personas llegadas desde Mercedes para recordar y reclamar justicia por la&nbsp;<a href=\"https:\/\/www.lujanhoy.com.ar\/2019\/02\/15\/un-joven-motociclista-murio-en-el-puente-de-olivera\/\" target=\"_blank\" rel=\"noopener\">muerte de Rodrigo Joel Gonz\u00e1lez<\/a>&nbsp;-ocurrida el 15 de febrero de este a\u00f1o- atacaron a piedrazos un m\u00f3vil policial e intentaron volcarlo.<\/p>\n\n\n\n<p>Seg\u00fan informaron desde la Comisar\u00eda Luj\u00e1n Segunda de J\u00e1uregui, este s\u00e1bado alrededor de las 16 se constituyeron \u201csorpresivamente en el kilometro 81,500 de la Autopista 5, a la altura del puente de acceso a Olivera, familiares y allegados del fallecido Rodrigo Joel Gonz\u00e1lez, m\u00e1s precisamente un grupo de 100 personas aproximadamente a bordo motoveh\u00edculos de diferentes cilindradas, con intenciones de conmemorar el deceso del nombrado\u201d.<\/p>\n\n\n\n<p>Pero de acuerdo al relato policial, \u201cmientras esto se desarrollaba los conductores de las motos comenzaron a realizar maniobras de destrezas e intempestivas, alterando y perjudicando la normal fluidez del tr\u00e1nsito, lo que deriv\u00f3 en un llamado al sistema de emergencias 911 por parte de personas afectadas en el libre tr\u00e1nsito\u201d.<\/p>\n\n\n\n<p>Ante ello, se constituy\u00f3 en el lugar un m\u00f3vil del Comando de Patrullas de Luj\u00e1n, afectado a la recorrida de la zona. Pero \u201cal intentar mantener un di\u00e1logo con los individuos para que cesen en su accionar, estos, que los superaban claramente, lejos de acatar las directivas impartidas les propinaron golpes al patrullero, arrojaron piedras contra la unidad (da\u00f1andolo) y la zamarrearon intentando volcarla, tras manifestar a viva voz que esta vez no lograr\u00edan impedirle el ingreso al pueblo y podr\u00edan hacer justicia\u201d, detallaron.<\/p>\n\n\n\n<p>Producto de esta situaci\u00f3n, \u201clos uniformados se vieron obligados a utilizar munici\u00f3n AT (antitumulto \u2013 posta de goma) y lograron que desistan de su acci\u00f3n contra el patrullero. Y se constat\u00f3 poco despu\u00e9s de la sustracci\u00f3n de elementos de seguridad utilizados en los operativos de interceptaci\u00f3n\u201d.<\/p>\n\n\n\n<p>Finalmente, al llegar los refuerzos, la situaci\u00f3n volvi\u00f3 a la normalidad y los manifestantes regresaron a Mercedes, \u201cdesde donde provienen cada vez que realizan estas conmemoraciones, no sin antes realizar sus provocativas destrezas con los motoveh\u00edculos\u201d, indicaron desde la seccional de J\u00e1uregui.<\/p>\n\n\n\n<p>Tras los incidentes, la Polic\u00eda analiza las c\u00e1maras de seguridad del lugar para determinar los autores de los hechos. En tanto, se iniciaron actuaciones por \u201cda\u00f1os y otros\u201d, con intervenci\u00f3n de la Fiscal\u00eda N\u00b0 10 a cargo del doctor Pablo Vieiro.<\/p>\n\n\n\n<p>Fuente: Lujan Hoy<\/p>\n","protected":false},"excerpt":{"rendered":"<p>El s\u00e1bado por la tarde en el puente de acceso a la localidad, durante una nueva marcha para reclamar justicia &#8230; <a title=\"Incidentes durante la marcha por Rodrigo Gonz\u00e1lez\" class=\"read-more\" href=\"https:\/\/www.hoymercedes.com.ar\/principal\/2019\/05\/19\/incidentes-durante-la-marcha-por-rodrigo-gonzalez\/\" aria-label=\"Leer m\u00e1s sobre Incidentes durante la marcha por Rodrigo Gonz\u00e1lez\">Leer m\u00e1s<\/a><\/p>\n","protected":false},"author":1,"featured_media":93268,"comment_status":"closed","ping_status":"open","sticky":false,"template":"","format":"standard","meta":{"_monsterinsights_skip_tracking":false,"_monsterinsights_sitenote_active":false,"_monsterinsights_sitenote_note":"","_monsterinsights_sitenote_category":0,"jetpack_post_was_ever_published":false,"_jetpack_newsletter_access":"","_jetpack_dont_email_post_to_subs":false,"_jetpack_newsletter_tier_id":0,"_jetpack_memberships_contains_paywalled_content":false,"_jetpack_memberships_contains_paid_content":false,"footnotes":"","jetpack_publicize_message":"","jetpack_publicize_feature_enabled":true,"jetpack_social_post_already_shared":true,"jetpack_social_options":{"image_generator_settings":{"template":"highway","default_image_id":0,"font":"","enabled":false},"version":2},"_wpas_customize_per_network":false},"categories":[85],"tags":[15100,7278,519,96,830,10395],"class_list":["post-93267","post","type-post","status-publish","format-standard","has-post-thumbnail","hentry","category-policial","tag-incidentes","tag-olivera","tag-pedido-de-justicia","tag-policial-2","tag-protesta","tag-siniestro-vial","generate-columns","tablet-grid-50","mobile-grid-100","grid-parent","grid-50"],"jetpack_publicize_connections":[],"jetpack_featured_media_url":"https:\/\/www.hoymercedes.com.ar\/principal\/wp-content\/uploads\/2019\/05\/19-Olivera-Patrullero-Atacado-696x522.jpg","wps_subtitle":"","jetpack_sharing_enabled":true,"_links":{"self":[{"href":"https:\/\/www.hoymercedes.com.ar\/principal\/wp-json\/wp\/v2\/posts\/93267","targetHints":{"allow":["GET"]}}],"collection":[{"href":"https:\/\/www.hoymercedes.com.ar\/principal\/wp-json\/wp\/v2\/posts"}],"about":[{"href":"https:\/\/www.hoymercedes.com.ar\/principal\/wp-json\/wp\/v2\/types\/post"}],"author":[{"embeddable":true,"href":"https:\/\/www.hoymercedes.com.ar\/principal\/wp-json\/wp\/v2\/users\/1"}],"replies":[{"embeddable":true,"href":"https:\/\/www.hoymercedes.com.ar\/principal\/wp-json\/wp\/v2\/comments?post=93267"}],"version-history":[{"count":0,"href":"https:\/\/www.hoymercedes.com.ar\/principal\/wp-json\/wp\/v2\/posts\/93267\/revisions"}],"wp:featuredmedia":[{"embeddable":true,"href":"https:\/\/www.hoymercedes.com.ar\/principal\/wp-json\/wp\/v2\/media\/93268"}],"wp:attachment":[{"href":"https:\/\/www.hoymercedes.com.ar\/principal\/wp-json\/wp\/v2\/media?parent=93267"}],"wp:term":[{"taxonomy":"category","embeddable":true,"href":"https:\/\/www.hoymercedes.com.ar\/principal\/wp-json\/wp\/v2\/categories?post=93267"},{"taxonomy":"post_tag","embeddable":true,"href":"https:\/\/www.hoymercedes.com.ar\/principal\/wp-json\/wp\/v2\/tags?post=93267"}],"curies":[{"name":"wp","href":"https:\/\/api.w.org\/{rel}","templated":true}]}}