{"id":93270,"date":"2019-05-19T19:00:34","date_gmt":"2019-05-19T22:00:34","guid":{"rendered":"http:\/\/www.hoymercedes.com.ar\/principal\/?p=93270"},"modified":"2019-05-19T18:37:42","modified_gmt":"2019-05-19T21:37:42","slug":"investigan-hurto-que-derivo-en-aprehension-ciudadana","status":"publish","type":"post","link":"https:\/\/www.hoymercedes.com.ar\/principal\/2019\/05\/19\/investigan-hurto-que-derivo-en-aprehension-ciudadana\/","title":{"rendered":"Investigan hurto que deriv\u00f3 en aprehensi\u00f3n ciudadana"},"content":{"rendered":"\n<p>El viernes cerca del mediod\u00eda, un sujeto junto a tres mujeres llegaron a un local comercial del rubro relojer\u00eda y joyer\u00eda ubicada en calle 18 casi esquina 25 de la ciudad de Mercedes, con intenciones de hacerse de forma ileg\u00edtima de mercader\u00eda provista en dicho lugar. <\/p>\n\n\n\n<p>Utilizando maniobras de distracci\u00f3n, el hombre \u2013oriundo de Moreno- logr\u00f3 hacerse con joyas pero posteriormente fue aprehendido y puesto a disposici\u00f3n de la UFIJ N.\u00ba 2 a cargo del doctor Sebasti\u00e1n Villalba.<\/p>\n\n\n\n<p>De acuerdo a\ndatos que surgen de la investigaci\u00f3n, en un primer momento dos de las\nfemeninas ingresaron al comercio distrayendo a la v\u00edctima con la compra de un\nreloj y la colocaci\u00f3n de un perno. Seguidamente, ingres\u00f3 el hombre junto a una\nmujer que, al menos, simulaba ser su pareja. Se acercaron al propietario y consultaron\npor un reloj que presuntamente hab\u00eda dejado un familiar \u2013 siendo otra maniobra\nde distracci\u00f3n ya que no ser\u00edan de la ciudad de Mercedes \u2013 y el comerciante les\nmanifest\u00f3 desconocer el encargue.<\/p>\n\n\n\n<p>Enseguida, el imputado simul\u00f3\nhablar por su celular hasta que en un momento dado, aprovechando la distracci\u00f3n\ndel propietario, la mujer que estaba junto a \u00e9l, sustrajo sin ejercer violencia\nel muestrario con alrededor de 40 anillos de oro y de plata y se retir\u00f3 del\nlocal comercial.<\/p>\n\n\n\n<p>Seguidamente, las mujeres que\ningresaron en primer t\u00e9rmino se retiraron del local y por detr\u00e1s el imputado a\nfin de darse a la fuga. Sin embargo, el comerciante hab\u00eda advertido la maniobra\ndelictiva y fue tras el sujeto increp\u00e1ndolo por su participaci\u00f3n en el\nmencionado en hecho.<\/p>\n\n\n\n<p>Finalmente se logr\u00f3 la aprehensi\u00f3n del nombrado a trav\u00e9s de personal policial que pasaba por el lugar, aunque \u00a0a\u00fan no se ha logrado individualizar al resto de las personas que fueron parte del hurto, lo que es materia de investigaci\u00f3n en el marco de la causa iniciada por \u201cHurto\u201d con instrucci\u00f3n de la UFIJ N\u00b0 2.<\/p>\n\n\n\n<p>Fuente: Ministerio P\u00fablico provincia de Buenos Aires<\/p>\n","protected":false},"excerpt":{"rendered":"<p>El viernes cerca del mediod\u00eda, un sujeto junto a tres mujeres llegaron a un local comercial del rubro relojer\u00eda y &#8230; <a title=\"Investigan hurto que deriv\u00f3 en aprehensi\u00f3n ciudadana\" class=\"read-more\" href=\"https:\/\/www.hoymercedes.com.ar\/principal\/2019\/05\/19\/investigan-hurto-que-derivo-en-aprehension-ciudadana\/\" aria-label=\"Leer m\u00e1s sobre Investigan hurto que deriv\u00f3 en aprehensi\u00f3n ciudadana\">Leer m\u00e1s<\/a><\/p>\n","protected":false},"author":1,"featured_media":92785,"comment_status":"closed","ping_status":"open","sticky":false,"template":"","format":"standard","meta":{"_monsterinsights_skip_tracking":false,"_monsterinsights_sitenote_active":false,"_monsterinsights_sitenote_note":"","_monsterinsights_sitenote_category":0,"jetpack_post_was_ever_published":false,"_jetpack_newsletter_access":"","_jetpack_dont_email_post_to_subs":false,"_jetpack_newsletter_tier_id":0,"_jetpack_memberships_contains_paywalled_content":false,"_jetpack_memberships_contains_paid_content":false,"footnotes":"","jetpack_publicize_message":"","jetpack_publicize_feature_enabled":true,"jetpack_social_post_already_shared":true,"jetpack_social_options":{"image_generator_settings":{"template":"highway","default_image_id":0,"font":"","enabled":false},"version":2},"_wpas_customize_per_network":false},"categories":[85],"tags":[4507,15102,15101,96],"class_list":["post-93270","post","type-post","status-publish","format-standard","has-post-thumbnail","hentry","category-policial","tag-detencion-ciudadana","tag-fiscalias","tag-hurto","tag-policial-2","generate-columns","tablet-grid-50","mobile-grid-100","grid-parent","grid-50"],"jetpack_publicize_connections":[],"jetpack_featured_media_url":"https:\/\/www.hoymercedes.com.ar\/principal\/wp-content\/uploads\/2019\/05\/12-policia-patrulleros.jpg","wps_subtitle":"El hecho fue el viernes \u00faltimo","jetpack_sharing_enabled":true,"_links":{"self":[{"href":"https:\/\/www.hoymercedes.com.ar\/principal\/wp-json\/wp\/v2\/posts\/93270","targetHints":{"allow":["GET"]}}],"collection":[{"href":"https:\/\/www.hoymercedes.com.ar\/principal\/wp-json\/wp\/v2\/posts"}],"about":[{"href":"https:\/\/www.hoymercedes.com.ar\/principal\/wp-json\/wp\/v2\/types\/post"}],"author":[{"embeddable":true,"href":"https:\/\/www.hoymercedes.com.ar\/principal\/wp-json\/wp\/v2\/users\/1"}],"replies":[{"embeddable":true,"href":"https:\/\/www.hoymercedes.com.ar\/principal\/wp-json\/wp\/v2\/comments?post=93270"}],"version-history":[{"count":0,"href":"https:\/\/www.hoymercedes.com.ar\/principal\/wp-json\/wp\/v2\/posts\/93270\/revisions"}],"wp:featuredmedia":[{"embeddable":true,"href":"https:\/\/www.hoymercedes.com.ar\/principal\/wp-json\/wp\/v2\/media\/92785"}],"wp:attachment":[{"href":"https:\/\/www.hoymercedes.com.ar\/principal\/wp-json\/wp\/v2\/media?parent=93270"}],"wp:term":[{"taxonomy":"category","embeddable":true,"href":"https:\/\/www.hoymercedes.com.ar\/principal\/wp-json\/wp\/v2\/categories?post=93270"},{"taxonomy":"post_tag","embeddable":true,"href":"https:\/\/www.hoymercedes.com.ar\/principal\/wp-json\/wp\/v2\/tags?post=93270"}],"curies":[{"name":"wp","href":"https:\/\/api.w.org\/{rel}","templated":true}]}}