{"id":93287,"date":"2019-05-20T13:30:42","date_gmt":"2019-05-20T16:30:42","guid":{"rendered":"http:\/\/www.hoymercedes.com.ar\/principal\/?p=93287"},"modified":"2019-05-20T16:08:10","modified_gmt":"2019-05-20T19:08:10","slug":"la-defensoria-bonaerense-reclamo-descuentos-para-los-usuarios-frecuentes-del-peaje","status":"publish","type":"post","link":"https:\/\/www.hoymercedes.com.ar\/principal\/2019\/05\/20\/la-defensoria-bonaerense-reclamo-descuentos-para-los-usuarios-frecuentes-del-peaje\/","title":{"rendered":"La Defensor\u00eda Bonaerense reclam\u00f3 descuentos para los usuarios frecuentes del peaje"},"content":{"rendered":"\n<p><em>El pedido tiene que ver con que se respete lo que estipulan los contratos de concesi\u00f3n de los corredores viales de la Provincia, una rebaja que debe ser de entre el 15 y el 35%.<\/em><\/p>\n\n\n\n<figure class=\"wp-block-image\"><img loading=\"lazy\" decoding=\"async\" width=\"750\" height=\"422\" data-attachment-id=\"74816\" data-permalink=\"https:\/\/www.hoymercedes.com.ar\/principal\/2018\/04\/20\/carlos-selva-pretende-limitar-horas-pico-en-peajes\/20-peajes_512-720x405\/#main\" data-orig-file=\"https:\/\/www.hoymercedes.com.ar\/principal\/wp-content\/uploads\/2018\/04\/20-peajes_512-720x405.jpg\" data-orig-size=\"750,422\" data-comments-opened=\"0\" data-image-meta=\"{&quot;aperture&quot;:&quot;0&quot;,&quot;credit&quot;:&quot;&quot;,&quot;camera&quot;:&quot;&quot;,&quot;caption&quot;:&quot;&quot;,&quot;created_timestamp&quot;:&quot;0&quot;,&quot;copyright&quot;:&quot;&quot;,&quot;focal_length&quot;:&quot;0&quot;,&quot;iso&quot;:&quot;0&quot;,&quot;shutter_speed&quot;:&quot;0&quot;,&quot;title&quot;:&quot;&quot;,&quot;orientation&quot;:&quot;0&quot;}\" data-image-title=\"Peaje: gobierno nacional suma otro aumento del 150%\" data-image-description=\"&lt;p&gt;Peaje: gobierno nacional suma otro aumento del 150%&lt;\/p&gt;\n\" data-image-caption=\"&lt;p&gt;Peaje: gobierno nacional suma otro aumento del 150%&lt;\/p&gt;\n\" data-large-file=\"https:\/\/www.hoymercedes.com.ar\/principal\/wp-content\/uploads\/2018\/04\/20-peajes_512-720x405.jpg\" src=\"https:\/\/www.hoymercedes.com.ar\/principal\/wp-content\/uploads\/2018\/04\/20-peajes_512-720x405.jpg\" alt=\"\" class=\"wp-image-74816\" srcset=\"https:\/\/www.hoymercedes.com.ar\/principal\/wp-content\/uploads\/2018\/04\/20-peajes_512-720x405.jpg 750w, https:\/\/www.hoymercedes.com.ar\/principal\/wp-content\/uploads\/2018\/04\/20-peajes_512-720x405-150x84.jpg 150w, https:\/\/www.hoymercedes.com.ar\/principal\/wp-content\/uploads\/2018\/04\/20-peajes_512-720x405-630x354.jpg 630w\" sizes=\"auto, (max-width: 750px) 100vw, 750px\" \/><\/figure>\n\n\n\n<p>El Defensor del Pueblo bonaerense, Guido Lorenzino, exigi\u00f3 que se hagan efectivos los descuentos a los usuarios frecuentes del peaje de los corredores viales de la Provincia, tal como est\u00e1 establecido en los contratos de concesi\u00f3n de participaci\u00f3n p\u00fablico privada (PPP) y que actualmente las empresas lo incumplen.<\/p>\n\n\n\n<p>El pedido, dirigido a la Direcci\u00f3n Nacional de Vialidad, apunta a que este beneficio sea aplicado en los corredores A, B, C, E y Sur, luego de los reclamos realizado por vecinos de San Andr\u00e9s de Giles, Trenque Lauquen, Mercedes, Z\u00e1rate, Lobos, Ca\u00f1uelas y Roque P\u00e9rez.<\/p>\n\n\n\n<p>Los descuentos para los usuarios frecuentes deben ser de entre el 15%, para los que hacen 36 pasadas mensuales por una misma estaci\u00f3n de cobro; del 35%, para los que hacen 44 pasadas; y del 35%, para los que hagan 60 pasadas.<\/p>\n\n\n\n<p>Adem\u00e1s, se reclam\u00f3 que se respeten los pases libres para aquellos usuarios que viven en localidades y que tienen que pasar por un peaje para ir a las ciudades cercanas a hacer cualquier tipo de tr\u00e1mite.<\/p>\n\n\n\n<p>\u201cCon los constantes aumentos en las tarifas, este pedido tiene que ver con que se controle y se garantice la implementaci\u00f3n de estos beneficios tal como est\u00e1 estipulado en los contratos, para evitar de esa forma m\u00e1s perjuicios a los usuarios\u201d, sostuvo Lorenzino.<\/p>\n\n\n\n<p>Fuente: Defensor\u00eda del Pueblo de la provincia de Buenos Aires<\/p>\n","protected":false},"excerpt":{"rendered":"<p>El pedido tiene que ver con que se respete lo que estipulan los contratos de concesi\u00f3n de los corredores viales &#8230; <a title=\"La Defensor\u00eda Bonaerense reclam\u00f3 descuentos para los usuarios frecuentes del peaje\" class=\"read-more\" href=\"https:\/\/www.hoymercedes.com.ar\/principal\/2019\/05\/20\/la-defensoria-bonaerense-reclamo-descuentos-para-los-usuarios-frecuentes-del-peaje\/\" aria-label=\"Leer m\u00e1s sobre La Defensor\u00eda Bonaerense reclam\u00f3 descuentos para los usuarios frecuentes del peaje\">Leer m\u00e1s<\/a><\/p>\n","protected":false},"author":1,"featured_media":74816,"comment_status":"closed","ping_status":"open","sticky":false,"template":"","format":"standard","meta":{"_monsterinsights_skip_tracking":false,"_monsterinsights_sitenote_active":false,"_monsterinsights_sitenote_note":"","_monsterinsights_sitenote_category":0,"jetpack_post_was_ever_published":false,"_jetpack_newsletter_access":"","_jetpack_dont_email_post_to_subs":false,"_jetpack_newsletter_tier_id":0,"_jetpack_memberships_contains_paywalled_content":false,"_jetpack_memberships_contains_paid_content":false,"footnotes":"","jetpack_publicize_message":"","jetpack_publicize_feature_enabled":true,"jetpack_social_post_already_shared":true,"jetpack_social_options":{"image_generator_settings":{"template":"highway","default_image_id":0,"font":"","enabled":false},"version":2},"_wpas_customize_per_network":false},"categories":[8],"tags":[14453,10534,1099],"class_list":["post-93287","post","type-post","status-publish","format-standard","has-post-thumbnail","hentry","category-sociedad","tag-defensoria-bonaerenses","tag-peajes","tag-reclamos","generate-columns","tablet-grid-50","mobile-grid-100","grid-parent","grid-50"],"jetpack_publicize_connections":[],"jetpack_featured_media_url":"https:\/\/www.hoymercedes.com.ar\/principal\/wp-content\/uploads\/2018\/04\/20-peajes_512-720x405.jpg","wps_subtitle":"","jetpack_sharing_enabled":true,"_links":{"self":[{"href":"https:\/\/www.hoymercedes.com.ar\/principal\/wp-json\/wp\/v2\/posts\/93287","targetHints":{"allow":["GET"]}}],"collection":[{"href":"https:\/\/www.hoymercedes.com.ar\/principal\/wp-json\/wp\/v2\/posts"}],"about":[{"href":"https:\/\/www.hoymercedes.com.ar\/principal\/wp-json\/wp\/v2\/types\/post"}],"author":[{"embeddable":true,"href":"https:\/\/www.hoymercedes.com.ar\/principal\/wp-json\/wp\/v2\/users\/1"}],"replies":[{"embeddable":true,"href":"https:\/\/www.hoymercedes.com.ar\/principal\/wp-json\/wp\/v2\/comments?post=93287"}],"version-history":[{"count":0,"href":"https:\/\/www.hoymercedes.com.ar\/principal\/wp-json\/wp\/v2\/posts\/93287\/revisions"}],"wp:featuredmedia":[{"embeddable":true,"href":"https:\/\/www.hoymercedes.com.ar\/principal\/wp-json\/wp\/v2\/media\/74816"}],"wp:attachment":[{"href":"https:\/\/www.hoymercedes.com.ar\/principal\/wp-json\/wp\/v2\/media?parent=93287"}],"wp:term":[{"taxonomy":"category","embeddable":true,"href":"https:\/\/www.hoymercedes.com.ar\/principal\/wp-json\/wp\/v2\/categories?post=93287"},{"taxonomy":"post_tag","embeddable":true,"href":"https:\/\/www.hoymercedes.com.ar\/principal\/wp-json\/wp\/v2\/tags?post=93287"}],"curies":[{"name":"wp","href":"https:\/\/api.w.org\/{rel}","templated":true}]}}