{"id":93289,"date":"2019-05-20T10:49:35","date_gmt":"2019-05-20T13:49:35","guid":{"rendered":"http:\/\/www.hoymercedes.com.ar\/principal\/?p=93289"},"modified":"2019-05-20T16:07:33","modified_gmt":"2019-05-20T19:07:33","slug":"los-trabajadores-impositivos-celebraron-su-dia-2","status":"publish","type":"post","link":"https:\/\/www.hoymercedes.com.ar\/principal\/2019\/05\/20\/los-trabajadores-impositivos-celebraron-su-dia-2\/","title":{"rendered":"Los trabajadores impositivos celebraron su d\u00eda"},"content":{"rendered":"\n<p>Cerca de 300 personas participaron del acto de festejo por el D\u00eda del Trabajador Impositivo que organiz\u00f3 AEFIP Seccional Mercedes. <\/p>\n\n\n\n<figure class=\"wp-block-image\"><img loading=\"lazy\" decoding=\"async\" width=\"750\" height=\"500\" data-attachment-id=\"93290\" data-permalink=\"https:\/\/www.hoymercedes.com.ar\/principal\/2019\/05\/20\/los-trabajadores-impositivos-celebraron-su-dia-2\/kodak-digital-still-camera-15\/#main\" data-orig-file=\"https:\/\/www.hoymercedes.com.ar\/principal\/wp-content\/uploads\/2019\/05\/20-aefip.jpg\" data-orig-size=\"750,500\" data-comments-opened=\"0\" data-image-meta=\"{&quot;aperture&quot;:&quot;3.1&quot;,&quot;credit&quot;:&quot;&quot;,&quot;camera&quot;:&quot;KODAK PIXPRO AZ421&quot;,&quot;caption&quot;:&quot;KODAK Digital Still Camera&quot;,&quot;created_timestamp&quot;:&quot;1558121606&quot;,&quot;copyright&quot;:&quot;&quot;,&quot;focal_length&quot;:&quot;5&quot;,&quot;iso&quot;:&quot;330&quot;,&quot;shutter_speed&quot;:&quot;0.058823529411765&quot;,&quot;title&quot;:&quot;KODAK Digital Still Camera&quot;,&quot;orientation&quot;:&quot;1&quot;}\" data-image-title=\"KODAK Digital Still Camera\" data-image-description=\"\" data-image-caption=\"&lt;p&gt;KODAK Digital Still Camera&lt;\/p&gt;\n\" data-large-file=\"https:\/\/www.hoymercedes.com.ar\/principal\/wp-content\/uploads\/2019\/05\/20-aefip.jpg\" src=\"https:\/\/www.hoymercedes.com.ar\/principal\/wp-content\/uploads\/2019\/05\/20-aefip.jpg\" alt=\"\" class=\"wp-image-93290\" srcset=\"https:\/\/www.hoymercedes.com.ar\/principal\/wp-content\/uploads\/2019\/05\/20-aefip.jpg 750w, https:\/\/www.hoymercedes.com.ar\/principal\/wp-content\/uploads\/2019\/05\/20-aefip-150x100.jpg 150w, https:\/\/www.hoymercedes.com.ar\/principal\/wp-content\/uploads\/2019\/05\/20-aefip-630x420.jpg 630w, https:\/\/www.hoymercedes.com.ar\/principal\/wp-content\/uploads\/2019\/05\/20-aefip-720x480.jpg 720w, https:\/\/www.hoymercedes.com.ar\/principal\/wp-content\/uploads\/2019\/05\/20-aefip-360x240.jpg 360w\" sizes=\"auto, (max-width: 750px) 100vw, 750px\" \/><figcaption>KODAK Digital Still Camera<\/figcaption><\/figure>\n\n\n\n<p>El festejo comenz\u00f3 con una misa en la Bas\u00edlica Catedral y la bendici\u00f3n de los presentes con la m\u00fasica del coro compuesto por trabajadores de \u00a0la instituci\u00f3n impositiva. Luego, los afiliados e invitados especiales se dirigieron al sal\u00f3n de fiestas para almorzar en camarader\u00eda. <\/p>\n\n\n\n<p>En el acto se entregaron distinciones a los empleados impositivos que cumplieron los 20, 25, 30, 35 y 40\u00a0a\u00f1os de servicios y a los jubilados en el \u00faltimo a\u00f1o. Lapiceras y mates con las iniciales de los distinguidos fueron los regalos entregados.<\/p>\n\n\n\n<p>El Director Regional de AEFIP Sergio Flosi se dirigi\u00f3 antes los presentes: \u00abEl a\u00f1o pasado cerca de la fecha hac\u00eda pocos d\u00edas que hab\u00eda comenzado a trabajar en la Regional, y ya pasado m\u00e1s de un a\u00f1o, puedo decir que fue un gusto trabajar con Juan Mart\u00edn Andr\u00e9s, y muchas de las cuestiones complejas que pudieron llegar a suceder, las fuimos paliando de la mejor manera, hemos tenido un trabajo con la mejor predisposici\u00f3n y entendiendo los roles de cada uno con much\u00edsimo respeto, gracias\u201d.<\/p>\n\n\n\n<p>Por su parte, Andr\u00e9s hizo hincapi\u00e9 en las pr\u00f3ximas paritarias: \u00abLo importante es que todos sintamos que vamos en el mismo colectivo, para poder avanzar en un contexto que es realmente adverso en todo sentido, con una recaudaci\u00f3n que cae, con el 54 por ciento de inflaci\u00f3n interanual y con el FMI metido en nuestra casa. Es por eso que tenemos que estar todos unidos, solidarios y organizados, siendo responsables y avizorando nuestro futuro\u201d.<\/p>\n","protected":false},"excerpt":{"rendered":"<p>Cerca de 300 personas participaron del acto de festejo por el D\u00eda del Trabajador Impositivo que organiz\u00f3 AEFIP Seccional Mercedes. &#8230; <a title=\"Los trabajadores impositivos celebraron su d\u00eda\" class=\"read-more\" href=\"https:\/\/www.hoymercedes.com.ar\/principal\/2019\/05\/20\/los-trabajadores-impositivos-celebraron-su-dia-2\/\" aria-label=\"Leer m\u00e1s sobre Los trabajadores impositivos celebraron su d\u00eda\">Leer m\u00e1s<\/a><\/p>\n","protected":false},"author":1,"featured_media":93290,"comment_status":"closed","ping_status":"open","sticky":false,"template":"","format":"standard","meta":{"_monsterinsights_skip_tracking":false,"_monsterinsights_sitenote_active":false,"_monsterinsights_sitenote_note":"","_monsterinsights_sitenote_category":0,"jetpack_post_was_ever_published":false,"_jetpack_newsletter_access":"","_jetpack_dont_email_post_to_subs":false,"_jetpack_newsletter_tier_id":0,"_jetpack_memberships_contains_paywalled_content":false,"_jetpack_memberships_contains_paid_content":false,"footnotes":"","jetpack_publicize_message":"","jetpack_publicize_feature_enabled":true,"jetpack_social_post_already_shared":true,"jetpack_social_options":{"image_generator_settings":{"template":"highway","default_image_id":0,"font":"","enabled":false},"version":2},"_wpas_customize_per_network":false},"categories":[10563],"tags":[2381,13113],"class_list":["post-93289","post","type-post","status-publish","format-standard","has-post-thumbnail","hentry","category-gremios-sindicatos","tag-aefip","tag-dia-del-trabajador-impositivo","generate-columns","tablet-grid-50","mobile-grid-100","grid-parent","grid-50"],"jetpack_publicize_connections":[],"jetpack_featured_media_url":"https:\/\/www.hoymercedes.com.ar\/principal\/wp-content\/uploads\/2019\/05\/20-aefip.jpg","wps_subtitle":"","jetpack_sharing_enabled":true,"_links":{"self":[{"href":"https:\/\/www.hoymercedes.com.ar\/principal\/wp-json\/wp\/v2\/posts\/93289","targetHints":{"allow":["GET"]}}],"collection":[{"href":"https:\/\/www.hoymercedes.com.ar\/principal\/wp-json\/wp\/v2\/posts"}],"about":[{"href":"https:\/\/www.hoymercedes.com.ar\/principal\/wp-json\/wp\/v2\/types\/post"}],"author":[{"embeddable":true,"href":"https:\/\/www.hoymercedes.com.ar\/principal\/wp-json\/wp\/v2\/users\/1"}],"replies":[{"embeddable":true,"href":"https:\/\/www.hoymercedes.com.ar\/principal\/wp-json\/wp\/v2\/comments?post=93289"}],"version-history":[{"count":0,"href":"https:\/\/www.hoymercedes.com.ar\/principal\/wp-json\/wp\/v2\/posts\/93289\/revisions"}],"wp:featuredmedia":[{"embeddable":true,"href":"https:\/\/www.hoymercedes.com.ar\/principal\/wp-json\/wp\/v2\/media\/93290"}],"wp:attachment":[{"href":"https:\/\/www.hoymercedes.com.ar\/principal\/wp-json\/wp\/v2\/media?parent=93289"}],"wp:term":[{"taxonomy":"category","embeddable":true,"href":"https:\/\/www.hoymercedes.com.ar\/principal\/wp-json\/wp\/v2\/categories?post=93289"},{"taxonomy":"post_tag","embeddable":true,"href":"https:\/\/www.hoymercedes.com.ar\/principal\/wp-json\/wp\/v2\/tags?post=93289"}],"curies":[{"name":"wp","href":"https:\/\/api.w.org\/{rel}","templated":true}]}}