{"id":93293,"date":"2019-05-20T16:22:21","date_gmt":"2019-05-20T19:22:21","guid":{"rendered":"http:\/\/www.hoymercedes.com.ar\/principal\/?p=93293"},"modified":"2019-05-20T16:28:22","modified_gmt":"2019-05-20T19:28:22","slug":"pajarito-gutierrez-se-lanzo-como-candidato-a-intendente","status":"publish","type":"post","link":"https:\/\/www.hoymercedes.com.ar\/principal\/2019\/05\/20\/pajarito-gutierrez-se-lanzo-como-candidato-a-intendente\/","title":{"rendered":"Pajarito Guti\u00e9rrez se lanz\u00f3 como candidato a Intendente"},"content":{"rendered":"\n<p>A trav\u00e9s de un encuentro con los medios de comunicaci\u00f3n, Gustavo \u00abPajarito\u00bb Guti\u00e9rrez anunci\u00f3 su intenci\u00f3n de ser precandidato a Intendente del Municipio de Mercedes como parte de Alternativa Federal y disputar la candidatura con Carlos Milhomme en las PASOs. <\/p>\n\n\n\n<p>D\u00edas atr\u00e1s, Gustavo Guti\u00e9rrez realiz\u00f3 una conferencia de prensa en la cual  <br>se mostr\u00f3 como candidato a intendente por Alternativa Federal, en la l\u00ednea que responde al Juan Manuel Urtubey. Decidido a ir a las PASO frente a Carlos Milhomme (referente del selvismo), expres\u00f3 ante los medios: \u201cNosotros queremos que nos elija el pueblo. El rival a vencer es el ego de muchos dirigentes que por sobre el beneficio y el bien com\u00fan de la sociedad, pone por delante un cargo p\u00fablico. Es necesario terminar con la grieta y elegir lo mejor, aquello que traiga beneficios\u201d.<\/p>\n\n\n\n<p>Colaboraci\u00f3n: Mariano Oyarzu<\/p>\n\n\n\n<figure class=\"wp-block-image\"><img loading=\"lazy\" decoding=\"async\" width=\"750\" height=\"563\" data-attachment-id=\"93294\" data-permalink=\"https:\/\/www.hoymercedes.com.ar\/principal\/2019\/05\/20\/pajarito-gutierrez-se-lanzo-como-candidato-a-intendente\/20-pajarito-gutierrez\/#main\" data-orig-file=\"https:\/\/www.hoymercedes.com.ar\/principal\/wp-content\/uploads\/2019\/05\/20-pajarito-gutierrez.jpg\" data-orig-size=\"750,563\" data-comments-opened=\"0\" data-image-meta=\"{&quot;aperture&quot;:&quot;0&quot;,&quot;credit&quot;:&quot;&quot;,&quot;camera&quot;:&quot;&quot;,&quot;caption&quot;:&quot;&quot;,&quot;created_timestamp&quot;:&quot;0&quot;,&quot;copyright&quot;:&quot;&quot;,&quot;focal_length&quot;:&quot;0&quot;,&quot;iso&quot;:&quot;0&quot;,&quot;shutter_speed&quot;:&quot;0&quot;,&quot;title&quot;:&quot;&quot;,&quot;orientation&quot;:&quot;0&quot;}\" data-image-title=\"20 pajarito gutierrez\" data-image-description=\"\" data-image-caption=\"\" data-large-file=\"https:\/\/www.hoymercedes.com.ar\/principal\/wp-content\/uploads\/2019\/05\/20-pajarito-gutierrez.jpg\" src=\"https:\/\/www.hoymercedes.com.ar\/principal\/wp-content\/uploads\/2019\/05\/20-pajarito-gutierrez.jpg\" alt=\"\" class=\"wp-image-93294\" srcset=\"https:\/\/www.hoymercedes.com.ar\/principal\/wp-content\/uploads\/2019\/05\/20-pajarito-gutierrez.jpg 750w, https:\/\/www.hoymercedes.com.ar\/principal\/wp-content\/uploads\/2019\/05\/20-pajarito-gutierrez-150x113.jpg 150w, https:\/\/www.hoymercedes.com.ar\/principal\/wp-content\/uploads\/2019\/05\/20-pajarito-gutierrez-630x473.jpg 630w, https:\/\/www.hoymercedes.com.ar\/principal\/wp-content\/uploads\/2019\/05\/20-pajarito-gutierrez-320x240.jpg 320w, https:\/\/www.hoymercedes.com.ar\/principal\/wp-content\/uploads\/2019\/05\/20-pajarito-gutierrez-100x75.jpg 100w\" sizes=\"auto, (max-width: 750px) 100vw, 750px\" \/><\/figure>\n","protected":false},"excerpt":{"rendered":"<p>A trav\u00e9s de un encuentro con los medios de comunicaci\u00f3n, Gustavo \u00abPajarito\u00bb Guti\u00e9rrez anunci\u00f3 su intenci\u00f3n de ser precandidato a &#8230; <a title=\"Pajarito Guti\u00e9rrez se lanz\u00f3 como candidato a Intendente\" class=\"read-more\" href=\"https:\/\/www.hoymercedes.com.ar\/principal\/2019\/05\/20\/pajarito-gutierrez-se-lanzo-como-candidato-a-intendente\/\" aria-label=\"Leer m\u00e1s sobre Pajarito Guti\u00e9rrez se lanz\u00f3 como candidato a Intendente\">Leer m\u00e1s<\/a><\/p>\n","protected":false},"author":1,"featured_media":93294,"comment_status":"closed","ping_status":"open","sticky":false,"template":"","format":"standard","meta":{"_monsterinsights_skip_tracking":false,"_monsterinsights_sitenote_active":false,"_monsterinsights_sitenote_note":"","_monsterinsights_sitenote_category":0,"jetpack_post_was_ever_published":false,"_jetpack_newsletter_access":"","_jetpack_dont_email_post_to_subs":false,"_jetpack_newsletter_tier_id":0,"_jetpack_memberships_contains_paywalled_content":false,"_jetpack_memberships_contains_paid_content":false,"footnotes":"","jetpack_publicize_message":"","jetpack_publicize_feature_enabled":true,"jetpack_social_post_already_shared":true,"jetpack_social_options":{"image_generator_settings":{"template":"highway","default_image_id":0,"font":"","enabled":false},"version":2},"_wpas_customize_per_network":false},"categories":[5],"tags":[14403,642,5319],"class_list":["post-93293","post","type-post","status-publish","format-standard","has-post-thumbnail","hentry","category-politica","tag-elecciones-2019","tag-gustavo-pajarito-gutierrez","tag-politica-2","generate-columns","tablet-grid-50","mobile-grid-100","grid-parent","grid-50"],"jetpack_publicize_connections":[],"jetpack_featured_media_url":"https:\/\/www.hoymercedes.com.ar\/principal\/wp-content\/uploads\/2019\/05\/20-pajarito-gutierrez.jpg","wps_subtitle":"De cara a las elecciones","jetpack_sharing_enabled":true,"_links":{"self":[{"href":"https:\/\/www.hoymercedes.com.ar\/principal\/wp-json\/wp\/v2\/posts\/93293","targetHints":{"allow":["GET"]}}],"collection":[{"href":"https:\/\/www.hoymercedes.com.ar\/principal\/wp-json\/wp\/v2\/posts"}],"about":[{"href":"https:\/\/www.hoymercedes.com.ar\/principal\/wp-json\/wp\/v2\/types\/post"}],"author":[{"embeddable":true,"href":"https:\/\/www.hoymercedes.com.ar\/principal\/wp-json\/wp\/v2\/users\/1"}],"replies":[{"embeddable":true,"href":"https:\/\/www.hoymercedes.com.ar\/principal\/wp-json\/wp\/v2\/comments?post=93293"}],"version-history":[{"count":0,"href":"https:\/\/www.hoymercedes.com.ar\/principal\/wp-json\/wp\/v2\/posts\/93293\/revisions"}],"wp:featuredmedia":[{"embeddable":true,"href":"https:\/\/www.hoymercedes.com.ar\/principal\/wp-json\/wp\/v2\/media\/93294"}],"wp:attachment":[{"href":"https:\/\/www.hoymercedes.com.ar\/principal\/wp-json\/wp\/v2\/media?parent=93293"}],"wp:term":[{"taxonomy":"category","embeddable":true,"href":"https:\/\/www.hoymercedes.com.ar\/principal\/wp-json\/wp\/v2\/categories?post=93293"},{"taxonomy":"post_tag","embeddable":true,"href":"https:\/\/www.hoymercedes.com.ar\/principal\/wp-json\/wp\/v2\/tags?post=93293"}],"curies":[{"name":"wp","href":"https:\/\/api.w.org\/{rel}","templated":true}]}}