{"id":93311,"date":"2019-05-20T19:35:54","date_gmt":"2019-05-20T22:35:54","guid":{"rendered":"http:\/\/www.hoymercedes.com.ar\/principal\/?p=93311"},"modified":"2019-05-20T19:12:45","modified_gmt":"2019-05-20T22:12:45","slug":"virginia-altube-se-presentara-en-areco-y-en-mercedes","status":"publish","type":"post","link":"https:\/\/www.hoymercedes.com.ar\/principal\/2019\/05\/20\/virginia-altube-se-presentara-en-areco-y-en-mercedes\/","title":{"rendered":"Virginia Altube se presentar\u00e1 en Areco y en Mercedes"},"content":{"rendered":"\n<p>La cantante Virginia Altube actuar\u00e1 en dos pe\u00f1as patriotas en el marco de los festejos por la Revoluci\u00f3n de Mayo. En Carmen de Areco primero y en Mercedes despu\u00e9s, la cantante propone m\u00fasica folcl\u00f3rica de distintos puntos del pa\u00eds con m\u00fasicos invitados. <\/p>\n\n\n\n<p>El viernes 24 de mayo Virginia estar\u00e1 en la Vigilia del 25, en Carmen de Areco, convocada por la Direcci\u00f3n de Cultura de dicha localidad, junto a los m\u00fasicos Dami\u00e1n Tessore, Rodrigo Acttis, Juan Mart\u00edn L\u00f3pez y el ensamble de percusi\u00f3n integrado por Emanuel Damele, Santi Pauli, Leandro Massa y El\u00edas Barreto. Al d\u00eda siguiente, el 25 de mayo, la cantante y su grupo estar\u00e1n en la Pe\u00f1a de UhMeda!, en Mercedes, con guitarra, percusi\u00f3n y arm\u00f3nica. <\/p>\n\n\n\n<p>\u201cTenemos dos propuestas. Una m\u00e1s folcl\u00f3rica con Dami\u00e1n Tessore y el grupo, y otra cuando se agrega el Ensamble de Percusi\u00f3n. A Carmen de Areco iremos todos, con nuestra esencia, que parte del folclore argentino y despu\u00e9s nos metemos en otros ritmos, siempre dentro de lo andino, pero pasando por cumbia, festejos peruanos y otros ritmos donde se luce mucho la percusi\u00f3n\u201d, explic\u00f3 Virginia Altube.<\/p>\n\n\n\n<p>En Mercedes, tocar\u00e1n el d\u00eda 25 en el bar cercano a la ruta 5. \u201cNos convocaron desde UhMeda!, Con el grupo reducido haremos folclore argentino junto a otros grupos como Los L\u00f3pez Heredia, que estar\u00e1n en la pe\u00f1a\u201d, explic\u00f3 la cantora mientras prepara una nueva fecha en La Cultural Dumer para el 1\u00b0 de junio. <\/p>\n\n\n\n<p>.<\/p>\n","protected":false},"excerpt":{"rendered":"<p>La cantante Virginia Altube actuar\u00e1 en dos pe\u00f1as patriotas en el marco de los festejos por la Revoluci\u00f3n de Mayo. &#8230; <a title=\"Virginia Altube se presentar\u00e1 en Areco y en Mercedes\" class=\"read-more\" href=\"https:\/\/www.hoymercedes.com.ar\/principal\/2019\/05\/20\/virginia-altube-se-presentara-en-areco-y-en-mercedes\/\" aria-label=\"Leer m\u00e1s sobre Virginia Altube se presentar\u00e1 en Areco y en Mercedes\">Leer m\u00e1s<\/a><\/p>\n","protected":false},"author":1,"featured_media":93313,"comment_status":"closed","ping_status":"open","sticky":false,"template":"","format":"standard","meta":{"_monsterinsights_skip_tracking":false,"_monsterinsights_sitenote_active":false,"_monsterinsights_sitenote_note":"","_monsterinsights_sitenote_category":0,"jetpack_post_was_ever_published":false,"_jetpack_newsletter_access":"","_jetpack_dont_email_post_to_subs":false,"_jetpack_newsletter_tier_id":0,"_jetpack_memberships_contains_paywalled_content":false,"_jetpack_memberships_contains_paid_content":false,"footnotes":"","jetpack_publicize_message":"","jetpack_publicize_feature_enabled":true,"jetpack_social_post_already_shared":true,"jetpack_social_options":{"image_generator_settings":{"template":"highway","default_image_id":0,"font":"","enabled":false},"version":2},"_wpas_customize_per_network":false},"categories":[104],"tags":[7805,15106,2403],"class_list":["post-93311","post","type-post","status-publish","format-standard","has-post-thumbnail","hentry","category-cultura","tag-cultura","tag-musica-folclorica","tag-virginia-altube","generate-columns","tablet-grid-50","mobile-grid-100","grid-parent","grid-50"],"jetpack_publicize_connections":[],"jetpack_featured_media_url":"https:\/\/www.hoymercedes.com.ar\/principal\/wp-content\/uploads\/2019\/05\/20-virginia-altube.jpg","wps_subtitle":"Para agendar","jetpack_sharing_enabled":true,"_links":{"self":[{"href":"https:\/\/www.hoymercedes.com.ar\/principal\/wp-json\/wp\/v2\/posts\/93311","targetHints":{"allow":["GET"]}}],"collection":[{"href":"https:\/\/www.hoymercedes.com.ar\/principal\/wp-json\/wp\/v2\/posts"}],"about":[{"href":"https:\/\/www.hoymercedes.com.ar\/principal\/wp-json\/wp\/v2\/types\/post"}],"author":[{"embeddable":true,"href":"https:\/\/www.hoymercedes.com.ar\/principal\/wp-json\/wp\/v2\/users\/1"}],"replies":[{"embeddable":true,"href":"https:\/\/www.hoymercedes.com.ar\/principal\/wp-json\/wp\/v2\/comments?post=93311"}],"version-history":[{"count":0,"href":"https:\/\/www.hoymercedes.com.ar\/principal\/wp-json\/wp\/v2\/posts\/93311\/revisions"}],"wp:featuredmedia":[{"embeddable":true,"href":"https:\/\/www.hoymercedes.com.ar\/principal\/wp-json\/wp\/v2\/media\/93313"}],"wp:attachment":[{"href":"https:\/\/www.hoymercedes.com.ar\/principal\/wp-json\/wp\/v2\/media?parent=93311"}],"wp:term":[{"taxonomy":"category","embeddable":true,"href":"https:\/\/www.hoymercedes.com.ar\/principal\/wp-json\/wp\/v2\/categories?post=93311"},{"taxonomy":"post_tag","embeddable":true,"href":"https:\/\/www.hoymercedes.com.ar\/principal\/wp-json\/wp\/v2\/tags?post=93311"}],"curies":[{"name":"wp","href":"https:\/\/api.w.org\/{rel}","templated":true}]}}