{"id":93319,"date":"2019-05-20T20:17:52","date_gmt":"2019-05-20T23:17:52","guid":{"rendered":"http:\/\/www.hoymercedes.com.ar\/principal\/?p=93319"},"modified":"2019-05-20T20:18:34","modified_gmt":"2019-05-20T23:18:34","slug":"trocha-mantiene-su-invicto-y-quilmes-es-el-nuevo-lider-de-la-zona-c","status":"publish","type":"post","link":"https:\/\/www.hoymercedes.com.ar\/principal\/2019\/05\/20\/trocha-mantiene-su-invicto-y-quilmes-es-el-nuevo-lider-de-la-zona-c\/","title":{"rendered":"Trocha mantiene su invicto y Quilmes es el nuevo l\u00edder de la Zona C"},"content":{"rendered":"\n<p>El torneo de la Liga Mercedina no tiene demasiado atractivo en sus tablas de posiciones, a punto tal que tras cada fecha son pocos los cambios que hay en los grupos y la brecha entre algunos equipos comienza a ser tan amplia que hace pensar que pronto la gran cantidad de clubes que la componen deber\u00e1n dividirse en dos categor\u00edas.<\/p>\n\n\n\n<p>Las goleadas que constantemente sufren equipos como Costa Brava, Uni\u00f3n, Talleres, lo que le cuesta poder sumar un punto a Holanda, La Diego Armando, hace notoria la gran diferencia que hay entre unos y otros y este armado de campeonato tambi\u00e9n termina siendo injusto, ya que seguramente ocurra que alg\u00fan equipo, como Col\u00f3n al cabo de esta jornada, puedan quedar afuera de la Liguilla con una cantidad de puntos que en otra zona lo hubiera clasificado en el segundo o tercer lugar.<\/p>\n\n\n\n<p>A punto de llegar a la mitad de la competencia, algunos equipos se van consolidando de cara a la clasificaci\u00f3n, sumando un buen colch\u00f3n de puntos que servir\u00e1n para luego pelear quedar en la primera o segunda colocaci\u00f3n y poder evitar la primera fase eliminatoria, mientras que otros ya empiezan a depender de sumar s\u00ed o s\u00ed de a tres si quieren llegar con alguna aspiraci\u00f3n a las \u00faltimas tres jornadas de un campeonato que de a poco se va poniendo al d\u00eda y que por suerte viene teniendo compa\u00f1\u00eda del clima.<\/p>\n\n\n\n<p><strong>AMEFIP San Mart\u00edn 0:<\/strong>\u00a0Maximiliano Gim\u00e9nez, Ezequiel Ramos, Enzo Parada, Braian Garc\u00eda, Lucas Blanco, Christian Salvatierra, Federico Amaya, Lucas Falcone, Marcos Camargo, Enzo Cobuccio y Eric Pizzurno.\u00a0<strong>DT:<\/strong>\u00a0Nicol\u00e1s Serebrinsky.\u00a0\u00a0<strong>Suplentes:<\/strong>\u00a0Diego Benedetti, y Walter Paj\u00f3n.<br><strong>Quilmes 1:<\/strong>\u00a0Pablo Fontana, Nicol\u00e1s Mansilla, Facundo Quiroga, Nicol\u00e1s Gollo, Mariano Villone, Mariano Carretero, El\u00edas Mu\u00f1oz, Nicol\u00e1s Loza, Jonathan L\u00f3pez, Nicol\u00e1s Paniagua y Mat\u00edas Uviz.\u00a0<strong>DT:<\/strong>\u00a0Cristian Coccaro.\u00a0<strong>Suplentes:<\/strong>\u00a0Agust\u00edn Covello y Juan Robin.<br><strong>Gol en el ST:<\/strong>\u00a0A los 29\u2019 Nicol\u00e1s Paniagua para Quilmes.<br><strong>Cambios:<\/strong>\u00a0Enzo Mendoza por Enzo Parada, Juli\u00e1n Cano por Eric Pizzurno en AMEFIP San Mart\u00edn.\u00a0 Mateo Miranda por Pablo Fontana, Oscar Morales por Nicol\u00e1s Paniagua y Lucas Nocetti por El\u00edas Mu\u00f1oz en Quilmes.<br><strong>Arbitro:<\/strong>\u00a0Dar\u00edo Moreno (San Antonio de Areco).<br><strong>Expulsados:<\/strong>\u00a0A los 20\u2019 Nicol\u00e1s Mansilla en Quilmes y a los 23\u2019 Federico Amaya en AMEFIP San Mart\u00edn. <\/p>\n\n\n\n<p><strong>Trocha 3:<\/strong>\u00a0Agust\u00edn Rodr\u00edguez, Iv\u00e1n Portillo, Ignacio Brazuna, Emanuel Gonz\u00e1lez, Maximiliano Becerra, Agust\u00edn Uviz, Emanuel Vel\u00e1zquez, Sebasti\u00e1n Biaggini, Santiago Yasky, Lucas Gallo y Jonathan Niz.\u00a0<strong>DT:<\/strong>\u00a0Juan Ignacio Men\u00e9ndez.\u00a0<strong>Suplentes:<\/strong>\u00a0N\u00e9stor Curima y Marcelo Aguirre.<br><strong>La Diego Armando 1:<\/strong>\u00a0V\u00edctor Clavero, Gonzalo Duberti, Sergio Chaparro, Nicol\u00e1s Vargas, Gast\u00f3n Gerclo, Federico Denis, Daniel Becerra, Cristian Contreras, Ramiro Rodr\u00edguez, Lucas Atampi y Maximiliano Guzm\u00e1n.\u00a0<strong>DT:<\/strong>\u00a0Maximiliano Can\u00e9.\u00a0<strong>Suplentes:<\/strong>\u00a0Gabriel Cejas, Diego Rojas y Dar\u00edo Duarte.<br><strong>Goles en el ST:<\/strong>\u00a0A los 25\u2019 Emanuel Vel\u00e1zquez, 27\u2019 Agust\u00edn Uviz para Trocha y a los 39\u2019 Maximiliano Castro Ballesteros. A los 37\u2019 Daniel Becerra para Diego Armando.<br><strong>Cambios:<\/strong>\u00a0Maximiliano Castro Ballesteros por Santiago Yasky, Ger\u00f3nimo Miratta por Lucas Gallo y Juli\u00e1n Padula por Emanuel Vel\u00e1zquez en Trocha. Leonel Cechetto por Sergio Chaparro, Pablo Gorosito por Gast\u00f3n Gerclo, Sebasti\u00e1n Rodr\u00edguez por Nicol\u00e1s Vargas en Diego Armando.<br>Arbitro: Ricardo Maidana (San Antonio de Areco).<br><strong>Expulsado:<\/strong>\u00a0A los 46\u2019 ST Ger\u00f3nimo Miratta en Trocha. <\/p>\n\n\n\n<p><strong>Ateneo 2:<\/strong>\u00a0Agust\u00edn Ramos, Facundo Otero, Adam Chaparro, Joaqu\u00edn Mendiola, Lucio Ojeda, Enzo Medina, Laureano Torre, Enzo Spoturno, Angel Pucheta, Ger\u00f3nimo Puricelli y Santiago Chen.\u00a0<strong>DT:<\/strong>\u00a0Mario Morales.\u00a0<strong>Suplentes:<\/strong>\u00a0Camilo Andreoli y Daniel Conenna.<br><strong>Estudiantes 1:<\/strong>\u00a0Tom\u00e1s Borrasca, Bruno Maldonado, Juan Lombardo, Pablo Giacoy, Nicol\u00e1s Ledesma, Jer\u00f3nimo Luna, Paulo Lescano, Francisco Basualdo, Axel Reyne, Agust\u00edn Vivas y Juan Montero.\u00a0<strong>DT:<\/strong>\u00a0Gabriel Lima.\u00a0<strong>Suplentes:<\/strong>\u00a0Jorge Bartolomeo, Agust\u00edn Luna, Eric Brance y Diego Ludue\u00f1a.<br><strong>Gol en el PT:<\/strong>\u00a0A los 27\u2019 Axel Reyne para Estudiantes.<br><strong>Goles en el ST:<\/strong>\u00a0A los 26\u2019 Nicol\u00e1s Ram\u00edrez de penal y\u00a0 los 43\u2019 Angel Pucheta para Ateneo.<br><strong>Cambios:<\/strong>\u00a0Nicol\u00e1s Ram\u00edrez por Enzo Spoturno, Gino Jadra Tau por Joaqu\u00edn Mendiola en Ateneo. Tom\u00e1s Lima por Francisco Basualdo, Leandro Vignau por Pablo Giacoy y Alejandro Couse por Agust\u00edn Vivas en Estudiantes.<br>Arbitro: Luis Flores (San Antonio de Areco).<br><strong>Expulsado:<\/strong>\u00a0A los 24\u2019 Alejandro Couse y a los 37\u2019 Juan Lombardo en Estudiantes. <\/p>\n\n\n\n<p><strong>Holanda 1:<\/strong>\u00a0Pablo Villaroel, Lucas Ortubia, Nicol\u00e1s Mansilla, Braian Climi\u00f1o, Nicol\u00e1s D\u00edaz, Rodrigo Colicigno, Jonathan Damonte, Ramiro Roa, Juli\u00e1n Vita, Lucas Ch\u00e1vez y Gast\u00f3n Lucero.\u00a0<strong>DT:<\/strong>\u00a0Jos\u00e9 Medina.\u00a0<strong>Suplentes:<\/strong>\u00a0Angel Monetti, Gustavo Morales y Santiago Vaca.<br><strong>Col\u00f3n 1:<\/strong>\u00a0Iv\u00e1n Noy, Jos\u00e9\u00a0 Peralta, Jos\u00edas Cuberas, Osvaldo Ferrari, Hugo Bordi, Alberto Araujo, Federico Marrafeiro, Taferani, Juan Tibieri, Laureano Medina y Tom\u00e1s Moreno.\u00a0<strong>DT:<\/strong>Fernando Mainelli\u00a0<strong>Suplentes:<\/strong>\u00a0Ariel Rivero, Osvaldo Miranda y Alana Moyano.<br><strong>Gol en el PT:<\/strong>\u00a0A los 10\u2019 Juli\u00e1n Vita para Holanda y a los 28\u2019 Hugo Bordi para Colon.<br><strong>Cambios:<\/strong>\u00a0Luciano L\u00f3pez por Alberto Araujo, Tob\u00edas Cuberas por Jos\u00edas Cuberas en Col\u00f3n. Lucas Coletta por Nicol\u00e1s Mansilla y Horacio Sotelo por Ramiro Roa\u00a0 en Holanda.<br><strong>Expulsado:<\/strong>\u00a0A los 3\u2019 ST Lucas Ortubia en Holanda. <\/p>\n\n\n\n<p><strong>Talleres Payr\u00f3 1:<\/strong>\u00a0Leandro Vidal, Alexander Achucarro, Cristian Giordano, Nicol\u00e1s Cardozo, Lautaro D\u00edaz, Lucas Islas, Francisco Montivero, Juan Massachiodi, Franco Gim\u00e9nez, Lucas Fern\u00e1ndez y Narciso Moreira.\u00a0<strong>DT:<\/strong>\u00a0Javier Debiase.\u00a0<strong>Suplentes:<\/strong>\u00a0Mario Acosta, Rodrigo Pi\u00f1ero, Mart\u00edn Pereyra, Nicol\u00e1s Malisia y Rodrigo Gonz\u00e1lez.<br><strong>Palometas FC 6:<\/strong>\u00a0Jos\u00e9 Ventura, Nazareno Egu\u00eda, Tom\u00e1s Sosa, Marcos Sierocki, Mart\u00edn Pastor, Cristian Pereira, Deivy Gonz\u00e1lez, Nicol\u00e1s Aranda, Luciano Apariente, Federico Amorena y Facundo Pinto.\u00a0<strong>DT:<\/strong>\u00a0Juan Amed.\u00a0<strong>Suplentes:<\/strong>\u00a0Mat\u00edas Fern\u00e1ndez, Maximiliano Castro Segura, Patricio Uncal, Fabrizio N\u00fa\u00f1ez, Julio M\u00e9ndez, David Bertera y Agust\u00edn P\u00f3rfido.<br><strong>Goles:<\/strong>\u00a0Lucas Islas para Talleres. Deivy Gonz\u00e1lez, Luciano Apariente 2, Federico Amorena 2 y Facundo Pinto para Palometas. <\/p>\n\n\n\n<p><strong>Uni\u00f3n 0:<\/strong>\u00a0Fabricio L\u00f3pez, Alberto Gauna, Maximiliano Riglos, Nicol\u00e1s Ortiz, Franco Ramallo, Rodrigo Torres, Maximiliano Arzani, Fernando Tapia, Carlos Peralta, \u00a0Erik Tust y Adri\u00e1n P\u00e9rez.\u00a0<strong>DT:<\/strong>\u00a0Juan Ojeda.<br><strong>Atl\u00e9tico Marcos Paz 7:<\/strong>\u00a0Dar\u00edo Mart\u00ednez, Maximiliano, Fabi\u00e1n Albornoz, Iv\u00e1n Arias, Mauro Cristaldo, Santiago Aquino, Sebasti\u00e1n Avalos, Tom\u00e1s Gallo, Bruno Giordano, Facundo Heredia y Alexis Rocha.\u00a0<strong>DT:<\/strong>\u00a0Javier Flores.\u00a0<strong>Suplentes:<\/strong>\u00a0Diego Casco, Leonel Monz\u00f3n, Daniel Fern\u00e1ndez y Eric Morales.<br><strong>Goles:<\/strong>\u00a0Santiago Aquino 2, Tom\u00e1s Gallo, Bruno Giordano 2, Facundo Heredia y Alexis Rocha para Atl\u00e9tico Marcos Paz. <\/p>\n\n\n\n<p><strong>Defensores Juniors 5:<\/strong>\u00a0Gustavo Leiva, Mart\u00edn Ag\u00fcero, Jos\u00e9 Rodr\u00edguez, Diego Avenda\u00f1o, Emmanuel Cantero, Luis Maldonado, Rodrigo Cantero, Maximiliano G\u00f3mez, Leandro Ferrero, Ezequiel Roda y Jonathan Cuello.\u00a0<strong>DT:<\/strong>\u00a0Oscar Altuna.\u00a0<strong>Suplentes:<\/strong>\u00a0Santiago Gonz\u00e1lez, Gabriel Tabarez, Iv\u00e1n Robledo, Ariel Mamani y Agust\u00edn Cherso.<br><strong>Costa Brava 2:<\/strong>\u00a0Tob\u00edas Gonz\u00e1lez, Alejandro P\u00e9rez, Alejandro Amaya, Esteban Orcajo, Franco Zabala, Robertino Orcajo, Alexis Oexner, El\u00edas Zabala, Fabi\u00e1n Robles, R\u00faben Zabala y Alan Tust.\u00a0<strong>DT:<\/strong>\u00a0Sebasti\u00e1n Aranda.\u00a0<strong>Suplentes:<\/strong>\u00a0Alejandro Coronel, Nicol\u00e1s Amaya, Jonathan Tust, Juan Baldovino, Franco Andrada y Jes\u00fas Oyola.<br><strong>Goles:<\/strong>\u00a0Emanuel Cantero, Leandro Ferrero 2, Ezequiel Roda y Jonathan Cuello.<br><strong>Arbitro:<\/strong>\u00a0Luis L\u00f3pez (AAM).<br><strong>Expulsados:<\/strong>\u00a0Jonathan Cuello y Luis Maldonado en Defensores. R\u00faben Zalba y Franco Andrada en Costa Brava. <\/p>\n\n\n\n<p><strong>Pabell\u00f3n Argentino 3:<\/strong>\u00a0Patricio Gionto, Juli\u00e1n Olveira, Ezequiel Lacrouts, Maximiliano Romero Cahu\u00e9, Gonzalo Castelano, Franco Delpiero, Mauro Vigliarolo, Nahuel Romero, Juan Barandari\u00e1n, Juan Paulerena y Franco Monz\u00f3n.\u00a0<strong>DT:<\/strong>\u00a0Juan Achucarro.\u00a0<strong>Suplentes:<\/strong>C\u00e9sar Jurado, Rodrigo Acevedo, Juan Castelano, Leonel An\u00edbal, Bautista Olgiati, Leandro Pascual y Franco Monz\u00f3n.<br><strong>Club Mercedes \u00a02:<\/strong>\u00a0Francisco Bidone, Gabriel Rodr\u00edguez, Sebasti\u00e1n Cabral, Facundo Ferros, Franco P\u00e9rez, Franco Rodr\u00edguez, Germ\u00e1n Puliti, Agust\u00edn Juanicotena, Joaqu\u00edn Parra, Luis Giacoy y Leandro Filippini.\u00a0<strong>DT:<\/strong>\u00a0Walter D\u00edaz.\u00a0<strong>Suplentes:<\/strong>\u00a0Juan Luza, Franco Mart\u00ednez y Francisco Silvestre.<br><strong>Goles:<\/strong>\u00a0Juan Barandari\u00e1n, Nahuel Romero. Agust\u00edn Juanicotena y Luis Giacoy en Club Mercedes. <\/p>\n\n\n\n<p><strong>Juventud 3:<\/strong>\u00a0Joaqu\u00edn Su\u00e1rez, Mart\u00edn Carretto, Juan Mes\u00eda, Esteban Garc\u00eda, Alexis Stilisano, Federico Clarac, Felipe Tabossi, Nicol\u00e1s Minetti, Luis Lawler, Mauro Correa y Mat\u00edas Correa.\u00a0<strong>DT:<\/strong>\u00a0I\u00f1aki Darritchon.\u00a0<strong>Suplentes:<\/strong>\u00a0Nahuel Gich\u00f3n, Bladimir Gonz\u00e1lez, Alejo Mes\u00eda, Facundo Lobos, Vicente Bernal, Iv\u00e1n Zambrano y Tom\u00e1s Rosetti.<br><strong>Los Carteros FC 2:<\/strong>\u00a0David Br\u00edsoliz, Mauro Pintos, Neri Lazarte, Jonathan Bartolomeo, Franco Torres, Blas De Los Santos, Laureano Torres, Cristian Santana, Mauro Sigona, Germ\u00e1n Lucero y Nicol\u00e1s Montenegro.\u00a0<strong>DT:<\/strong>\u00a0Carlos Molina.\u00a0<strong>Suplentes:<\/strong>\u00a0Mat\u00edas Ag\u00fcero, Josimar Mosquera, Nahuel Herrera y Nicol\u00e1s Sampol.<br><strong>Goles:<\/strong>\u00a0Felipe Tabossi, Juan Mes\u00eda y Nicol\u00e1s Minetti para Juventud. Jonathan Bartolomeo y Nicol\u00e1s Montenegro para Los Carteros.<br><strong>Arbitro:<\/strong>\u00a0Nicol\u00e1s De Los Santos.<br><strong>Expulsados:<\/strong>\u00a0Esteban Garc\u00eda y Facundo Lobos en Juventud. Germ\u00e1n Lucero en Los Carteros. <\/p>\n\n\n\n<figure class=\"wp-block-image\"><img loading=\"lazy\" decoding=\"async\" width=\"645\" height=\"793\" data-attachment-id=\"93320\" data-permalink=\"https:\/\/www.hoymercedes.com.ar\/principal\/2019\/05\/20\/trocha-mantiene-su-invicto-y-quilmes-es-el-nuevo-lider-de-la-zona-c\/primera-liga-pos-8-2\/#main\" data-orig-file=\"https:\/\/www.hoymercedes.com.ar\/principal\/wp-content\/uploads\/2019\/05\/PRIMERA-LIGA-POS-8.png\" data-orig-size=\"645,793\" data-comments-opened=\"0\" data-image-meta=\"{&quot;aperture&quot;:&quot;0&quot;,&quot;credit&quot;:&quot;&quot;,&quot;camera&quot;:&quot;&quot;,&quot;caption&quot;:&quot;&quot;,&quot;created_timestamp&quot;:&quot;0&quot;,&quot;copyright&quot;:&quot;&quot;,&quot;focal_length&quot;:&quot;0&quot;,&quot;iso&quot;:&quot;0&quot;,&quot;shutter_speed&quot;:&quot;0&quot;,&quot;title&quot;:&quot;&quot;,&quot;orientation&quot;:&quot;0&quot;}\" data-image-title=\"PRIMERA-LIGA-POS-8\" data-image-description=\"\" data-image-caption=\"\" data-large-file=\"https:\/\/www.hoymercedes.com.ar\/principal\/wp-content\/uploads\/2019\/05\/PRIMERA-LIGA-POS-8.png\" src=\"https:\/\/www.hoymercedes.com.ar\/principal\/wp-content\/uploads\/2019\/05\/PRIMERA-LIGA-POS-8.png\" alt=\"\" class=\"wp-image-93320\" srcset=\"https:\/\/www.hoymercedes.com.ar\/principal\/wp-content\/uploads\/2019\/05\/PRIMERA-LIGA-POS-8.png 645w, https:\/\/www.hoymercedes.com.ar\/principal\/wp-content\/uploads\/2019\/05\/PRIMERA-LIGA-POS-8-122x150.png 122w, https:\/\/www.hoymercedes.com.ar\/principal\/wp-content\/uploads\/2019\/05\/PRIMERA-LIGA-POS-8-504x620.png 504w\" sizes=\"auto, (max-width: 645px) 100vw, 645px\" \/><\/figure>\n\n\n\n<div class=\"wp-block-image\"><figure class=\"aligncenter\"><img loading=\"lazy\" decoding=\"async\" width=\"333\" height=\"387\" data-attachment-id=\"93321\" data-permalink=\"https:\/\/www.hoymercedes.com.ar\/principal\/2019\/05\/20\/trocha-mantiene-su-invicto-y-quilmes-es-el-nuevo-lider-de-la-zona-c\/goles-liga-pri-3-2\/#main\" data-orig-file=\"https:\/\/www.hoymercedes.com.ar\/principal\/wp-content\/uploads\/2019\/05\/Goles-LIGA-PRI-3.png\" data-orig-size=\"333,387\" data-comments-opened=\"0\" data-image-meta=\"{&quot;aperture&quot;:&quot;0&quot;,&quot;credit&quot;:&quot;&quot;,&quot;camera&quot;:&quot;&quot;,&quot;caption&quot;:&quot;&quot;,&quot;created_timestamp&quot;:&quot;0&quot;,&quot;copyright&quot;:&quot;&quot;,&quot;focal_length&quot;:&quot;0&quot;,&quot;iso&quot;:&quot;0&quot;,&quot;shutter_speed&quot;:&quot;0&quot;,&quot;title&quot;:&quot;&quot;,&quot;orientation&quot;:&quot;0&quot;}\" data-image-title=\"Goles-LIGA-PRI-3\" data-image-description=\"\" data-image-caption=\"\" data-large-file=\"https:\/\/www.hoymercedes.com.ar\/principal\/wp-content\/uploads\/2019\/05\/Goles-LIGA-PRI-3.png\" src=\"https:\/\/www.hoymercedes.com.ar\/principal\/wp-content\/uploads\/2019\/05\/Goles-LIGA-PRI-3.png\" alt=\"\" class=\"wp-image-93321\" srcset=\"https:\/\/www.hoymercedes.com.ar\/principal\/wp-content\/uploads\/2019\/05\/Goles-LIGA-PRI-3.png 333w, https:\/\/www.hoymercedes.com.ar\/principal\/wp-content\/uploads\/2019\/05\/Goles-LIGA-PRI-3-129x150.png 129w\" sizes=\"auto, (max-width: 333px) 100vw, 333px\" \/><\/figure><\/div>\n","protected":false},"excerpt":{"rendered":"<p>El torneo de la Liga Mercedina no tiene demasiado atractivo en sus tablas de posiciones, a punto tal que tras &#8230; <a title=\"Trocha mantiene su invicto y Quilmes es el nuevo l\u00edder de la Zona C\" class=\"read-more\" href=\"https:\/\/www.hoymercedes.com.ar\/principal\/2019\/05\/20\/trocha-mantiene-su-invicto-y-quilmes-es-el-nuevo-lider-de-la-zona-c\/\" aria-label=\"Leer m\u00e1s sobre Trocha mantiene su invicto y Quilmes es el nuevo l\u00edder de la Zona C\">Leer m\u00e1s<\/a><\/p>\n","protected":false},"author":1,"featured_media":93320,"comment_status":"closed","ping_status":"open","sticky":false,"template":"","format":"standard","meta":{"_monsterinsights_skip_tracking":false,"_monsterinsights_sitenote_active":false,"_monsterinsights_sitenote_note":"","_monsterinsights_sitenote_category":0,"jetpack_post_was_ever_published":false,"_jetpack_newsletter_access":"","_jetpack_dont_email_post_to_subs":false,"_jetpack_newsletter_tier_id":0,"_jetpack_memberships_contains_paywalled_content":false,"_jetpack_memberships_contains_paid_content":false,"footnotes":"","jetpack_publicize_message":"","jetpack_publicize_feature_enabled":true,"jetpack_social_post_already_shared":true,"jetpack_social_options":{"image_generator_settings":{"template":"highway","default_image_id":0,"font":"","enabled":false},"version":2},"_wpas_customize_per_network":false},"categories":[21],"tags":[1003,1901],"class_list":["post-93319","post","type-post","status-publish","format-standard","has-post-thumbnail","hentry","category-deportes","tag-futbol","tag-liga-mercedina","generate-columns","tablet-grid-50","mobile-grid-100","grid-parent","grid-50"],"jetpack_publicize_connections":[],"jetpack_featured_media_url":"https:\/\/www.hoymercedes.com.ar\/principal\/wp-content\/uploads\/2019\/05\/PRIMERA-LIGA-POS-8.png","wps_subtitle":"Liga Mercedina","jetpack_sharing_enabled":true,"_links":{"self":[{"href":"https:\/\/www.hoymercedes.com.ar\/principal\/wp-json\/wp\/v2\/posts\/93319","targetHints":{"allow":["GET"]}}],"collection":[{"href":"https:\/\/www.hoymercedes.com.ar\/principal\/wp-json\/wp\/v2\/posts"}],"about":[{"href":"https:\/\/www.hoymercedes.com.ar\/principal\/wp-json\/wp\/v2\/types\/post"}],"author":[{"embeddable":true,"href":"https:\/\/www.hoymercedes.com.ar\/principal\/wp-json\/wp\/v2\/users\/1"}],"replies":[{"embeddable":true,"href":"https:\/\/www.hoymercedes.com.ar\/principal\/wp-json\/wp\/v2\/comments?post=93319"}],"version-history":[{"count":0,"href":"https:\/\/www.hoymercedes.com.ar\/principal\/wp-json\/wp\/v2\/posts\/93319\/revisions"}],"wp:featuredmedia":[{"embeddable":true,"href":"https:\/\/www.hoymercedes.com.ar\/principal\/wp-json\/wp\/v2\/media\/93320"}],"wp:attachment":[{"href":"https:\/\/www.hoymercedes.com.ar\/principal\/wp-json\/wp\/v2\/media?parent=93319"}],"wp:term":[{"taxonomy":"category","embeddable":true,"href":"https:\/\/www.hoymercedes.com.ar\/principal\/wp-json\/wp\/v2\/categories?post=93319"},{"taxonomy":"post_tag","embeddable":true,"href":"https:\/\/www.hoymercedes.com.ar\/principal\/wp-json\/wp\/v2\/tags?post=93319"}],"curies":[{"name":"wp","href":"https:\/\/api.w.org\/{rel}","templated":true}]}}