{"id":93325,"date":"2019-05-20T20:26:33","date_gmt":"2019-05-20T23:26:33","guid":{"rendered":"http:\/\/www.hoymercedes.com.ar\/principal\/?p=93325"},"modified":"2019-05-20T20:35:56","modified_gmt":"2019-05-20T23:35:56","slug":"en-reserva-ateneo-vs-estudiantes-se-suspendio-por-agresion-al-juez-mihura","status":"publish","type":"post","link":"https:\/\/www.hoymercedes.com.ar\/principal\/2019\/05\/20\/en-reserva-ateneo-vs-estudiantes-se-suspendio-por-agresion-al-juez-mihura\/","title":{"rendered":"En Reserva, Ateneo Vs. Estudiantes se suspendi\u00f3 por agresi\u00f3n al juez Mihura"},"content":{"rendered":"\n<p>Con el postergado entre El Front\u00f3n y El Tim\u00f3n se jug\u00f3 entre s\u00e1bado y domingo en forma completa la fecha 11 del torneo de Reserva de la Liga Mercedina, que tuvo el dato negro del fin de semana, ya que el partido entre Ateneo y Estudiantes debi\u00f3 suspenderse a los 17 minutos del segundo tiempo tras la agresi\u00f3n de Franco Ledesma, del Pincha, sobre el \u00e1rbitro del partido, Javier Mihura.<\/p>\n\n\n\n<p>Todo ocurri\u00f3 luego del segundo gol de Ateneo, cuando los jugadores del pincha reaccionaron por la situaci\u00f3n del juego y entre ellos, Ledesma le propin\u00f3 un golpe al \u00e1rbitro, que oblig\u00f3 a la posterior suspensi\u00f3n del partido. Se estima que adem\u00e1s del agresor, hay otro jugador m\u00e1s involucrado, pero eso se resolver\u00e1 a trav\u00e9s de lo que investigue el Tribunal de Disciplina de la Liga.<\/p>\n\n\n\n<p>Ahora se espera la actuaci\u00f3n de este Tribunal, que seguramente suspender\u00e1 por un tiempo prolongado a Ledesma (N. de la R.: por una situaci\u00f3n menor a esta, el a\u00f1o pasado Fabricio Paganini, de El Front\u00f3n, recibi\u00f3 tres a\u00f1os de suspensi\u00f3n) y la no continuidad del partido.<\/p>\n\n\n\n<p><strong>Ateneo 2:<\/strong>&nbsp;Mauro D\u00edaz y Nicol\u00e1s P\u00e9rez.<br><strong>Estudiantes 1<\/strong>.<\/p>\n\n\n\n<p><strong>AMEFIP San Mart\u00edn 4:<\/strong>&nbsp;Germ\u00e1n Castillo, Juli\u00e1n Cano, Bautista Andr\u00e9s y Agust\u00edn Ram\u00edrez.<br><strong>Quilmes 1:<\/strong>&nbsp;Agust\u00edn Canale.<\/p>\n\n\n\n<p><strong>Talleres 1:<\/strong>\u00a0Franco Ibaldi.<br><strong>Palometas 1:<\/strong>\u00a0Mariano Brehinier.<\/p>\n\n\n\n<p><strong>Trocha 2:<\/strong>&nbsp;Diego Castro y Joaqu\u00edn Schenone.<br><strong>La Diego Armando 1:<\/strong>&nbsp;Rodrigo Montenegro.<\/p>\n\n\n\n<p><strong>Defensores &nbsp;1:<\/strong>&nbsp;Santiago Arias.<br><strong>Costa Brava 2:<\/strong>&nbsp;Nahuel Quiroga y Ariel Rold\u00e1n.<\/p>\n\n\n\n<p><strong>Holanda 4:<\/strong>&nbsp;Agust\u00edn Uboldi 3 y Tom\u00e1s Bord\u00f3n.<br><strong>Col\u00f3n 3:<\/strong>&nbsp;Dar\u00edo Ag\u00fcero 3.<\/p>\n\n\n\n<p><strong>Uni\u00f3n 0.<br>Atl\u00e9tico Marcos Paz 2:<\/strong>&nbsp;Alan Pi\u00f1ero y Tom\u00e1s Gallo.<\/p>\n\n\n\n<p><strong>Juventud 2:<\/strong>&nbsp;Hern\u00e1n Carreto y Vicente Bernal.<br><strong>Los Carteros FC 0<\/strong>.<\/p>\n\n\n\n<p><strong>Pabell\u00f3n Argentino 3:<\/strong>\u00a0Mariano Irondo, Gonzalo Hourquebie y J. Castelano.<br><strong>Club Mercedes 0<\/strong>.<\/p>\n\n\n\n<figure class=\"wp-block-image\"><img loading=\"lazy\" decoding=\"async\" width=\"645\" height=\"788\" data-attachment-id=\"93331\" data-permalink=\"https:\/\/www.hoymercedes.com.ar\/principal\/2019\/05\/20\/en-reserva-ateneo-vs-estudiantes-se-suspendio-por-agresion-al-juez-mihura\/reserva-liga-pos-4-2\/#main\" data-orig-file=\"https:\/\/www.hoymercedes.com.ar\/principal\/wp-content\/uploads\/2019\/05\/RESERVA-LIGA-POS-4.png\" data-orig-size=\"645,788\" data-comments-opened=\"0\" data-image-meta=\"{&quot;aperture&quot;:&quot;0&quot;,&quot;credit&quot;:&quot;&quot;,&quot;camera&quot;:&quot;&quot;,&quot;caption&quot;:&quot;&quot;,&quot;created_timestamp&quot;:&quot;0&quot;,&quot;copyright&quot;:&quot;&quot;,&quot;focal_length&quot;:&quot;0&quot;,&quot;iso&quot;:&quot;0&quot;,&quot;shutter_speed&quot;:&quot;0&quot;,&quot;title&quot;:&quot;&quot;,&quot;orientation&quot;:&quot;0&quot;}\" data-image-title=\"RESERVA-LIGA-POS-4\" data-image-description=\"\" data-image-caption=\"\" data-large-file=\"https:\/\/www.hoymercedes.com.ar\/principal\/wp-content\/uploads\/2019\/05\/RESERVA-LIGA-POS-4.png\" src=\"https:\/\/www.hoymercedes.com.ar\/principal\/wp-content\/uploads\/2019\/05\/RESERVA-LIGA-POS-4.png\" alt=\"\" class=\"wp-image-93331\" srcset=\"https:\/\/www.hoymercedes.com.ar\/principal\/wp-content\/uploads\/2019\/05\/RESERVA-LIGA-POS-4.png 645w, https:\/\/www.hoymercedes.com.ar\/principal\/wp-content\/uploads\/2019\/05\/RESERVA-LIGA-POS-4-123x150.png 123w, https:\/\/www.hoymercedes.com.ar\/principal\/wp-content\/uploads\/2019\/05\/RESERVA-LIGA-POS-4-507x620.png 507w\" sizes=\"auto, (max-width: 645px) 100vw, 645px\" \/><\/figure>\n\n\n\n<div class=\"wp-block-image\"><figure class=\"aligncenter\"><img loading=\"lazy\" decoding=\"async\" width=\"333\" height=\"450\" data-attachment-id=\"93332\" data-permalink=\"https:\/\/www.hoymercedes.com.ar\/principal\/2019\/05\/20\/en-reserva-ateneo-vs-estudiantes-se-suspendio-por-agresion-al-juez-mihura\/goles-liga-res-3-2\/#main\" data-orig-file=\"https:\/\/www.hoymercedes.com.ar\/principal\/wp-content\/uploads\/2019\/05\/GOLES-LIGA-RES-3.png\" data-orig-size=\"333,450\" data-comments-opened=\"0\" data-image-meta=\"{&quot;aperture&quot;:&quot;0&quot;,&quot;credit&quot;:&quot;&quot;,&quot;camera&quot;:&quot;&quot;,&quot;caption&quot;:&quot;&quot;,&quot;created_timestamp&quot;:&quot;0&quot;,&quot;copyright&quot;:&quot;&quot;,&quot;focal_length&quot;:&quot;0&quot;,&quot;iso&quot;:&quot;0&quot;,&quot;shutter_speed&quot;:&quot;0&quot;,&quot;title&quot;:&quot;&quot;,&quot;orientation&quot;:&quot;0&quot;}\" data-image-title=\"GOLES-LIGA-RES-3\" data-image-description=\"\" data-image-caption=\"\" data-large-file=\"https:\/\/www.hoymercedes.com.ar\/principal\/wp-content\/uploads\/2019\/05\/GOLES-LIGA-RES-3.png\" src=\"https:\/\/www.hoymercedes.com.ar\/principal\/wp-content\/uploads\/2019\/05\/GOLES-LIGA-RES-3.png\" alt=\"\" class=\"wp-image-93332\" srcset=\"https:\/\/www.hoymercedes.com.ar\/principal\/wp-content\/uploads\/2019\/05\/GOLES-LIGA-RES-3.png 333w, https:\/\/www.hoymercedes.com.ar\/principal\/wp-content\/uploads\/2019\/05\/GOLES-LIGA-RES-3-111x150.png 111w\" sizes=\"auto, (max-width: 333px) 100vw, 333px\" \/><\/figure><\/div>\n","protected":false},"excerpt":{"rendered":"<p>Con el postergado entre El Front\u00f3n y El Tim\u00f3n se jug\u00f3 entre s\u00e1bado y domingo en forma completa la fecha &#8230; <a title=\"En Reserva, Ateneo Vs. Estudiantes se suspendi\u00f3 por agresi\u00f3n al juez Mihura\" class=\"read-more\" href=\"https:\/\/www.hoymercedes.com.ar\/principal\/2019\/05\/20\/en-reserva-ateneo-vs-estudiantes-se-suspendio-por-agresion-al-juez-mihura\/\" aria-label=\"Leer m\u00e1s sobre En Reserva, Ateneo Vs. Estudiantes se suspendi\u00f3 por agresi\u00f3n al juez Mihura\">Leer m\u00e1s<\/a><\/p>\n","protected":false},"author":1,"featured_media":93331,"comment_status":"closed","ping_status":"open","sticky":false,"template":"","format":"standard","meta":{"_monsterinsights_skip_tracking":false,"_monsterinsights_sitenote_active":false,"_monsterinsights_sitenote_note":"","_monsterinsights_sitenote_category":0,"jetpack_post_was_ever_published":false,"_jetpack_newsletter_access":"","_jetpack_dont_email_post_to_subs":false,"_jetpack_newsletter_tier_id":0,"_jetpack_memberships_contains_paywalled_content":false,"_jetpack_memberships_contains_paid_content":false,"footnotes":"","jetpack_publicize_message":"","jetpack_publicize_feature_enabled":true,"jetpack_social_post_already_shared":true,"jetpack_social_options":{"image_generator_settings":{"template":"highway","default_image_id":0,"font":"","enabled":false},"version":2},"_wpas_customize_per_network":false},"categories":[21],"tags":[3509,1901],"class_list":["post-93325","post","type-post","status-publish","format-standard","has-post-thumbnail","hentry","category-deportes","tag-agresion","tag-liga-mercedina","generate-columns","tablet-grid-50","mobile-grid-100","grid-parent","grid-50"],"jetpack_publicize_connections":[],"jetpack_featured_media_url":"https:\/\/www.hoymercedes.com.ar\/principal\/wp-content\/uploads\/2019\/05\/RESERVA-LIGA-POS-4.png","wps_subtitle":"Liga Mercedina","jetpack_sharing_enabled":true,"_links":{"self":[{"href":"https:\/\/www.hoymercedes.com.ar\/principal\/wp-json\/wp\/v2\/posts\/93325","targetHints":{"allow":["GET"]}}],"collection":[{"href":"https:\/\/www.hoymercedes.com.ar\/principal\/wp-json\/wp\/v2\/posts"}],"about":[{"href":"https:\/\/www.hoymercedes.com.ar\/principal\/wp-json\/wp\/v2\/types\/post"}],"author":[{"embeddable":true,"href":"https:\/\/www.hoymercedes.com.ar\/principal\/wp-json\/wp\/v2\/users\/1"}],"replies":[{"embeddable":true,"href":"https:\/\/www.hoymercedes.com.ar\/principal\/wp-json\/wp\/v2\/comments?post=93325"}],"version-history":[{"count":0,"href":"https:\/\/www.hoymercedes.com.ar\/principal\/wp-json\/wp\/v2\/posts\/93325\/revisions"}],"wp:featuredmedia":[{"embeddable":true,"href":"https:\/\/www.hoymercedes.com.ar\/principal\/wp-json\/wp\/v2\/media\/93331"}],"wp:attachment":[{"href":"https:\/\/www.hoymercedes.com.ar\/principal\/wp-json\/wp\/v2\/media?parent=93325"}],"wp:term":[{"taxonomy":"category","embeddable":true,"href":"https:\/\/www.hoymercedes.com.ar\/principal\/wp-json\/wp\/v2\/categories?post=93325"},{"taxonomy":"post_tag","embeddable":true,"href":"https:\/\/www.hoymercedes.com.ar\/principal\/wp-json\/wp\/v2\/tags?post=93325"}],"curies":[{"name":"wp","href":"https:\/\/api.w.org\/{rel}","templated":true}]}}