{"id":93386,"date":"2019-05-22T07:49:56","date_gmt":"2019-05-22T10:49:56","guid":{"rendered":"http:\/\/www.hoymercedes.com.ar\/principal\/?p=93386"},"modified":"2019-05-20T22:52:13","modified_gmt":"2019-05-21T01:52:13","slug":"gran-fiesta-por-el-25o-aniversario-del-rugby-club-mercedes","status":"publish","type":"post","link":"https:\/\/www.hoymercedes.com.ar\/principal\/2019\/05\/22\/gran-fiesta-por-el-25o-aniversario-del-rugby-club-mercedes\/","title":{"rendered":"Gran fiesta por el 25\u00ba aniversario del Rugby Club Mercedes"},"content":{"rendered":"\n<p>Con una gran fiesta el Rugby Club Mercedes celebr\u00f3 sus 25 a\u00f1os de vida institucional. El encuentro convoc\u00f3 a 500 personas que colmaron las instalaciones del sal\u00f3n. El jefe comunal Juan Ignacio Ustarroz felicit\u00f3 a la instituci\u00f3n. Hubo solidaridad, show en vivo y mucha emoci\u00f3n. Su presidente Gonzalo Cazenave recorri\u00f3 la historia y personalidades del club.<\/p>\n\n\n\n<div class=\"wp-block-image\"><figure class=\"aligncenter\"><img loading=\"lazy\" decoding=\"async\" width=\"436\" height=\"290\" data-attachment-id=\"93387\" data-permalink=\"https:\/\/www.hoymercedes.com.ar\/principal\/2019\/05\/22\/gran-fiesta-por-el-25o-aniversario-del-rugby-club-mercedes\/dsc_0101-2\/#main\" data-orig-file=\"https:\/\/www.hoymercedes.com.ar\/principal\/wp-content\/uploads\/2019\/05\/DSC_0101.jpg\" data-orig-size=\"436,290\" data-comments-opened=\"0\" data-image-meta=\"{&quot;aperture&quot;:&quot;0&quot;,&quot;credit&quot;:&quot;&quot;,&quot;camera&quot;:&quot;&quot;,&quot;caption&quot;:&quot;&quot;,&quot;created_timestamp&quot;:&quot;0&quot;,&quot;copyright&quot;:&quot;&quot;,&quot;focal_length&quot;:&quot;0&quot;,&quot;iso&quot;:&quot;0&quot;,&quot;shutter_speed&quot;:&quot;0&quot;,&quot;title&quot;:&quot;&quot;,&quot;orientation&quot;:&quot;0&quot;}\" data-image-title=\"DSC_0101\" data-image-description=\"\" data-image-caption=\"\" data-large-file=\"https:\/\/www.hoymercedes.com.ar\/principal\/wp-content\/uploads\/2019\/05\/DSC_0101.jpg\" src=\"https:\/\/www.hoymercedes.com.ar\/principal\/wp-content\/uploads\/2019\/05\/DSC_0101.jpg\" alt=\"\" class=\"wp-image-93387\" srcset=\"https:\/\/www.hoymercedes.com.ar\/principal\/wp-content\/uploads\/2019\/05\/DSC_0101.jpg 436w, https:\/\/www.hoymercedes.com.ar\/principal\/wp-content\/uploads\/2019\/05\/DSC_0101-150x100.jpg 150w, https:\/\/www.hoymercedes.com.ar\/principal\/wp-content\/uploads\/2019\/05\/DSC_0101-360x240.jpg 360w\" sizes=\"auto, (max-width: 436px) 100vw, 436px\" \/><\/figure><\/div>\n\n\n\n<p>La fiesta cont\u00f3 con una gran afluencia de p\u00fablico en el predio de La Trocha, en el denominado galp\u00f3n grande, donde se realiz\u00f3 una gran cena.<\/p>\n\n\n\n<p>Por parte de la instituci\u00f3n hubo una proyecci\u00f3n que expuso todo lo que han venido desarrollando en los \u00faltimos a\u00f1os, desde el crecimiento edilicio a los \u00e9xitos deportivos, tanto en rugby como hockey.<\/p>\n\n\n\n<p>Vale recordar que el rugby es la expresi\u00f3n para hombres y el hockey para mujeres, mostrando as\u00ed la integraci\u00f3n deportiva y familiar. Fue Juan Tancredi quien exhibi\u00f3 los detalles, a la vez de efectuar una suerte de informes a los socios y miembros de la comunidad.<\/p>\n\n\n\n<p>Recientemente cambi\u00f3, tambi\u00e9n comentaron, la comisi\u00f3n directiva, \u201cpero seguimos trabajando todos, juntos, por el club\u201d, narraron, siendo su presidente Gonzalo Cazenave, quien a la hora de tomar la palabra record\u00f3 a una gran cantidad de personas que \u201chicieron grande la instituci\u00f3n, hay mucha gente que trabaj\u00f3 por este club\u201d y m\u00e1s adelante afirm\u00f3 que \u201cestamos tambi\u00e9n muy contentos por gente de otros clubes que se sumaron y tienen pertenencia ya con el club\u201d para luego narrar que \u201cagradecemos a Juani (Ustarroz) que siempre colabora\u201d sosteniendo que \u201crenovamos la comisi\u00f3n, pusimos gente joven con muchas ganas de trabajar, en el club lo ver\u00e1n reflejado, agradeciendo a todas las comisiones que pasaron, a cada uno de los jugadores y fundamentalmente a todas las familias que fundaron y labura\u201d, y coment\u00f3 que \u201ctambi\u00e9n al municipio, que siempre colabor\u00f3, y hoy nos toca la suerte de tener a Juani que nos apoya much\u00edsimo, hemos tenido colaboraci\u00f3n siempre, pero nunca como ahora, donde desde el municipio tenemos un apoyo extraordinario para llevar adelante el crecimiento y las obras que tenemos en el club\u201d, para luego agradecer tambi\u00e9n a todos los sponsors.<\/p>\n\n\n\n<p>Por su parte, el intendente Ustarroz hizo entrega de una bandeja conmemorativa y sostuvo: \u201cRealmente es muy emocionante estar ac\u00e1, ver tanta gente, familias, colaborando con un Club\u201d. Y coment\u00f3 que \u201cdesde el primer grupo que arrancaron, so\u00f1ando, desde el aquel primer foquito, hoy vemos un club que crece much\u00edsimo\u201d. Adem\u00e1s coment\u00f3 que \u201cse ve en infraestructura, que quiz\u00e1s es lo que yo m\u00e1s veo, pero tambi\u00e9n que hoy los jugadores sirvan las mesas, los chicos, la emoci\u00f3n vivida, los valores transmitiros, la unidad como fuerza, el compromiso y la pasi\u00f3n\u201d y destac\u00f3 que \u201cno es casualidad haya tanta gente\u201d mencionando que \u201cel Rugby tiene mucho para aportar\u201d.<\/p>\n\n\n\n<p>Ustarroz remarc\u00f3 luego que \u201cel municipio no les dar\u00e1 pronto el subsidio para finalizar obras, sino, por el contrario, se lo ganaron, porque son un ejemplo como club, como instituci\u00f3n, a seguir so\u00f1ando, a seguir con la pasi\u00f3n\u201d.<\/p>\n\n\n\n<p>La fiesta tuvo un cierre musical con Fernanda Ottolini &amp; La Banda, abriendo una pista de baile que permiti\u00f3 a las familias enteras, presentes en la noche de acompa\u00f1amiento institucional, seguir festejando y continuar con una velada que, adem\u00e1s, fue con cantina solidaria a cargo del club.<\/p>\n\n\n\n<p>Una linda imagen, adem\u00e1s, se vivi\u00f3 con los m\u00e1s peque\u00f1os, encargados ellos de soplar las velitas de la torta del 25 aniversario.<\/p>\n\n\n\n<ul class=\"wp-block-gallery columns-3 is-cropped wp-block-gallery-1 is-layout-flex wp-block-gallery-is-layout-flex\"><li class=\"blocks-gallery-item\"><figure><img loading=\"lazy\" decoding=\"async\" width=\"951\" height=\"632\" data-attachment-id=\"93388\" data-permalink=\"https:\/\/www.hoymercedes.com.ar\/principal\/2019\/05\/22\/gran-fiesta-por-el-25o-aniversario-del-rugby-club-mercedes\/dsc_0438-2\/#main\" data-orig-file=\"https:\/\/www.hoymercedes.com.ar\/principal\/wp-content\/uploads\/2019\/05\/DSC_0438.jpg\" data-orig-size=\"951,632\" data-comments-opened=\"0\" data-image-meta=\"{&quot;aperture&quot;:&quot;0&quot;,&quot;credit&quot;:&quot;&quot;,&quot;camera&quot;:&quot;&quot;,&quot;caption&quot;:&quot;&quot;,&quot;created_timestamp&quot;:&quot;0&quot;,&quot;copyright&quot;:&quot;&quot;,&quot;focal_length&quot;:&quot;0&quot;,&quot;iso&quot;:&quot;0&quot;,&quot;shutter_speed&quot;:&quot;0&quot;,&quot;title&quot;:&quot;&quot;,&quot;orientation&quot;:&quot;0&quot;}\" data-image-title=\"DSC_0438\" data-image-description=\"\" data-image-caption=\"\" data-large-file=\"https:\/\/www.hoymercedes.com.ar\/principal\/wp-content\/uploads\/2019\/05\/DSC_0438.jpg\" src=\"https:\/\/www.hoymercedes.com.ar\/principal\/wp-content\/uploads\/2019\/05\/DSC_0438.jpg\" alt=\"\" data-id=\"93388\" data-link=\"https:\/\/www.hoymercedes.com.ar\/principal\/?attachment_id=93388\" class=\"wp-image-93388\" srcset=\"https:\/\/www.hoymercedes.com.ar\/principal\/wp-content\/uploads\/2019\/05\/DSC_0438.jpg 951w, https:\/\/www.hoymercedes.com.ar\/principal\/wp-content\/uploads\/2019\/05\/DSC_0438-150x100.jpg 150w, https:\/\/www.hoymercedes.com.ar\/principal\/wp-content\/uploads\/2019\/05\/DSC_0438-630x419.jpg 630w, https:\/\/www.hoymercedes.com.ar\/principal\/wp-content\/uploads\/2019\/05\/DSC_0438-360x240.jpg 360w\" sizes=\"auto, (max-width: 951px) 100vw, 951px\" \/><\/figure><\/li><li class=\"blocks-gallery-item\"><figure><img loading=\"lazy\" decoding=\"async\" width=\"951\" height=\"632\" data-attachment-id=\"93389\" data-permalink=\"https:\/\/www.hoymercedes.com.ar\/principal\/2019\/05\/22\/gran-fiesta-por-el-25o-aniversario-del-rugby-club-mercedes\/dsc_0098\/#main\" data-orig-file=\"https:\/\/www.hoymercedes.com.ar\/principal\/wp-content\/uploads\/2019\/05\/DSC_0098.jpg\" data-orig-size=\"951,632\" data-comments-opened=\"0\" data-image-meta=\"{&quot;aperture&quot;:&quot;0&quot;,&quot;credit&quot;:&quot;&quot;,&quot;camera&quot;:&quot;&quot;,&quot;caption&quot;:&quot;&quot;,&quot;created_timestamp&quot;:&quot;0&quot;,&quot;copyright&quot;:&quot;&quot;,&quot;focal_length&quot;:&quot;0&quot;,&quot;iso&quot;:&quot;0&quot;,&quot;shutter_speed&quot;:&quot;0&quot;,&quot;title&quot;:&quot;&quot;,&quot;orientation&quot;:&quot;0&quot;}\" data-image-title=\"DSC_0098\" data-image-description=\"\" data-image-caption=\"\" data-large-file=\"https:\/\/www.hoymercedes.com.ar\/principal\/wp-content\/uploads\/2019\/05\/DSC_0098.jpg\" src=\"https:\/\/www.hoymercedes.com.ar\/principal\/wp-content\/uploads\/2019\/05\/DSC_0098.jpg\" alt=\"\" data-id=\"93389\" data-link=\"https:\/\/www.hoymercedes.com.ar\/principal\/?attachment_id=93389\" class=\"wp-image-93389\" srcset=\"https:\/\/www.hoymercedes.com.ar\/principal\/wp-content\/uploads\/2019\/05\/DSC_0098.jpg 951w, https:\/\/www.hoymercedes.com.ar\/principal\/wp-content\/uploads\/2019\/05\/DSC_0098-150x100.jpg 150w, https:\/\/www.hoymercedes.com.ar\/principal\/wp-content\/uploads\/2019\/05\/DSC_0098-630x419.jpg 630w, https:\/\/www.hoymercedes.com.ar\/principal\/wp-content\/uploads\/2019\/05\/DSC_0098-360x240.jpg 360w\" sizes=\"auto, (max-width: 951px) 100vw, 951px\" \/><\/figure><\/li><li class=\"blocks-gallery-item\"><figure><img loading=\"lazy\" decoding=\"async\" width=\"951\" height=\"632\" data-attachment-id=\"93390\" data-permalink=\"https:\/\/www.hoymercedes.com.ar\/principal\/2019\/05\/22\/gran-fiesta-por-el-25o-aniversario-del-rugby-club-mercedes\/dsc_0156-2\/#main\" data-orig-file=\"https:\/\/www.hoymercedes.com.ar\/principal\/wp-content\/uploads\/2019\/05\/DSC_0156.jpg\" data-orig-size=\"951,632\" data-comments-opened=\"0\" data-image-meta=\"{&quot;aperture&quot;:&quot;0&quot;,&quot;credit&quot;:&quot;&quot;,&quot;camera&quot;:&quot;&quot;,&quot;caption&quot;:&quot;&quot;,&quot;created_timestamp&quot;:&quot;0&quot;,&quot;copyright&quot;:&quot;&quot;,&quot;focal_length&quot;:&quot;0&quot;,&quot;iso&quot;:&quot;0&quot;,&quot;shutter_speed&quot;:&quot;0&quot;,&quot;title&quot;:&quot;&quot;,&quot;orientation&quot;:&quot;0&quot;}\" data-image-title=\"DSC_0156\" data-image-description=\"\" data-image-caption=\"\" data-large-file=\"https:\/\/www.hoymercedes.com.ar\/principal\/wp-content\/uploads\/2019\/05\/DSC_0156.jpg\" src=\"https:\/\/www.hoymercedes.com.ar\/principal\/wp-content\/uploads\/2019\/05\/DSC_0156.jpg\" alt=\"\" data-id=\"93390\" data-link=\"https:\/\/www.hoymercedes.com.ar\/principal\/?attachment_id=93390\" class=\"wp-image-93390\" srcset=\"https:\/\/www.hoymercedes.com.ar\/principal\/wp-content\/uploads\/2019\/05\/DSC_0156.jpg 951w, https:\/\/www.hoymercedes.com.ar\/principal\/wp-content\/uploads\/2019\/05\/DSC_0156-150x100.jpg 150w, https:\/\/www.hoymercedes.com.ar\/principal\/wp-content\/uploads\/2019\/05\/DSC_0156-630x419.jpg 630w, https:\/\/www.hoymercedes.com.ar\/principal\/wp-content\/uploads\/2019\/05\/DSC_0156-360x240.jpg 360w\" sizes=\"auto, (max-width: 951px) 100vw, 951px\" \/><\/figure><\/li><li class=\"blocks-gallery-item\"><figure><img loading=\"lazy\" decoding=\"async\" width=\"951\" height=\"632\" data-attachment-id=\"93391\" data-permalink=\"https:\/\/www.hoymercedes.com.ar\/principal\/2019\/05\/22\/gran-fiesta-por-el-25o-aniversario-del-rugby-club-mercedes\/dsc_0015-6\/#main\" data-orig-file=\"https:\/\/www.hoymercedes.com.ar\/principal\/wp-content\/uploads\/2019\/05\/DSC_0015.jpg\" data-orig-size=\"951,632\" data-comments-opened=\"0\" data-image-meta=\"{&quot;aperture&quot;:&quot;0&quot;,&quot;credit&quot;:&quot;&quot;,&quot;camera&quot;:&quot;&quot;,&quot;caption&quot;:&quot;&quot;,&quot;created_timestamp&quot;:&quot;0&quot;,&quot;copyright&quot;:&quot;&quot;,&quot;focal_length&quot;:&quot;0&quot;,&quot;iso&quot;:&quot;0&quot;,&quot;shutter_speed&quot;:&quot;0&quot;,&quot;title&quot;:&quot;&quot;,&quot;orientation&quot;:&quot;0&quot;}\" data-image-title=\"DSC_0015\" data-image-description=\"\" data-image-caption=\"\" data-large-file=\"https:\/\/www.hoymercedes.com.ar\/principal\/wp-content\/uploads\/2019\/05\/DSC_0015.jpg\" src=\"https:\/\/www.hoymercedes.com.ar\/principal\/wp-content\/uploads\/2019\/05\/DSC_0015.jpg\" alt=\"\" data-id=\"93391\" data-link=\"https:\/\/www.hoymercedes.com.ar\/principal\/?attachment_id=93391\" class=\"wp-image-93391\" srcset=\"https:\/\/www.hoymercedes.com.ar\/principal\/wp-content\/uploads\/2019\/05\/DSC_0015.jpg 951w, https:\/\/www.hoymercedes.com.ar\/principal\/wp-content\/uploads\/2019\/05\/DSC_0015-150x100.jpg 150w, https:\/\/www.hoymercedes.com.ar\/principal\/wp-content\/uploads\/2019\/05\/DSC_0015-630x419.jpg 630w, https:\/\/www.hoymercedes.com.ar\/principal\/wp-content\/uploads\/2019\/05\/DSC_0015-360x240.jpg 360w\" sizes=\"auto, (max-width: 951px) 100vw, 951px\" \/><\/figure><\/li><li class=\"blocks-gallery-item\"><figure><img loading=\"lazy\" decoding=\"async\" width=\"951\" height=\"632\" data-attachment-id=\"93392\" data-permalink=\"https:\/\/www.hoymercedes.com.ar\/principal\/2019\/05\/22\/gran-fiesta-por-el-25o-aniversario-del-rugby-club-mercedes\/dsc_0007-2\/#main\" data-orig-file=\"https:\/\/www.hoymercedes.com.ar\/principal\/wp-content\/uploads\/2019\/05\/DSC_0007.jpg\" data-orig-size=\"951,632\" data-comments-opened=\"0\" data-image-meta=\"{&quot;aperture&quot;:&quot;0&quot;,&quot;credit&quot;:&quot;&quot;,&quot;camera&quot;:&quot;&quot;,&quot;caption&quot;:&quot;&quot;,&quot;created_timestamp&quot;:&quot;0&quot;,&quot;copyright&quot;:&quot;&quot;,&quot;focal_length&quot;:&quot;0&quot;,&quot;iso&quot;:&quot;0&quot;,&quot;shutter_speed&quot;:&quot;0&quot;,&quot;title&quot;:&quot;&quot;,&quot;orientation&quot;:&quot;0&quot;}\" data-image-title=\"DSC_0007\" data-image-description=\"\" data-image-caption=\"\" data-large-file=\"https:\/\/www.hoymercedes.com.ar\/principal\/wp-content\/uploads\/2019\/05\/DSC_0007.jpg\" src=\"https:\/\/www.hoymercedes.com.ar\/principal\/wp-content\/uploads\/2019\/05\/DSC_0007.jpg\" alt=\"\" data-id=\"93392\" data-link=\"https:\/\/www.hoymercedes.com.ar\/principal\/?attachment_id=93392\" class=\"wp-image-93392\" srcset=\"https:\/\/www.hoymercedes.com.ar\/principal\/wp-content\/uploads\/2019\/05\/DSC_0007.jpg 951w, https:\/\/www.hoymercedes.com.ar\/principal\/wp-content\/uploads\/2019\/05\/DSC_0007-150x100.jpg 150w, https:\/\/www.hoymercedes.com.ar\/principal\/wp-content\/uploads\/2019\/05\/DSC_0007-630x419.jpg 630w, https:\/\/www.hoymercedes.com.ar\/principal\/wp-content\/uploads\/2019\/05\/DSC_0007-360x240.jpg 360w\" sizes=\"auto, (max-width: 951px) 100vw, 951px\" \/><\/figure><\/li><\/ul>\n","protected":false},"excerpt":{"rendered":"<p>Con una gran fiesta el Rugby Club Mercedes celebr\u00f3 sus 25 a\u00f1os de vida institucional. El encuentro convoc\u00f3 a 500 &#8230; <a title=\"Gran fiesta por el 25\u00ba aniversario del Rugby Club Mercedes\" class=\"read-more\" href=\"https:\/\/www.hoymercedes.com.ar\/principal\/2019\/05\/22\/gran-fiesta-por-el-25o-aniversario-del-rugby-club-mercedes\/\" aria-label=\"Leer m\u00e1s sobre Gran fiesta por el 25\u00ba aniversario del Rugby Club Mercedes\">Leer m\u00e1s<\/a><\/p>\n","protected":false},"author":1,"featured_media":93387,"comment_status":"closed","ping_status":"open","sticky":false,"template":"","format":"standard","meta":{"_monsterinsights_skip_tracking":false,"_monsterinsights_sitenote_active":false,"_monsterinsights_sitenote_note":"","_monsterinsights_sitenote_category":0,"jetpack_post_was_ever_published":false,"_jetpack_newsletter_access":"","_jetpack_dont_email_post_to_subs":false,"_jetpack_newsletter_tier_id":0,"_jetpack_memberships_contains_paywalled_content":false,"_jetpack_memberships_contains_paid_content":false,"footnotes":"","jetpack_publicize_message":"","jetpack_publicize_feature_enabled":true,"jetpack_social_post_already_shared":true,"jetpack_social_options":{"image_generator_settings":{"template":"highway","default_image_id":0,"font":"","enabled":false},"version":2},"_wpas_customize_per_network":false},"categories":[21],"tags":[7084],"class_list":["post-93386","post","type-post","status-publish","format-standard","has-post-thumbnail","hentry","category-deportes","tag-mercedes-rugby-club","generate-columns","tablet-grid-50","mobile-grid-100","grid-parent","grid-50"],"jetpack_publicize_connections":[],"jetpack_featured_media_url":"https:\/\/www.hoymercedes.com.ar\/principal\/wp-content\/uploads\/2019\/05\/DSC_0101.jpg","wps_subtitle":"Rugby","jetpack_sharing_enabled":true,"_links":{"self":[{"href":"https:\/\/www.hoymercedes.com.ar\/principal\/wp-json\/wp\/v2\/posts\/93386","targetHints":{"allow":["GET"]}}],"collection":[{"href":"https:\/\/www.hoymercedes.com.ar\/principal\/wp-json\/wp\/v2\/posts"}],"about":[{"href":"https:\/\/www.hoymercedes.com.ar\/principal\/wp-json\/wp\/v2\/types\/post"}],"author":[{"embeddable":true,"href":"https:\/\/www.hoymercedes.com.ar\/principal\/wp-json\/wp\/v2\/users\/1"}],"replies":[{"embeddable":true,"href":"https:\/\/www.hoymercedes.com.ar\/principal\/wp-json\/wp\/v2\/comments?post=93386"}],"version-history":[{"count":0,"href":"https:\/\/www.hoymercedes.com.ar\/principal\/wp-json\/wp\/v2\/posts\/93386\/revisions"}],"wp:featuredmedia":[{"embeddable":true,"href":"https:\/\/www.hoymercedes.com.ar\/principal\/wp-json\/wp\/v2\/media\/93387"}],"wp:attachment":[{"href":"https:\/\/www.hoymercedes.com.ar\/principal\/wp-json\/wp\/v2\/media?parent=93386"}],"wp:term":[{"taxonomy":"category","embeddable":true,"href":"https:\/\/www.hoymercedes.com.ar\/principal\/wp-json\/wp\/v2\/categories?post=93386"},{"taxonomy":"post_tag","embeddable":true,"href":"https:\/\/www.hoymercedes.com.ar\/principal\/wp-json\/wp\/v2\/tags?post=93386"}],"curies":[{"name":"wp","href":"https:\/\/api.w.org\/{rel}","templated":true}]}}