{"id":93395,"date":"2019-05-22T11:37:54","date_gmt":"2019-05-22T14:37:54","guid":{"rendered":"http:\/\/www.hoymercedes.com.ar\/principal\/?p=93395"},"modified":"2019-05-21T08:05:24","modified_gmt":"2019-05-21T11:05:24","slug":"emanuel-bernal-campeon-de-la-a-benjamin-mustoni-campeon-de-la-c","status":"publish","type":"post","link":"https:\/\/www.hoymercedes.com.ar\/principal\/2019\/05\/22\/emanuel-bernal-campeon-de-la-a-benjamin-mustoni-campeon-de-la-c\/","title":{"rendered":"Emanuel Bernal campe\u00f3n de la A, Benjam\u00edn Mustoni campe\u00f3n de la C"},"content":{"rendered":"\n<p>Finaliz\u00f3 ayer en las canchas de la Liga de Padres el primer torneo de la A, los m\u00e1s grandes de nuestra ciudad. El torneo hab\u00eda comenzado el s\u00e1bado pasado pero no se pudo culminar.<\/p>\n\n\n\n<figure class=\"wp-block-image\"><img loading=\"lazy\" decoding=\"async\" width=\"768\" height=\"1024\" data-attachment-id=\"93399\" data-permalink=\"https:\/\/www.hoymercedes.com.ar\/principal\/2019\/05\/22\/emanuel-bernal-campeon-de-la-a-benjamin-mustoni-campeon-de-la-c\/img-20190518-wa0035\/#main\" data-orig-file=\"https:\/\/www.hoymercedes.com.ar\/principal\/wp-content\/uploads\/2019\/05\/IMG-20190518-WA0035.jpg\" data-orig-size=\"780,1040\" data-comments-opened=\"0\" data-image-meta=\"{&quot;aperture&quot;:&quot;0&quot;,&quot;credit&quot;:&quot;&quot;,&quot;camera&quot;:&quot;&quot;,&quot;caption&quot;:&quot;&quot;,&quot;created_timestamp&quot;:&quot;0&quot;,&quot;copyright&quot;:&quot;&quot;,&quot;focal_length&quot;:&quot;0&quot;,&quot;iso&quot;:&quot;0&quot;,&quot;shutter_speed&quot;:&quot;0&quot;,&quot;title&quot;:&quot;&quot;,&quot;orientation&quot;:&quot;0&quot;}\" data-image-title=\"IMG-20190518-WA0035\" data-image-description=\"\" data-image-caption=\"\" data-large-file=\"https:\/\/www.hoymercedes.com.ar\/principal\/wp-content\/uploads\/2019\/05\/IMG-20190518-WA0035-768x1024.jpg\" src=\"https:\/\/www.hoymercedes.com.ar\/principal\/wp-content\/uploads\/2019\/05\/IMG-20190518-WA0035-768x1024.jpg\" alt=\"\" class=\"wp-image-93399\" srcset=\"https:\/\/www.hoymercedes.com.ar\/principal\/wp-content\/uploads\/2019\/05\/IMG-20190518-WA0035-768x1024.jpg 768w, https:\/\/www.hoymercedes.com.ar\/principal\/wp-content\/uploads\/2019\/05\/IMG-20190518-WA0035-113x150.jpg 113w, https:\/\/www.hoymercedes.com.ar\/principal\/wp-content\/uploads\/2019\/05\/IMG-20190518-WA0035-465x620.jpg 465w, https:\/\/www.hoymercedes.com.ar\/principal\/wp-content\/uploads\/2019\/05\/IMG-20190518-WA0035.jpg 780w\" sizes=\"auto, (max-width: 768px) 100vw, 768px\" \/><\/figure>\n\n\n\n<p>Emanuel Bernal se coron\u00f3 campe\u00f3n al vencer en muy lindo partido a Lautaro Esnaola y suma importantes puntos para el r\u00e1nking mercedino de la categor\u00eda.<\/p>\n\n\n\n<p>Los resultados del torneo que organizan los directores Mauricio \u00abPoroto\u00bb Pisoni y Hern\u00e1n Ricaldoni y dirigido por los profes Juan Manuel Regueiro y Emiliano Marcelo fueron los siguientes:<\/p>\n\n\n\n<p>Zona I<br>1- Emanuel Bernal<br>2- Lautaro Esnaola<br>3- Santino Meccia<br>4- Guido Martirena<\/p>\n\n\n\n<p>Zona II<br>1- Pedro Fregossi<br>2- Ramiro Cartelli<br>3- Pedro Arenas<br>4- Juan Bria<\/p>\n\n\n\n<figure class=\"wp-block-image\"><img loading=\"lazy\" decoding=\"async\" width=\"768\" height=\"1024\" data-attachment-id=\"93400\" data-permalink=\"https:\/\/www.hoymercedes.com.ar\/principal\/2019\/05\/22\/emanuel-bernal-campeon-de-la-a-benjamin-mustoni-campeon-de-la-c\/img-20190518-wa0034\/#main\" data-orig-file=\"https:\/\/www.hoymercedes.com.ar\/principal\/wp-content\/uploads\/2019\/05\/IMG-20190518-WA0034.jpg\" data-orig-size=\"780,1040\" data-comments-opened=\"0\" data-image-meta=\"{&quot;aperture&quot;:&quot;0&quot;,&quot;credit&quot;:&quot;&quot;,&quot;camera&quot;:&quot;&quot;,&quot;caption&quot;:&quot;&quot;,&quot;created_timestamp&quot;:&quot;0&quot;,&quot;copyright&quot;:&quot;&quot;,&quot;focal_length&quot;:&quot;0&quot;,&quot;iso&quot;:&quot;0&quot;,&quot;shutter_speed&quot;:&quot;0&quot;,&quot;title&quot;:&quot;&quot;,&quot;orientation&quot;:&quot;0&quot;}\" data-image-title=\"IMG-20190518-WA0034\" data-image-description=\"\" data-image-caption=\"\" data-large-file=\"https:\/\/www.hoymercedes.com.ar\/principal\/wp-content\/uploads\/2019\/05\/IMG-20190518-WA0034-768x1024.jpg\" src=\"https:\/\/www.hoymercedes.com.ar\/principal\/wp-content\/uploads\/2019\/05\/IMG-20190518-WA0034-768x1024.jpg\" alt=\"\" class=\"wp-image-93400\" srcset=\"https:\/\/www.hoymercedes.com.ar\/principal\/wp-content\/uploads\/2019\/05\/IMG-20190518-WA0034-768x1024.jpg 768w, https:\/\/www.hoymercedes.com.ar\/principal\/wp-content\/uploads\/2019\/05\/IMG-20190518-WA0034-113x150.jpg 113w, https:\/\/www.hoymercedes.com.ar\/principal\/wp-content\/uploads\/2019\/05\/IMG-20190518-WA0034-465x620.jpg 465w, https:\/\/www.hoymercedes.com.ar\/principal\/wp-content\/uploads\/2019\/05\/IMG-20190518-WA0034.jpg 780w\" sizes=\"auto, (max-width: 768px) 100vw, 768px\" \/><\/figure>\n\n\n\n<p>Zona III<br>1- Federico Laresca<br>2- Alan Dematei<br>3- Bernardo Lasa<br>4- Santiago Bugarin<\/p>\n\n\n\n<p>Zona IV<br>1- Valentino Andorno<br>2- Yael Lacassin<br>3- Lucas Montoya<br>4- Sim\u00f3n Vita<br>5- Benito Torrontegui<\/p>\n\n\n\n<p>CUARTOS<br>Pedro Fregossi a Yael Lacassin 6-4<br>Emanuel Bernal a Ramiro Cartelli 6-3<br>Lautaro Esnaola a Federico Laresca W.O<br>Alan Dematei a Valentino Andorno 6-0<\/p>\n\n\n\n<p>SEMIS<br>Emanuel Bernal a Pedro Fregossi 6-4<br>Lautaro Esnaola a Alan Dematei 7-5<\/p>\n\n\n\n<p>Final<br>Emanuel Bernal a Lautaro Esnaola 6-3<\/p>\n\n\n\n<p><strong>BENJAMIN MUSTONI CAMPE\u00d3N DE LA C<\/strong><\/p>\n\n\n\n<p>Y tambi\u00e9n ayer se disput\u00f3 el torneo Interno categor\u00eda \u00abC\u00bb. Con muchos chicos con ganas de competir, aprender y divertirse se hicieron presentes para participar. Sali\u00f3 un muy buen torneo, con varios partidos de gran nivel, d\u00f3nde Benjam\u00edn Mustoni logr\u00f3 una regularidad que lo hizo imparable.<\/p>\n\n\n\n<p>Resultados:<\/p>\n\n\n\n<p>Zona I<\/p>\n\n\n\n<p>1- Joaqu\u00edn Colimodio<br>2- Lorenzo Spinetta<br>3- Marcos Massiochi<br>4- Justo De Marco<\/p>\n\n\n\n<p>Zona II<\/p>\n\n\n\n<p>1- Bautista Gallo<br>2- Benjam\u00edn Mustoni<br>3- Brenda Alan\u00edz<br>4- Juan P. L\u00f3pez<\/p>\n\n\n\n<p>Zona III<\/p>\n\n\n\n<p>1- Felipe Rivero<br>2- Tiziano Meccia<br>3- Sebasti\u00e1n Mosca<br>4- Sim\u00f3n Quiroga<\/p>\n\n\n\n<p>Zona IV<\/p>\n\n\n\n<p>1- Pepo Murrie<br>2- Francisco Quintana<br>3- Joaqu\u00edn Trevis\u00e1n<br>4- Benicio Fusco<br>5- Mateo Corbella<\/p>\n\n\n\n<p>Cuartos<br>Lorenzo Spinetta a Pepo Murrie 4\/3<br>Bautista Gallo a Francisco Quintana 4\/2<br>Joaqu\u00edn Colimodio a Tiziano Meccia 4\/1<br>Benjam\u00edn Mustoni a Felipe Rivero 4\/0<\/p>\n\n\n\n<p>Semis<br>Benjam\u00edn Mustoni a Joaqu\u00edn Colimodio 4\/3<br>Lorenzo Spinetta a Bautista Gallo 4\/0<\/p>\n\n\n\n<p>Final<br>Benjam\u00edn Mustoni a Lorenzo Spinetta 4\/3<\/p>\n\n\n\n<p><strong>PR\u00d3XIMO FINDE GRADO 5 EN LUJ\u00c1N<\/strong><br>Varios alumnos de las escuelas de tenis del Club Mercedes y de la Liga de Padres participar\u00e1n el pr\u00f3ximo s\u00e1bado 25 de Mayo del 1er torneo Grado 5 de Atoba en la ciudad de Luj\u00e1n.<\/p>\n","protected":false},"excerpt":{"rendered":"<p>Finaliz\u00f3 ayer en las canchas de la Liga de Padres el primer torneo de la A, los m\u00e1s grandes de &#8230; <a title=\"Emanuel Bernal campe\u00f3n de la A, Benjam\u00edn Mustoni campe\u00f3n de la C\" class=\"read-more\" href=\"https:\/\/www.hoymercedes.com.ar\/principal\/2019\/05\/22\/emanuel-bernal-campeon-de-la-a-benjamin-mustoni-campeon-de-la-c\/\" aria-label=\"Leer m\u00e1s sobre Emanuel Bernal campe\u00f3n de la A, Benjam\u00edn Mustoni campe\u00f3n de la C\">Leer m\u00e1s<\/a><\/p>\n","protected":false},"author":1,"featured_media":93399,"comment_status":"closed","ping_status":"open","sticky":false,"template":"","format":"standard","meta":{"_monsterinsights_skip_tracking":false,"_monsterinsights_sitenote_active":false,"_monsterinsights_sitenote_note":"","_monsterinsights_sitenote_category":0,"jetpack_post_was_ever_published":false,"_jetpack_newsletter_access":"","_jetpack_dont_email_post_to_subs":false,"_jetpack_newsletter_tier_id":0,"_jetpack_memberships_contains_paywalled_content":false,"_jetpack_memberships_contains_paid_content":false,"footnotes":"","jetpack_publicize_message":"","jetpack_publicize_feature_enabled":true,"jetpack_social_post_already_shared":true,"jetpack_social_options":{"image_generator_settings":{"template":"highway","default_image_id":0,"font":"","enabled":false},"version":2},"_wpas_customize_per_network":false},"categories":[21],"tags":[15117,15116],"class_list":["post-93395","post","type-post","status-publish","format-standard","has-post-thumbnail","hentry","category-deportes","tag-benjamin-mustoni","tag-liga-de-padres-de-familia","generate-columns","tablet-grid-50","mobile-grid-100","grid-parent","grid-50"],"jetpack_publicize_connections":[],"jetpack_featured_media_url":"https:\/\/www.hoymercedes.com.ar\/principal\/wp-content\/uploads\/2019\/05\/IMG-20190518-WA0035.jpg","wps_subtitle":"Tenis","jetpack_sharing_enabled":true,"_links":{"self":[{"href":"https:\/\/www.hoymercedes.com.ar\/principal\/wp-json\/wp\/v2\/posts\/93395","targetHints":{"allow":["GET"]}}],"collection":[{"href":"https:\/\/www.hoymercedes.com.ar\/principal\/wp-json\/wp\/v2\/posts"}],"about":[{"href":"https:\/\/www.hoymercedes.com.ar\/principal\/wp-json\/wp\/v2\/types\/post"}],"author":[{"embeddable":true,"href":"https:\/\/www.hoymercedes.com.ar\/principal\/wp-json\/wp\/v2\/users\/1"}],"replies":[{"embeddable":true,"href":"https:\/\/www.hoymercedes.com.ar\/principal\/wp-json\/wp\/v2\/comments?post=93395"}],"version-history":[{"count":0,"href":"https:\/\/www.hoymercedes.com.ar\/principal\/wp-json\/wp\/v2\/posts\/93395\/revisions"}],"wp:featuredmedia":[{"embeddable":true,"href":"https:\/\/www.hoymercedes.com.ar\/principal\/wp-json\/wp\/v2\/media\/93399"}],"wp:attachment":[{"href":"https:\/\/www.hoymercedes.com.ar\/principal\/wp-json\/wp\/v2\/media?parent=93395"}],"wp:term":[{"taxonomy":"category","embeddable":true,"href":"https:\/\/www.hoymercedes.com.ar\/principal\/wp-json\/wp\/v2\/categories?post=93395"},{"taxonomy":"post_tag","embeddable":true,"href":"https:\/\/www.hoymercedes.com.ar\/principal\/wp-json\/wp\/v2\/tags?post=93395"}],"curies":[{"name":"wp","href":"https:\/\/api.w.org\/{rel}","templated":true}]}}