{"id":9341,"date":"2011-11-25T11:44:11","date_gmt":"2011-11-25T11:44:11","guid":{"rendered":"http:\/\/www.hoymercedes.com.ar\/principal\/?p=9341"},"modified":"2011-11-25T11:44:11","modified_gmt":"2011-11-25T11:44:11","slug":"implementan-fuerte-campana-de-control-en-motos-y-ciclomotores","status":"publish","type":"post","link":"https:\/\/www.hoymercedes.com.ar\/principal\/2011\/11\/25\/implementan-fuerte-campana-de-control-en-motos-y-ciclomotores\/","title":{"rendered":"Implementan fuerte campa\u00f1a de control en motos y ciclomotores"},"content":{"rendered":"<p>Los responsable de la Secretar\u00eda de Control Urbano, es decir su Secretario Jos\u00e9 Luis Bern\u00e1rdez, y el Subsecretario Dr. Daniel Loch brindaron ayer una conferencia de prensa para explicar la realizaci\u00f3n de dos importantes operativos de control en nuestro Partido.<\/p>\n<p>Se refirieron concretamente a los operativos correspondiente a la circulaci\u00f3n y encuentros de grupo especialmente de j\u00f3venes con motos de diferente cilindradas en determinados sectores de la ciudad quienes realizan actividades directamente perjudiciales para los vecinos en general, y el operativo que tiene que ver con el control de habilitaciones en comercios, especialmente en los barrios, comercios a los que ya se los ha notificado y dado un plazo para regularizar su situaci\u00f3n.<\/p>\n<p>Con relaci\u00f3n al control de motos expresaron \u201clo que pasa con las motos en Mercedes es un tema que realmente nos preocupa a todos pero de manera muy particular a nosotros en la Secretar\u00eda y en tal sentido queremos hacer una aclaraci\u00f3n, en nuestra ciudad hay alrededor de 16 mil motos circulando pero no todas creando disturbios, originando problemas de tr\u00e1nsito, circulando sus conductores sin casco o sin licencia para conducir y porque no tambi\u00e9n sin los papeles reglamentarios, pero la realidad indica que tenemos un buena cantidad de grupos que realmente interfieren con las actividades de los mercedinos durante los fines de semana cuando por ejemplo quieren ir al Parque Municipal a pasar la tarde o porque noche la noche comiendo un asado y hasta si se quiere concurrir al centro para tomar algo en algunas de las mesas en la plaza San Mart\u00edn de las confiter\u00edas que se encuentran en torno de la misma y no est\u00e1n tranquilos justamente por el continuo accionar de estos grupos y sus motos.<\/p>\n<p>Son grupos muy bien organizados, dir\u00eda tan bien o mejor que nosotros ya que disponen de una amplia red de comunicaci\u00f3n por celulares o bien por facebook y as\u00ed planean lo que luego van a hacer en nuestras calles andando a muy fuerte velocidad, haciendo picadas por ejemplo a lo largo de la avenida 40, j\u00f3venes que si logramos que se detengan maltratan e insultan a los agentes de tr\u00e1nsito por lo cual debemos de manera obligatoria trabajar en los controles con efectivos de polic\u00eda a quienes incluso llegan a enfrentar y por m\u00e1s que nos movamos no logramos hacer una contenci\u00f3n efectiva.<\/p>\n<p>Es un tema que reiteramos nos preocupa a todos as\u00ed que nos hemos propuesto comenzar con una campa\u00f1a muy dura de control que puede terminar en el secuestro de la moto y tambi\u00e9n de la licencia de conducir tal como lo dictaminan las normas legales vigentes para nuestra ciudad.<\/p>\n<p>Pero para que nadie pueda decir que no dimos a conocer la implementaci\u00f3n de esta campa\u00f1a es que decimos que este fin de semana vamos a estar con un riguroso operativo en todo el Parque Municipal Independencia porque tenemos datos muy concretos que sobre todo los domingos se juntan grupos que se dedican a molestar a quienes de manera familiar est\u00e1n pasando un momento de tranquilidad y realmente culpa de los ruidos y la velocidad que desarrollan dichas motos no lo pueden hacer.<\/p>\n<p>Sabemos que ser\u00e1 una tarea m\u00e1s que dif\u00edcil pero con la ayuda y colaboraci\u00f3n de todos estamos seguros que vamos a poder lograr el objetivo que nos hemos propuesto.<\/p>\n<p>Con esto no estamos diciendo a los j\u00f3venes que no pueden ir m\u00e1s al parque con motos, desde ya que pueden ir como quieran pero evidentemente deber\u00e1n hacerlo como corresponde sin perjudicar las actividad es de otros vecinos de la ciudad, por eso toda aquella motocicleta que no re\u00fana las condiciones indispensable para poder circular ser\u00e1n detenidas y se les labrar\u00e1 el acta correspondiente las que luego ser\u00e1n giradas al tribunal Municipal de Faltas para su tratamiento, en definitiva no haremos otra cosas que hacer efectiva la aplicaci\u00f3n y el estricto cumplimiento de las normas de seguridad y circulaci\u00f3n legalmente vigentes en nuestro territorio\u201d.<\/p>\n","protected":false},"excerpt":{"rendered":"<p>Los responsable de la Secretar\u00eda de Control Urbano, es decir su Secretario Jos\u00e9 Luis Bern\u00e1rdez, y el Subsecretario Dr. Daniel &#8230; <a title=\"Implementan fuerte campa\u00f1a de control en motos y ciclomotores\" class=\"read-more\" href=\"https:\/\/www.hoymercedes.com.ar\/principal\/2011\/11\/25\/implementan-fuerte-campana-de-control-en-motos-y-ciclomotores\/\" aria-label=\"Leer m\u00e1s sobre Implementan fuerte campa\u00f1a de control en motos y ciclomotores\">Leer m\u00e1s<\/a><\/p>\n","protected":false},"author":1,"featured_media":0,"comment_status":"open","ping_status":"open","sticky":false,"template":"","format":"standard","meta":{"_monsterinsights_skip_tracking":false,"_monsterinsights_sitenote_active":false,"_monsterinsights_sitenote_note":"","_monsterinsights_sitenote_category":0,"jetpack_post_was_ever_published":false,"_jetpack_newsletter_access":"","_jetpack_dont_email_post_to_subs":false,"_jetpack_newsletter_tier_id":0,"_jetpack_memberships_contains_paywalled_content":false,"_jetpack_memberships_contains_paid_content":false,"footnotes":"","jetpack_publicize_message":"","jetpack_publicize_feature_enabled":true,"jetpack_social_post_already_shared":false,"jetpack_social_options":{"image_generator_settings":{"template":"highway","default_image_id":0,"font":"","enabled":false},"version":2},"_wpas_customize_per_network":false},"categories":[30],"tags":[1624,1625,1616,1623],"class_list":["post-9341","post","type-post","status-publish","format-standard","hentry","category-municipio","tag-autos","tag-cascos","tag-control-urbano","tag-motos","generate-columns","tablet-grid-50","mobile-grid-100","grid-parent","grid-50"],"jetpack_publicize_connections":[],"jetpack_featured_media_url":"","wps_subtitle":"","jetpack_sharing_enabled":true,"_links":{"self":[{"href":"https:\/\/www.hoymercedes.com.ar\/principal\/wp-json\/wp\/v2\/posts\/9341","targetHints":{"allow":["GET"]}}],"collection":[{"href":"https:\/\/www.hoymercedes.com.ar\/principal\/wp-json\/wp\/v2\/posts"}],"about":[{"href":"https:\/\/www.hoymercedes.com.ar\/principal\/wp-json\/wp\/v2\/types\/post"}],"author":[{"embeddable":true,"href":"https:\/\/www.hoymercedes.com.ar\/principal\/wp-json\/wp\/v2\/users\/1"}],"replies":[{"embeddable":true,"href":"https:\/\/www.hoymercedes.com.ar\/principal\/wp-json\/wp\/v2\/comments?post=9341"}],"version-history":[{"count":0,"href":"https:\/\/www.hoymercedes.com.ar\/principal\/wp-json\/wp\/v2\/posts\/9341\/revisions"}],"wp:attachment":[{"href":"https:\/\/www.hoymercedes.com.ar\/principal\/wp-json\/wp\/v2\/media?parent=9341"}],"wp:term":[{"taxonomy":"category","embeddable":true,"href":"https:\/\/www.hoymercedes.com.ar\/principal\/wp-json\/wp\/v2\/categories?post=9341"},{"taxonomy":"post_tag","embeddable":true,"href":"https:\/\/www.hoymercedes.com.ar\/principal\/wp-json\/wp\/v2\/tags?post=9341"}],"curies":[{"name":"wp","href":"https:\/\/api.w.org\/{rel}","templated":true}]}}