{"id":93411,"date":"2019-05-21T08:57:07","date_gmt":"2019-05-21T11:57:07","guid":{"rendered":"http:\/\/www.hoymercedes.com.ar\/principal\/?p=93411"},"modified":"2019-05-21T08:57:13","modified_gmt":"2019-05-21T11:57:13","slug":"hoy-culmina-la-inscripcion-para-el-segundo-torneo-del-circuito-de-tenis-mercedino","status":"publish","type":"post","link":"https:\/\/www.hoymercedes.com.ar\/principal\/2019\/05\/21\/hoy-culmina-la-inscripcion-para-el-segundo-torneo-del-circuito-de-tenis-mercedino\/","title":{"rendered":"Hoy culmina la inscripci\u00f3n para el segundo torneo del Circuito de Tenis Mercedino"},"content":{"rendered":"\n<p>El pr\u00f3ximo s\u00e1bado 25 de mayo dar\u00e1 comienzo en las canchas del Club Mercedes el segundo Torneo del Circuito Mercedino de Tenis.<\/p>\n\n\n\n<figure class=\"wp-block-image\"><img loading=\"lazy\" decoding=\"async\" width=\"640\" height=\"459\" data-attachment-id=\"93412\" data-permalink=\"https:\/\/www.hoymercedes.com.ar\/principal\/2019\/05\/21\/hoy-culmina-la-inscripcion-para-el-segundo-torneo-del-circuito-de-tenis-mercedino\/cd-ctm\/#main\" data-orig-file=\"https:\/\/www.hoymercedes.com.ar\/principal\/wp-content\/uploads\/2019\/05\/CD-CTM.jpg\" data-orig-size=\"640,459\" data-comments-opened=\"0\" data-image-meta=\"{&quot;aperture&quot;:&quot;0&quot;,&quot;credit&quot;:&quot;&quot;,&quot;camera&quot;:&quot;&quot;,&quot;caption&quot;:&quot;&quot;,&quot;created_timestamp&quot;:&quot;0&quot;,&quot;copyright&quot;:&quot;&quot;,&quot;focal_length&quot;:&quot;0&quot;,&quot;iso&quot;:&quot;0&quot;,&quot;shutter_speed&quot;:&quot;0&quot;,&quot;title&quot;:&quot;&quot;,&quot;orientation&quot;:&quot;0&quot;}\" data-image-title=\"CD-CTM\" data-image-description=\"\" data-image-caption=\"\" data-large-file=\"https:\/\/www.hoymercedes.com.ar\/principal\/wp-content\/uploads\/2019\/05\/CD-CTM.jpg\" src=\"https:\/\/www.hoymercedes.com.ar\/principal\/wp-content\/uploads\/2019\/05\/CD-CTM.jpg\" alt=\"\" class=\"wp-image-93412\" srcset=\"https:\/\/www.hoymercedes.com.ar\/principal\/wp-content\/uploads\/2019\/05\/CD-CTM.jpg 640w, https:\/\/www.hoymercedes.com.ar\/principal\/wp-content\/uploads\/2019\/05\/CD-CTM-150x108.jpg 150w, https:\/\/www.hoymercedes.com.ar\/principal\/wp-content\/uploads\/2019\/05\/CD-CTM-630x452.jpg 630w\" sizes=\"auto, (max-width: 640px) 100vw, 640px\" \/><\/figure>\n\n\n\n<p>Hay una importante expectativa en la previa de la realizaci\u00f3n de este certamen bajo la direcci\u00f3n de la Subcomisi\u00f3n de Tenis. Se espera la participaci\u00f3n de muchos de los tenistas de nuestra ciudad con la intenci\u00f3n de sumar puntos para ingresar al master de fin de a\u00f1o que reunir\u00e1 los mejores jugadores de cada categor\u00eda.<\/p>\n\n\n\n<p>Nuevamente se realizar\u00e1n tres categor\u00edas: A, Intermedia y B.<\/p>\n\n\n\n<p>Los inscriptos hasta este domingo por la noche son:<\/p>\n\n\n\n<p><strong>Categor\u00eda A:<\/strong>&nbsp;Risuleo Juan M, Matthys Juani, Santos German, Falabella Martin, Goicochea Diego, Karp Elias, Sanguinetti Tomas, Bugarin Gaston, Alaniz Jose, Russi Tomas, Russi Adrian, Barrera Nicolas, Caberzacio Sebasti\u00e1n, Barandarian Javier, Rodriguez Augusto, Rodriguez Pablo, Cabachieff Tomas, Sanchez Juan M. , Fregossi Pedro, Angelucci Gustavo, Vazquez Pablo y Marquez Ivan.<\/p>\n\n\n\n<p><strong>Categor\u00eda Intermedia:<\/strong>&nbsp;Villarreal Pablo, Blanco Pedro, Barconte Juani, Arias Jose, Perez Sergio, Montoya Lucas, Molina Federico, Mazzola Juan, Almada Juan Cruz, Cazenave Maximo, Santos Juan, Ferrandis Angel, Perruolo Walter, Ferrandis Juan Arturo, Herrero Patricio, Suarez Nestor, Rebagliati Javier, Saldivia Fernando, Ungaro Carlos, Revora Martin, Brussa Nicolas, Pescio Hugo, Asenzo Federico, Risso Manuel, Andres Juan Pablo, Pisani Domingo, Horn Martin, Falabella Cristian, Falabella Andres, Daverio Daniel y Herrera David.<\/p>\n\n\n\n<p><strong>Categor\u00eda B:<\/strong>&nbsp;Azuaga Mariano, Bereterbide Mateo, Brandoni Santiago, Marenco Mateo, Sirch Jonathan, Ocampo Martin, Marcigliano Ariel, Antonelli Manuel, Crecente Nicolas, Vicoli Matias, Boneo Martin, Annovelli Gustavo, Rodriguez Manuel, Barnetche Nicolas, Coronel Oscar, Braceras Jes\u00fas, Falabella Jonatan, Santa Cruz Ruben, Groso Antonino, Herrera Ramiro y Doratti Esteban.<\/p>\n\n\n\n<p>Para inscribirse hay tiempo hasta el martes 21. Los que a\u00fan no lo han hecho pueden hacerlo llamando a los tel\u00e9fonos de Yeye Fressia (2324-646346), Walter Fedullo (2324-533433) o Juan Ignacio Matthys (11-65408347).<\/p>\n","protected":false},"excerpt":{"rendered":"<p>El pr\u00f3ximo s\u00e1bado 25 de mayo dar\u00e1 comienzo en las canchas del Club Mercedes el segundo Torneo del Circuito Mercedino &#8230; <a title=\"Hoy culmina la inscripci\u00f3n para el segundo torneo del Circuito de Tenis Mercedino\" class=\"read-more\" href=\"https:\/\/www.hoymercedes.com.ar\/principal\/2019\/05\/21\/hoy-culmina-la-inscripcion-para-el-segundo-torneo-del-circuito-de-tenis-mercedino\/\" aria-label=\"Leer m\u00e1s sobre Hoy culmina la inscripci\u00f3n para el segundo torneo del Circuito de Tenis Mercedino\">Leer m\u00e1s<\/a><\/p>\n","protected":false},"author":1,"featured_media":93412,"comment_status":"closed","ping_status":"open","sticky":false,"template":"","format":"standard","meta":{"_monsterinsights_skip_tracking":false,"_monsterinsights_sitenote_active":false,"_monsterinsights_sitenote_note":"","_monsterinsights_sitenote_category":0,"jetpack_post_was_ever_published":false,"_jetpack_newsletter_access":"","_jetpack_dont_email_post_to_subs":false,"_jetpack_newsletter_tier_id":0,"_jetpack_memberships_contains_paywalled_content":false,"_jetpack_memberships_contains_paid_content":false,"footnotes":"","jetpack_publicize_message":"","jetpack_publicize_feature_enabled":true,"jetpack_social_post_already_shared":true,"jetpack_social_options":{"image_generator_settings":{"template":"highway","default_image_id":0,"font":"","enabled":false},"version":2},"_wpas_customize_per_network":false},"categories":[21],"tags":[15118],"class_list":["post-93411","post","type-post","status-publish","format-standard","has-post-thumbnail","hentry","category-deportes","tag-circuito-tenis-mercedino","generate-columns","tablet-grid-50","mobile-grid-100","grid-parent","grid-50"],"jetpack_publicize_connections":[],"jetpack_featured_media_url":"https:\/\/www.hoymercedes.com.ar\/principal\/wp-content\/uploads\/2019\/05\/CD-CTM.jpg","wps_subtitle":"Tenis","jetpack_sharing_enabled":true,"_links":{"self":[{"href":"https:\/\/www.hoymercedes.com.ar\/principal\/wp-json\/wp\/v2\/posts\/93411","targetHints":{"allow":["GET"]}}],"collection":[{"href":"https:\/\/www.hoymercedes.com.ar\/principal\/wp-json\/wp\/v2\/posts"}],"about":[{"href":"https:\/\/www.hoymercedes.com.ar\/principal\/wp-json\/wp\/v2\/types\/post"}],"author":[{"embeddable":true,"href":"https:\/\/www.hoymercedes.com.ar\/principal\/wp-json\/wp\/v2\/users\/1"}],"replies":[{"embeddable":true,"href":"https:\/\/www.hoymercedes.com.ar\/principal\/wp-json\/wp\/v2\/comments?post=93411"}],"version-history":[{"count":0,"href":"https:\/\/www.hoymercedes.com.ar\/principal\/wp-json\/wp\/v2\/posts\/93411\/revisions"}],"wp:featuredmedia":[{"embeddable":true,"href":"https:\/\/www.hoymercedes.com.ar\/principal\/wp-json\/wp\/v2\/media\/93412"}],"wp:attachment":[{"href":"https:\/\/www.hoymercedes.com.ar\/principal\/wp-json\/wp\/v2\/media?parent=93411"}],"wp:term":[{"taxonomy":"category","embeddable":true,"href":"https:\/\/www.hoymercedes.com.ar\/principal\/wp-json\/wp\/v2\/categories?post=93411"},{"taxonomy":"post_tag","embeddable":true,"href":"https:\/\/www.hoymercedes.com.ar\/principal\/wp-json\/wp\/v2\/tags?post=93411"}],"curies":[{"name":"wp","href":"https:\/\/api.w.org\/{rel}","templated":true}]}}