{"id":93472,"date":"2019-05-22T15:59:53","date_gmt":"2019-05-22T18:59:53","guid":{"rendered":"http:\/\/www.hoymercedes.com.ar\/principal\/?p=93472"},"modified":"2019-05-22T17:16:09","modified_gmt":"2019-05-22T20:16:09","slug":"jueves-23-10-hs-segundo-sorteo-de-mi-terreno","status":"publish","type":"post","link":"https:\/\/www.hoymercedes.com.ar\/principal\/2019\/05\/22\/jueves-23-10-hs-segundo-sorteo-de-mi-terreno\/","title":{"rendered":"Jueves 23, 10 hs, segundo sorteo de Mi Terreno"},"content":{"rendered":"\n<p>A partir de las 10 de la ma\u00f1ana de este jueves 23 de mayo, la Municipalidad de Mercedes, a trav\u00e9s del Departamento de Tierras, realizar\u00e1 el segundo sorteo del Programa Mi Terreno. Sortear\u00e1n 50 terrenos entre m\u00e1s de 2000 inscriptos. No habr\u00e1 cupos especiales para organismos e instituciones con quienes ser firmaron acuerdos previos. <\/p>\n\n\n\n<p>A trav\u00e9s de una entrevista, el Director de Tierras, Javier Guevara explic\u00f3 que ser\u00e1n cincuenta los terrenos que sortear\u00e1n este jueves 23 de mayo, a partir de las 10. Son 2086 los inscriptos que est\u00e1n en condiciones de participar del segundo sorteo y que pertenecen a la primera inscripci\u00f3n. <\/p>\n\n\n\n<p>El sorteo ser\u00e1 fiscalizado por el Escribano Mariano Castelucci, titular del Colegio de Notarios. Tal es as\u00ed que los d\u00edas previos realizaron un previo sorteo para emparejar las posibilidades de salir sorteados. <\/p>\n\n\n\n<p>Por otra parte, Guevara explic\u00f3 que \u00absi bien se firm\u00f3 un convenio marco con la Mesa Sindical y avanzamos con convenios individuales con sindicatos, en este sorteo no habr\u00e9 cupos. Los sorteos con cupos ser\u00e1n en el tercero\u00bb. <\/p>\n\n\n\n<p>Los inscriptos no necesitan estar presentes. Los n\u00fameros asignados a cada uno vari\u00f3 respecto al sorteo anterior. El listado est\u00e1 publicado en el sitio web del Municipio en el siguiente link (<a rel=\"noreferrer noopener\" aria-label=\"click aqu\u00ed (opens in a new tab)\" href=\"http:\/\/www2.mercedes.gob.ar\/deju\/\" target=\"_blank\">click aqu\u00ed<\/a>) <\/p>\n","protected":false},"excerpt":{"rendered":"<p>A partir de las 10 de la ma\u00f1ana de este jueves 23 de mayo, la Municipalidad de Mercedes, a trav\u00e9s &#8230; <a title=\"Jueves 23, 10 hs, segundo sorteo de Mi Terreno\" class=\"read-more\" href=\"https:\/\/www.hoymercedes.com.ar\/principal\/2019\/05\/22\/jueves-23-10-hs-segundo-sorteo-de-mi-terreno\/\" aria-label=\"Leer m\u00e1s sobre Jueves 23, 10 hs, segundo sorteo de Mi Terreno\">Leer m\u00e1s<\/a><\/p>\n","protected":false},"author":1,"featured_media":93474,"comment_status":"closed","ping_status":"open","sticky":false,"template":"","format":"standard","meta":{"_monsterinsights_skip_tracking":false,"_monsterinsights_sitenote_active":false,"_monsterinsights_sitenote_note":"","_monsterinsights_sitenote_category":0,"jetpack_post_was_ever_published":false,"_jetpack_newsletter_access":"","_jetpack_dont_email_post_to_subs":false,"_jetpack_newsletter_tier_id":0,"_jetpack_memberships_contains_paywalled_content":false,"_jetpack_memberships_contains_paid_content":false,"footnotes":"","jetpack_publicize_message":"","jetpack_publicize_feature_enabled":true,"jetpack_social_post_already_shared":true,"jetpack_social_options":{"image_generator_settings":{"template":"highway","default_image_id":0,"font":"","enabled":false},"version":2},"_wpas_customize_per_network":false},"categories":[30],"tags":[244,14712],"class_list":["post-93472","post","type-post","status-publish","format-standard","has-post-thumbnail","hentry","category-municipio","tag-municipio-2","tag-sorteo-mi-terreno","generate-columns","tablet-grid-50","mobile-grid-100","grid-parent","grid-50"],"jetpack_publicize_connections":[],"jetpack_featured_media_url":"https:\/\/www.hoymercedes.com.ar\/principal\/wp-content\/uploads\/2019\/05\/22-sorteo-terreno.jpg","wps_subtitle":"","jetpack_sharing_enabled":true,"_links":{"self":[{"href":"https:\/\/www.hoymercedes.com.ar\/principal\/wp-json\/wp\/v2\/posts\/93472","targetHints":{"allow":["GET"]}}],"collection":[{"href":"https:\/\/www.hoymercedes.com.ar\/principal\/wp-json\/wp\/v2\/posts"}],"about":[{"href":"https:\/\/www.hoymercedes.com.ar\/principal\/wp-json\/wp\/v2\/types\/post"}],"author":[{"embeddable":true,"href":"https:\/\/www.hoymercedes.com.ar\/principal\/wp-json\/wp\/v2\/users\/1"}],"replies":[{"embeddable":true,"href":"https:\/\/www.hoymercedes.com.ar\/principal\/wp-json\/wp\/v2\/comments?post=93472"}],"version-history":[{"count":0,"href":"https:\/\/www.hoymercedes.com.ar\/principal\/wp-json\/wp\/v2\/posts\/93472\/revisions"}],"wp:featuredmedia":[{"embeddable":true,"href":"https:\/\/www.hoymercedes.com.ar\/principal\/wp-json\/wp\/v2\/media\/93474"}],"wp:attachment":[{"href":"https:\/\/www.hoymercedes.com.ar\/principal\/wp-json\/wp\/v2\/media?parent=93472"}],"wp:term":[{"taxonomy":"category","embeddable":true,"href":"https:\/\/www.hoymercedes.com.ar\/principal\/wp-json\/wp\/v2\/categories?post=93472"},{"taxonomy":"post_tag","embeddable":true,"href":"https:\/\/www.hoymercedes.com.ar\/principal\/wp-json\/wp\/v2\/tags?post=93472"}],"curies":[{"name":"wp","href":"https:\/\/api.w.org\/{rel}","templated":true}]}}