{"id":93485,"date":"2019-05-23T06:26:07","date_gmt":"2019-05-23T09:26:07","guid":{"rendered":"http:\/\/www.hoymercedes.com.ar\/principal\/?p=93485"},"modified":"2019-05-22T17:59:43","modified_gmt":"2019-05-22T20:59:43","slug":"por-que-no-se-generan-politicas-ambientales-en-argentina","status":"publish","type":"post","link":"https:\/\/www.hoymercedes.com.ar\/principal\/2019\/05\/23\/por-que-no-se-generan-politicas-ambientales-en-argentina\/","title":{"rendered":"\u00bfPor qu\u00e9 no se generan pol\u00edticas ambientales en Argentina?"},"content":{"rendered":"\n<p>Por\nCristi\u00e1n Frers* &#8211; Muchas veces, muchos de nosotros\nnos preguntamos su significado. Es &nbsp;la preocupaci\u00f3n y\ndesarrollo de objetivos con fines para mejorar el ambiente, conservar los\nprincipios naturales de la vida humana&nbsp; fomentando un\ndesarrollo sostenible. Deber\u00eda ser considerada POL\u00cdTICA de Estado, para poder\naplicarla en cualquier regi\u00f3n de un pa\u00eds.<\/p>\n\n\n\n<p>Cuando\nhablamos de pol\u00edtica ambiental, lo hacemos con la finalidad de designar un conjunto de acciones que se estiman necesarias, con\nbase en ciertas previsiones, para alcanzar una serie de objetivos como\nconservar los principios naturales de la vida humana y fomentar el desarrollo\nsostenible. A estos objetivos se deben incorporar decisiones y acciones\nespec\u00edficas destinadas al cumplimiento de los mismos, con el respaldo de\nnormas, instituciones y procedimientos que permitan lograr la funcionalidad de\ndichas pol\u00edticas. Estas pol\u00edticas ambientales deber\u00e1n reunir\ncaracter\u00edsticas de estabilidad a trav\u00e9s del tiempo; consistencia con el\ndesempe\u00f1o institucional y general; y de consideraci\u00f3n de las capacidades de\nliderazgo p\u00fablico y privado, as\u00ed como de las condiciones econ\u00f3micas, pol\u00edticas\ny sociales municipales, provinciales y nacional.<\/p>\n\n\n\n<p>En la Argentina, contamos con una ley &nbsp;General del\nAmbiente -25.675- que establece los principios de la pol\u00edtica ambiental, con el\npresupuesto m\u00ednimo para su ejecuci\u00f3n, la competencia judicial, los instrumentos\nde pol\u00edtica, gesti\u00f3n y clasificaci\u00f3n, el impacto, educaci\u00f3n e informaci\u00f3n\nambiental, participaci\u00f3n ciudadana, seguro y fondo de restauraci\u00f3n,\nratificaci\u00f3n de acuerdos federales, autogesti\u00f3n y da\u00f1o en el medio ambiente.<\/p>\n\n\n\n<p>Muchas veces la falta de coordinaci\u00f3n y de planificaci\u00f3n de las\nacciones de los gobiernos deriva en una total ineficacia de sus pol\u00edticas, y&nbsp; significa -en las cuestiones de ambiente y de\ninfraestructura- la necesidad de volver al principio. Por ejemplo, las&nbsp; escasas veces que se &nbsp;establecieron\nmedidas de anti contaminaci\u00f3n en los cursos de agua se acciona entonces contra\ndiversas empresas, pero no se tiene en cuenta los basureros a cielo abierto,\nque siempre se encuentran a la vera de los r\u00edos, o se vierten l\u00edquidos\ncloacales sin tratamiento alguno, o simplemente se fugan efluentes con la\ncomplicidad de ciertos funcionarios que &nbsp;se hacen&nbsp; los distra\u00eddos. Las pol\u00edticas &nbsp;dirigidas a frenar el da\u00f1o que causa la contaminaci\u00f3n\ndeben total: si se emprende una campa\u00f1a no se pueden dejar fisuras o empezar\npor los detalles \u00ednfimos. No sirve llevar a los ni\u00f1os de los jardines de infantes\na juntar papelitos, mientras se deja que una poderosa industria desv\u00ede su\nefluente contaminante de la planta de tratamiento. No es eficiente hacer un\nllamado voluntario a un plan de producci\u00f3n limpia, al cual acudir\u00e1n los que\nsiempre colaboran, pues aqu\u00e9llos a quienes la producci\u00f3n limpia no les interesa\nseguir\u00e1n contaminando libremente.<\/p>\n\n\n\n<p>Desde el a\u00f1o 2005 solicito que se d\u00e9 origen a una Secretar\u00eda que controle\u00a0 y desarrolle propuestas para solucionar la problem\u00e1tica ambiental \u00a0en la ciudad de Carmen de Areco \u2013 Provincia de Buenos Aires; se pueden encontrar notas m\u00edas con respecto a estos temas, especialmente relacionados con la contaminaci\u00f3n de aguas y por el tema de la basura y su reciclaje en la p\u00e1gina Web de FM Sincope (<a href=\"http:\/\/www.sincopenoticias.com.ar\" target=\"_blank\" rel=\"noopener\">www.sincopenoticias.com.ar<\/a>) Tambi\u00e9n se\u00a0 presentaron propuestas en el Honorable Consejo Deliberante de la Municipalidad todo lo dicho \u00a0cae irremediablemente en \u00a0el vac\u00edo, \u00a0donde nadie escucha,\u00a0 ve ni habla por falta de ideas o \u00a0por falta de inter\u00e9s en el tema\u00a0 en \u00a0especial desde el poder ejecutivo de la localidad. Estamos en el a\u00f1o 2019 y\u2026 todo sigue igual.<\/p>\n\n\n\n<p>Nunca dejare de\npelear por el dise\u00f1o e implementaci\u00f3n de una pol\u00edtica ambiental que se erige\ncomo una condicionante importante para lograr la\nequidad, el desarrollo econ\u00f3mico e indiscutiblemente, el cuidado del ambiente.<\/p>\n\n\n\n<p>\u00bfPudo haberse\nhecho algo en materia ambiental en Carmen de Areco? SI. \u00bfSe hizo algo durante\nestos a\u00f1os? NO.<\/p>\n\n\n\n<p>Una pol\u00edtica ambiental implica\nun desaf\u00edo y, al mismo tiempo, un compromiso. Como parte de un concepto\ninnovador, no se debe separar lo ambiental de lo social ni de lo econ\u00f3mico. Se\ndebe tomar conciencia de los aspectos sociales y econ\u00f3micos &nbsp;ligados al ambiente,\nas\u00ed como el ambiente est\u00e1 ligado a la sociedad. La pol\u00edtica del medio busca que\nlos ciudadanos sean un gran aporte a los logros de los objetivos propuestos.\n&nbsp;Conseguirlos &nbsp;va m\u00e1s all\u00e1 de incorporar cambios de actitud en\npr\u00e1cticas diarias de trabajo, para que el ciudadano tambi\u00e9n &nbsp;lleve estas\nnuevas pr\u00e1cticas a sus hogares, las aplique, y as\u00ed generar ambientes m\u00e1s\nsaludables, elaborados a conciencia, y sobre todo pensando en el legado que\nestamos dejando a las futuras generaciones, &nbsp;fundamentales para la\nconstrucci\u00f3n de &nbsp;un ambiente sustentable.<\/p>\n\n\n\n<p>Un pa\u00eds puede crecer en\nt\u00e9rminos econ\u00f3micos, y seguramente se ver\u00e1 reflejado de forma positiva. si ese\ncrecimiento implica un aumento de la capacidad de consumo, un incremento en\npuestos de trabajo, un crecimiento de obras de infraestructura y servicios,\ntodos &nbsp;factores positivos para una sociedad. Pero ese crecimiento, debe\nestar acompa\u00f1ado por una filosof\u00eda de respeto a la tierra, &nbsp;cuidando el\nambiente y&nbsp; protegiendo&nbsp; sus recursos, pues de lo contrario, s\u00f3lo se\nhabr\u00e1 crecido econ\u00f3micamente, pero no se habr\u00e1 alcanzado un verdadero\ndesarrollo.<\/p>\n\n\n\n<p>*Cristi\u00e1n Frers \u2013\nT\u00e9cnico Superior en Gesti\u00f3n Ambiental y T\u00e9cnico Superior en Comunicaci\u00f3n Social\n(Periodista).<\/p>\n","protected":false},"excerpt":{"rendered":"<p>Por Cristi\u00e1n Frers* &#8211; Muchas veces, muchos de nosotros nos preguntamos su significado. Es &nbsp;la preocupaci\u00f3n y desarrollo de objetivos &#8230; <a title=\"\u00bfPor qu\u00e9 no se generan pol\u00edticas ambientales en Argentina?\" class=\"read-more\" href=\"https:\/\/www.hoymercedes.com.ar\/principal\/2019\/05\/23\/por-que-no-se-generan-politicas-ambientales-en-argentina\/\" aria-label=\"Leer m\u00e1s sobre \u00bfPor qu\u00e9 no se generan pol\u00edticas ambientales en Argentina?\">Leer m\u00e1s<\/a><\/p>\n","protected":false},"author":1,"featured_media":92271,"comment_status":"closed","ping_status":"open","sticky":false,"template":"","format":"standard","meta":{"_monsterinsights_skip_tracking":false,"_monsterinsights_sitenote_active":false,"_monsterinsights_sitenote_note":"","_monsterinsights_sitenote_category":0,"jetpack_post_was_ever_published":false,"_jetpack_newsletter_access":"","_jetpack_dont_email_post_to_subs":false,"_jetpack_newsletter_tier_id":0,"_jetpack_memberships_contains_paywalled_content":false,"_jetpack_memberships_contains_paid_content":false,"footnotes":"","jetpack_publicize_message":"","jetpack_publicize_feature_enabled":true,"jetpack_social_post_already_shared":true,"jetpack_social_options":{"image_generator_settings":{"template":"highway","default_image_id":0,"font":"","enabled":false},"version":2},"_wpas_customize_per_network":false},"categories":[1],"tags":[43,8748,13532],"class_list":["post-93485","post","type-post","status-publish","format-standard","has-post-thumbnail","hentry","category-opinion","tag-medio-ambiente","tag-opinion","tag-politica-ambiental","generate-columns","tablet-grid-50","mobile-grid-100","grid-parent","grid-50"],"jetpack_publicize_connections":[],"jetpack_featured_media_url":"https:\/\/www.hoymercedes.com.ar\/principal\/wp-content\/uploads\/2019\/05\/02-ambiente.jpg","wps_subtitle":"Estado y ambiente","jetpack_sharing_enabled":true,"_links":{"self":[{"href":"https:\/\/www.hoymercedes.com.ar\/principal\/wp-json\/wp\/v2\/posts\/93485","targetHints":{"allow":["GET"]}}],"collection":[{"href":"https:\/\/www.hoymercedes.com.ar\/principal\/wp-json\/wp\/v2\/posts"}],"about":[{"href":"https:\/\/www.hoymercedes.com.ar\/principal\/wp-json\/wp\/v2\/types\/post"}],"author":[{"embeddable":true,"href":"https:\/\/www.hoymercedes.com.ar\/principal\/wp-json\/wp\/v2\/users\/1"}],"replies":[{"embeddable":true,"href":"https:\/\/www.hoymercedes.com.ar\/principal\/wp-json\/wp\/v2\/comments?post=93485"}],"version-history":[{"count":0,"href":"https:\/\/www.hoymercedes.com.ar\/principal\/wp-json\/wp\/v2\/posts\/93485\/revisions"}],"wp:featuredmedia":[{"embeddable":true,"href":"https:\/\/www.hoymercedes.com.ar\/principal\/wp-json\/wp\/v2\/media\/92271"}],"wp:attachment":[{"href":"https:\/\/www.hoymercedes.com.ar\/principal\/wp-json\/wp\/v2\/media?parent=93485"}],"wp:term":[{"taxonomy":"category","embeddable":true,"href":"https:\/\/www.hoymercedes.com.ar\/principal\/wp-json\/wp\/v2\/categories?post=93485"},{"taxonomy":"post_tag","embeddable":true,"href":"https:\/\/www.hoymercedes.com.ar\/principal\/wp-json\/wp\/v2\/tags?post=93485"}],"curies":[{"name":"wp","href":"https:\/\/api.w.org\/{rel}","templated":true}]}}