{"id":9350,"date":"2011-11-25T11:54:30","date_gmt":"2011-11-25T11:54:30","guid":{"rendered":"http:\/\/www.hoymercedes.com.ar\/principal\/?p=9350"},"modified":"2011-11-25T11:54:30","modified_gmt":"2011-11-25T11:54:30","slug":"confirmaron-la-realizaron-del-clasico-%e2%80%9cbaile-de-egresados%e2%80%9d-en-el-martin-rodriguez","status":"publish","type":"post","link":"https:\/\/www.hoymercedes.com.ar\/principal\/2011\/11\/25\/confirmaron-la-realizaron-del-clasico-%e2%80%9cbaile-de-egresados%e2%80%9d-en-el-martin-rodriguez\/","title":{"rendered":"Confirmaron la realizaron del cl\u00e1sico \u201cBaile de Egresados\u201d en el Mart\u00edn Rodriguez"},"content":{"rendered":"<p><a href=\"https:\/\/www.hoymercedes.com.ar\/principal\/wp-content\/uploads\/2011\/11\/baile-egresados-2011.jpg\"><img loading=\"lazy\" decoding=\"async\" data-attachment-id=\"9352\" data-permalink=\"https:\/\/www.hoymercedes.com.ar\/principal\/2011\/11\/25\/confirmaron-la-realizaron-del-clasico-%e2%80%9cbaile-de-egresados%e2%80%9d-en-el-martin-rodriguez\/baile-egresados-2011\/#main\" data-orig-file=\"https:\/\/www.hoymercedes.com.ar\/principal\/wp-content\/uploads\/2011\/11\/baile-egresados-2011.jpg\" data-orig-size=\"612,223\" data-comments-opened=\"1\" data-image-meta=\"{&quot;aperture&quot;:&quot;4&quot;,&quot;credit&quot;:&quot;&quot;,&quot;camera&quot;:&quot;NIKON D50&quot;,&quot;caption&quot;:&quot;&quot;,&quot;created_timestamp&quot;:&quot;1322162846&quot;,&quot;copyright&quot;:&quot;&quot;,&quot;focal_length&quot;:&quot;38&quot;,&quot;iso&quot;:&quot;0&quot;,&quot;shutter_speed&quot;:&quot;0.016666666666667&quot;,&quot;title&quot;:&quot;&quot;}\" data-image-title=\"baile-egresados-2011\" data-image-description=\"\" data-image-caption=\"\" data-large-file=\"https:\/\/www.hoymercedes.com.ar\/principal\/wp-content\/uploads\/2011\/11\/baile-egresados-2011.jpg\" class=\"aligncenter size-full wp-image-9352\" title=\"baile-egresados-2011\" src=\"https:\/\/www.hoymercedes.com.ar\/principal\/wp-content\/uploads\/2011\/11\/baile-egresados-2011.jpg\" alt=\"\" width=\"612\" height=\"223\" \/><\/a><\/p>\n<p>Fue luego de una reuni\u00f3n entre las autoridades municipales, los organizadores y representantes de los establecimientos educativos. Determinaron que ser\u00e1 el mi\u00e9rcoles 21 de diciembre. El desfile comenzar\u00e1 a las 21 horas desde 17 y 16.<\/p>\n<p>Este jueves en horas de la tarde llevaron adelante una reuni\u00f3n entre autoridades municipales, organizadores y los alumnos representantes de los diferentes establecimientos educativos del Partido de Mercedes, con el objetivo de consensuar diversos aspectos del tradicional \u201cBaile de Egresados\u201d.<\/p>\n<p>El encuentro fue en el Palacio Municipal con la presencia del Secretario de Gobierno, Sergio L\u00f3pez y el Coordinador de Prensa, Protocolo y Relaciones Instituciones, Pablo Vera De Bonis en representaci\u00f3n de la Municipalidad de Mercedes; tambi\u00e9n participaron los organizadores Agust\u00edn Cufre y Joel Albanese.<\/p>\n<p>\u201cDesde la Comuna queremos brindarles las herramientas necesarias para que este evento no pierda su naturaleza, desde que el Intendente Selva decidi\u00f3 brindar el espacio para que terceros organicen el evento, y que los egresados no pierdan esta tradici\u00f3n de ciudad, siempre pregonamos por el festejo en familia y ordenado\u201d dijo el Secretario de Gobierno, Sergio L\u00f3pez.<\/p>\n<p>En este sentido informaron, luego de acordar con los alumnos, que el \u201cBaile de Egresados\u201d ser\u00e1 el d\u00eda mi\u00e9rcoles 21 de diciembre; las actividades comenzar\u00e1n desde las 21 horas en la intersecci\u00f3n de 17 y 16 con el desfile hasta la pasarela ubicada en el predio del ex Instituto Mart\u00edn Rodr\u00edguez.<\/p>\n<p>Las entradas anticipadas estar\u00e1n a la venta en los pr\u00f3ximos d\u00edas y los puntos de venta ser\u00e1n informados por los organizadores. Al mismo tiempo solicitaron que las escuelas env\u00eden sus listados de alumnos y candidata a ocupar el lugar de \u201cReina de los Egresados\u201d con su corte de princesas.<\/p>\n<p>Seg\u00fan detallaron el orden de pasada de las escuelas ser\u00e1: San Antonio, Normal, Nacional, Santa Mar\u00eda, Misericordia, Industrial, Parroquial, Camila Rolon, Agrot\u00e9cnica, Escuela Media, T\u00e9cnica N\u00ba 2 y San Patricio.<\/p>\n","protected":false},"excerpt":{"rendered":"<p>Fue luego de una reuni\u00f3n entre las autoridades municipales, los organizadores y representantes de los establecimientos educativos. Determinaron que ser\u00e1 &#8230; <a title=\"Confirmaron la realizaron del cl\u00e1sico \u201cBaile de Egresados\u201d en el Mart\u00edn Rodriguez\" class=\"read-more\" href=\"https:\/\/www.hoymercedes.com.ar\/principal\/2011\/11\/25\/confirmaron-la-realizaron-del-clasico-%e2%80%9cbaile-de-egresados%e2%80%9d-en-el-martin-rodriguez\/\" aria-label=\"Leer m\u00e1s sobre Confirmaron la realizaron del cl\u00e1sico \u201cBaile de Egresados\u201d en el Mart\u00edn Rodriguez\">Leer m\u00e1s<\/a><\/p>\n","protected":false},"author":1,"featured_media":0,"comment_status":"open","ping_status":"open","sticky":false,"template":"","format":"standard","meta":{"_monsterinsights_skip_tracking":false,"_monsterinsights_sitenote_active":false,"_monsterinsights_sitenote_note":"","_monsterinsights_sitenote_category":0,"jetpack_post_was_ever_published":false,"_jetpack_newsletter_access":"","_jetpack_dont_email_post_to_subs":false,"_jetpack_newsletter_tier_id":0,"_jetpack_memberships_contains_paywalled_content":false,"_jetpack_memberships_contains_paid_content":false,"footnotes":"","jetpack_publicize_message":"","jetpack_publicize_feature_enabled":true,"jetpack_social_post_already_shared":false,"jetpack_social_options":{"image_generator_settings":{"template":"highway","default_image_id":0,"font":"","enabled":false},"version":2},"_wpas_customize_per_network":false},"categories":[8],"tags":[1627],"class_list":["post-9350","post","type-post","status-publish","format-standard","hentry","category-sociedad","tag-baile-egresados-2011-mercedes","generate-columns","tablet-grid-50","mobile-grid-100","grid-parent","grid-50"],"jetpack_publicize_connections":[],"jetpack_featured_media_url":"","wps_subtitle":"","jetpack_sharing_enabled":true,"_links":{"self":[{"href":"https:\/\/www.hoymercedes.com.ar\/principal\/wp-json\/wp\/v2\/posts\/9350","targetHints":{"allow":["GET"]}}],"collection":[{"href":"https:\/\/www.hoymercedes.com.ar\/principal\/wp-json\/wp\/v2\/posts"}],"about":[{"href":"https:\/\/www.hoymercedes.com.ar\/principal\/wp-json\/wp\/v2\/types\/post"}],"author":[{"embeddable":true,"href":"https:\/\/www.hoymercedes.com.ar\/principal\/wp-json\/wp\/v2\/users\/1"}],"replies":[{"embeddable":true,"href":"https:\/\/www.hoymercedes.com.ar\/principal\/wp-json\/wp\/v2\/comments?post=9350"}],"version-history":[{"count":0,"href":"https:\/\/www.hoymercedes.com.ar\/principal\/wp-json\/wp\/v2\/posts\/9350\/revisions"}],"wp:attachment":[{"href":"https:\/\/www.hoymercedes.com.ar\/principal\/wp-json\/wp\/v2\/media?parent=9350"}],"wp:term":[{"taxonomy":"category","embeddable":true,"href":"https:\/\/www.hoymercedes.com.ar\/principal\/wp-json\/wp\/v2\/categories?post=9350"},{"taxonomy":"post_tag","embeddable":true,"href":"https:\/\/www.hoymercedes.com.ar\/principal\/wp-json\/wp\/v2\/tags?post=9350"}],"curies":[{"name":"wp","href":"https:\/\/api.w.org\/{rel}","templated":true}]}}