{"id":93511,"date":"2019-05-24T20:45:59","date_gmt":"2019-05-24T23:45:59","guid":{"rendered":"http:\/\/www.hoymercedes.com.ar\/principal\/?p=93511"},"modified":"2019-05-22T20:51:08","modified_gmt":"2019-05-22T23:51:08","slug":"segundo-triunfo-de-lujan-rc-con-manuela-cejas-y-victoria-ponton-en-cancha","status":"publish","type":"post","link":"https:\/\/www.hoymercedes.com.ar\/principal\/2019\/05\/24\/segundo-triunfo-de-lujan-rc-con-manuela-cejas-y-victoria-ponton-en-cancha\/","title":{"rendered":"Segundo triunfo de Lujan RC con Manuela Cejas y Victoria Pont\u00f3n en cancha"},"content":{"rendered":"\n<p><strong>Por Iv\u00e1n Alday (Todo el Deporte Est\u00e1 Aca). <\/strong>En la ma\u00f1ana de este s\u00e1bado, el predio del Barrio La Loma recibi\u00f3 una nueva jornada de hockey v\u00e1lida por la fecha n\u00famero 8 de la primera rueda de este certamen Metropolitano.<\/p>\n\n\n\n<figure class=\"wp-block-image\"><img loading=\"lazy\" decoding=\"async\" width=\"536\" height=\"501\" data-attachment-id=\"93512\" data-permalink=\"https:\/\/www.hoymercedes.com.ar\/principal\/2019\/05\/24\/segundo-triunfo-de-lujan-rc-con-manuela-cejas-y-victoria-ponton-en-cancha\/60868010_665114890600009_8047500009429532672_n\/#main\" data-orig-file=\"https:\/\/www.hoymercedes.com.ar\/principal\/wp-content\/uploads\/2019\/05\/60868010_665114890600009_8047500009429532672_n.jpg\" data-orig-size=\"536,501\" data-comments-opened=\"0\" data-image-meta=\"{&quot;aperture&quot;:&quot;0&quot;,&quot;credit&quot;:&quot;&quot;,&quot;camera&quot;:&quot;&quot;,&quot;caption&quot;:&quot;&quot;,&quot;created_timestamp&quot;:&quot;0&quot;,&quot;copyright&quot;:&quot;&quot;,&quot;focal_length&quot;:&quot;0&quot;,&quot;iso&quot;:&quot;0&quot;,&quot;shutter_speed&quot;:&quot;0&quot;,&quot;title&quot;:&quot;&quot;,&quot;orientation&quot;:&quot;0&quot;}\" data-image-title=\"60868010_665114890600009_8047500009429532672_n\" data-image-description=\"\" data-image-caption=\"\" data-large-file=\"https:\/\/www.hoymercedes.com.ar\/principal\/wp-content\/uploads\/2019\/05\/60868010_665114890600009_8047500009429532672_n.jpg\" src=\"https:\/\/www.hoymercedes.com.ar\/principal\/wp-content\/uploads\/2019\/05\/60868010_665114890600009_8047500009429532672_n.jpg\" alt=\"\" class=\"wp-image-93512\" srcset=\"https:\/\/www.hoymercedes.com.ar\/principal\/wp-content\/uploads\/2019\/05\/60868010_665114890600009_8047500009429532672_n.jpg 536w, https:\/\/www.hoymercedes.com.ar\/principal\/wp-content\/uploads\/2019\/05\/60868010_665114890600009_8047500009429532672_n-150x140.jpg 150w\" sizes=\"auto, (max-width: 536px) 100vw, 536px\" \/><\/figure>\n\n\n\n<p>Quiz\u00e1s en el mejor partido de todo el equipo que pudo cortar la racha de la mejor manera en condici\u00f3n de local, en una ventaja que para la Sexta Divisi\u00f3n fue por 1-0 ante Vicente L\u00f3pez con gol de Felicitas Cedro, tras que el \u00e1rbitro aplicar\u00e1 la ley de ventaja a una falta que pudo haber derivado en penal que le cometieron a Manuela Cejas, pero la autoridad m\u00e1xima determin\u00f3 que el juego siga para finalizar la acci\u00f3n que se concret\u00f3 en la diferencia m\u00ednima para el LRC que volvi\u00f3 a triunfar despu\u00e9s de aquel partido ante Lanus el 13 de Abril en su predio por 2-1, registrando as\u00ed su segundo triunfo. En el transcurso de partido el marcador pudo abrirse mucho antes, pero la bocha se negaba a ingresar.<\/p>\n\n\n\n<p>En lo que tiene que ver con la divisi\u00f3n de Quinta, tambi\u00e9n super\u00f3 a Vicente L\u00f3pez por 2-0 y en lo est\u00e1distico de la tabla de posiciones ambas categor\u00edas ocupan la novena posici\u00f3n con 7 unidades. El pr\u00f3ximo encuentro ser\u00e1 en Caballito y ante Ferro que este el 25 de Mayo. <\/p>\n","protected":false},"excerpt":{"rendered":"<p>Por Iv\u00e1n Alday (Todo el Deporte Est\u00e1 Aca). En la ma\u00f1ana de este s\u00e1bado, el predio del Barrio La Loma &#8230; <a title=\"Segundo triunfo de Lujan RC con Manuela Cejas y Victoria Pont\u00f3n en cancha\" class=\"read-more\" href=\"https:\/\/www.hoymercedes.com.ar\/principal\/2019\/05\/24\/segundo-triunfo-de-lujan-rc-con-manuela-cejas-y-victoria-ponton-en-cancha\/\" aria-label=\"Leer m\u00e1s sobre Segundo triunfo de Lujan RC con Manuela Cejas y Victoria Pont\u00f3n en cancha\">Leer m\u00e1s<\/a><\/p>\n","protected":false},"author":1,"featured_media":93512,"comment_status":"closed","ping_status":"open","sticky":false,"template":"","format":"standard","meta":{"_monsterinsights_skip_tracking":false,"_monsterinsights_sitenote_active":false,"_monsterinsights_sitenote_note":"","_monsterinsights_sitenote_category":0,"jetpack_post_was_ever_published":false,"_jetpack_newsletter_access":"","_jetpack_dont_email_post_to_subs":false,"_jetpack_newsletter_tier_id":0,"_jetpack_memberships_contains_paywalled_content":false,"_jetpack_memberships_contains_paid_content":false,"footnotes":"","jetpack_publicize_message":"","jetpack_publicize_feature_enabled":true,"jetpack_social_post_already_shared":true,"jetpack_social_options":{"image_generator_settings":{"template":"highway","default_image_id":0,"font":"","enabled":false},"version":2},"_wpas_customize_per_network":false},"categories":[21],"tags":[14778,14528,14527],"class_list":["post-93511","post","type-post","status-publish","format-standard","has-post-thumbnail","hentry","category-deportes","tag-lujan-rc","tag-manuela-cejas","tag-victoria-ponton","generate-columns","tablet-grid-50","mobile-grid-100","grid-parent","grid-50"],"jetpack_publicize_connections":[],"jetpack_featured_media_url":"https:\/\/www.hoymercedes.com.ar\/principal\/wp-content\/uploads\/2019\/05\/60868010_665114890600009_8047500009429532672_n.jpg","wps_subtitle":"Hockey","jetpack_sharing_enabled":true,"_links":{"self":[{"href":"https:\/\/www.hoymercedes.com.ar\/principal\/wp-json\/wp\/v2\/posts\/93511","targetHints":{"allow":["GET"]}}],"collection":[{"href":"https:\/\/www.hoymercedes.com.ar\/principal\/wp-json\/wp\/v2\/posts"}],"about":[{"href":"https:\/\/www.hoymercedes.com.ar\/principal\/wp-json\/wp\/v2\/types\/post"}],"author":[{"embeddable":true,"href":"https:\/\/www.hoymercedes.com.ar\/principal\/wp-json\/wp\/v2\/users\/1"}],"replies":[{"embeddable":true,"href":"https:\/\/www.hoymercedes.com.ar\/principal\/wp-json\/wp\/v2\/comments?post=93511"}],"version-history":[{"count":0,"href":"https:\/\/www.hoymercedes.com.ar\/principal\/wp-json\/wp\/v2\/posts\/93511\/revisions"}],"wp:featuredmedia":[{"embeddable":true,"href":"https:\/\/www.hoymercedes.com.ar\/principal\/wp-json\/wp\/v2\/media\/93512"}],"wp:attachment":[{"href":"https:\/\/www.hoymercedes.com.ar\/principal\/wp-json\/wp\/v2\/media?parent=93511"}],"wp:term":[{"taxonomy":"category","embeddable":true,"href":"https:\/\/www.hoymercedes.com.ar\/principal\/wp-json\/wp\/v2\/categories?post=93511"},{"taxonomy":"post_tag","embeddable":true,"href":"https:\/\/www.hoymercedes.com.ar\/principal\/wp-json\/wp\/v2\/tags?post=93511"}],"curies":[{"name":"wp","href":"https:\/\/api.w.org\/{rel}","templated":true}]}}