{"id":93526,"date":"2019-05-22T22:15:53","date_gmt":"2019-05-23T01:15:53","guid":{"rendered":"http:\/\/www.hoymercedes.com.ar\/principal\/?p=93526"},"modified":"2019-05-23T08:33:09","modified_gmt":"2019-05-23T11:33:09","slug":"taller-de-oficios-de-casa-de-la-mujer-realiza-aportes-a-programa-mil-dias-y-la-primera-infancia","status":"publish","type":"post","link":"https:\/\/www.hoymercedes.com.ar\/principal\/2019\/05\/22\/taller-de-oficios-de-casa-de-la-mujer-realiza-aportes-a-programa-mil-dias-y-la-primera-infancia\/","title":{"rendered":"Taller de oficios de Casa de la Mujer realiza aportes a programa \u201cMil D\u00edas\u201d y la primera infancia"},"content":{"rendered":"\n<figure class=\"wp-block-image\"><img loading=\"lazy\" decoding=\"async\" width=\"1024\" height=\"610\" data-attachment-id=\"93527\" data-permalink=\"https:\/\/www.hoymercedes.com.ar\/principal\/2019\/05\/22\/taller-de-oficios-de-casa-de-la-mujer-realiza-aportes-a-programa-mil-dias-y-la-primera-infancia\/juguetes-taller-casadelamujer\/#main\" data-orig-file=\"https:\/\/www.hoymercedes.com.ar\/principal\/wp-content\/uploads\/2019\/05\/Juguetes-Taller-CasadelaMujer.jpg\" data-orig-size=\"1061,632\" data-comments-opened=\"0\" data-image-meta=\"{&quot;aperture&quot;:&quot;0&quot;,&quot;credit&quot;:&quot;&quot;,&quot;camera&quot;:&quot;&quot;,&quot;caption&quot;:&quot;&quot;,&quot;created_timestamp&quot;:&quot;0&quot;,&quot;copyright&quot;:&quot;&quot;,&quot;focal_length&quot;:&quot;0&quot;,&quot;iso&quot;:&quot;0&quot;,&quot;shutter_speed&quot;:&quot;0&quot;,&quot;title&quot;:&quot;&quot;,&quot;orientation&quot;:&quot;0&quot;}\" data-image-title=\"Juguetes-Taller-CasadelaMujer\" data-image-description=\"\" data-image-caption=\"\" data-large-file=\"https:\/\/www.hoymercedes.com.ar\/principal\/wp-content\/uploads\/2019\/05\/Juguetes-Taller-CasadelaMujer-1024x610.jpg\" src=\"https:\/\/www.hoymercedes.com.ar\/principal\/wp-content\/uploads\/2019\/05\/Juguetes-Taller-CasadelaMujer-1024x610.jpg\" alt=\"\" class=\"wp-image-93527\" srcset=\"https:\/\/www.hoymercedes.com.ar\/principal\/wp-content\/uploads\/2019\/05\/Juguetes-Taller-CasadelaMujer-1024x610.jpg 1024w, https:\/\/www.hoymercedes.com.ar\/principal\/wp-content\/uploads\/2019\/05\/Juguetes-Taller-CasadelaMujer-150x89.jpg 150w, https:\/\/www.hoymercedes.com.ar\/principal\/wp-content\/uploads\/2019\/05\/Juguetes-Taller-CasadelaMujer-630x375.jpg 630w, https:\/\/www.hoymercedes.com.ar\/principal\/wp-content\/uploads\/2019\/05\/Juguetes-Taller-CasadelaMujer.jpg 1061w\" sizes=\"auto, (max-width: 1024px) 100vw, 1024px\" \/><figcaption>Encuentro Casa de la Mujer<\/figcaption><\/figure>\n\n\n\n<p>Desde \u201cCasa de la Mujer\u201d a trav\u00e9s\ndel taller de carpinter\u00eda se realiz\u00f3 un valioso aporte de juguetes did\u00e1cticos\nespecialmente elaborados para usarse en el marco del programa Primeros Mil D\u00edas\ny los Jardines Primera Infancia. Adem\u00e1s, este oficio, es muy valioso para las\nvecinas que son parte del mismo para continuar con su capacitaci\u00f3n. El intendente\nJuan Ignacio Ustarroz &nbsp;expres\u00f3 \u201cen estos\ntiempos volver a los juegos es muy significativo, y sumamente valioso sean\nelaborados y pensados por medio del trabajo, el compromiso, la solidaridad y\namor\u201d. <\/p>\n\n\n\n<p>En el encuentro con las\nintegrantes del taller el intendente Ustarroz felicit\u00f3 y agradeci\u00f3 \u201ceste gran\naporte al programa Primeros Mil D\u00edas, uno de los m\u00e1s importantes que tiene la\nciudad\u201d y sostuvo \u201cque pueda seguir desarroll\u00e1ndose, creciendo y ampliando es\nrealmente un orgullo porque en cada una de las iniciativas, materiales y\naccesorios que entregamos, hay mujeres emprendedoras que contribuyen para que\nas\u00ed sea\u201d.<\/p>\n\n\n\n<figure class=\"wp-block-image\"><img loading=\"lazy\" decoding=\"async\" width=\"948\" height=\"632\" data-attachment-id=\"93528\" data-permalink=\"https:\/\/www.hoymercedes.com.ar\/principal\/2019\/05\/22\/taller-de-oficios-de-casa-de-la-mujer-realiza-aportes-a-programa-mil-dias-y-la-primera-infancia\/juguetes-taller-casadelamujer-2\/#main\" data-orig-file=\"https:\/\/www.hoymercedes.com.ar\/principal\/wp-content\/uploads\/2019\/05\/Juguetes-Taller-CasadelaMujer.2.jpg\" data-orig-size=\"948,632\" data-comments-opened=\"0\" data-image-meta=\"{&quot;aperture&quot;:&quot;0&quot;,&quot;credit&quot;:&quot;&quot;,&quot;camera&quot;:&quot;&quot;,&quot;caption&quot;:&quot;&quot;,&quot;created_timestamp&quot;:&quot;0&quot;,&quot;copyright&quot;:&quot;&quot;,&quot;focal_length&quot;:&quot;0&quot;,&quot;iso&quot;:&quot;0&quot;,&quot;shutter_speed&quot;:&quot;0&quot;,&quot;title&quot;:&quot;&quot;,&quot;orientation&quot;:&quot;0&quot;}\" data-image-title=\"Juguetes-Taller-CasadelaMujer.2\" data-image-description=\"\" data-image-caption=\"\" data-large-file=\"https:\/\/www.hoymercedes.com.ar\/principal\/wp-content\/uploads\/2019\/05\/Juguetes-Taller-CasadelaMujer.2.jpg\" src=\"https:\/\/www.hoymercedes.com.ar\/principal\/wp-content\/uploads\/2019\/05\/Juguetes-Taller-CasadelaMujer.2.jpg\" alt=\"\" class=\"wp-image-93528\" srcset=\"https:\/\/www.hoymercedes.com.ar\/principal\/wp-content\/uploads\/2019\/05\/Juguetes-Taller-CasadelaMujer.2.jpg 948w, https:\/\/www.hoymercedes.com.ar\/principal\/wp-content\/uploads\/2019\/05\/Juguetes-Taller-CasadelaMujer.2-150x100.jpg 150w, https:\/\/www.hoymercedes.com.ar\/principal\/wp-content\/uploads\/2019\/05\/Juguetes-Taller-CasadelaMujer.2-630x420.jpg 630w, https:\/\/www.hoymercedes.com.ar\/principal\/wp-content\/uploads\/2019\/05\/Juguetes-Taller-CasadelaMujer.2-720x480.jpg 720w, https:\/\/www.hoymercedes.com.ar\/principal\/wp-content\/uploads\/2019\/05\/Juguetes-Taller-CasadelaMujer.2-360x240.jpg 360w\" sizes=\"auto, (max-width: 948px) 100vw, 948px\" \/><\/figure>\n\n\n\n<p>Cabe destacar, que el Programa\nPrimeros Mil D\u00edas, es una iniciativa del Municipio de Mercedes que se conlleva el\ntrabajo mancomunado de diferentes \u00e1reas de la comuna. Y los Jardines Espacio\nPrimera Infancia es el \u00e1mbito de cuidado de nuestros nenes y nenas a cargo de\nla Comuna. <\/p>\n\n\n\n<p>Asimismo, el Dr. Ustarroz se\u00f1al\u00f3\n\u201cesto realmente representa, por un lado, un avance de un Municipio con\nperspectiva de g\u00e9nero, y por otro, donde se realzan y se ponen en valor los\nderechos del ni\u00f1o\u201d y apunt\u00f3 \u201ctodos los que trabajamos en post de tener una\nciudad mejor, cuando vemos estas realizaciones nos sentimos orgullosos y nos da\nm\u00e1s fuerzas para seguir adelante impulsando una sociedad m\u00e1s justa\u201d.<\/p>\n\n\n\n<p>El Programa Mil D\u00edas es una\npropuesta que lanz\u00f3 tiempo atr\u00e1s la Municipalidad de Mercedes que incluye el\ncuidado nutricional, socio ambiental, f\u00edsico, mental, educativo y formativo de\nlas mam\u00e1s y futuras mam\u00e1s hasta los primeros mil d\u00edas del ni\u00f1o, combatiendo la\nmortalidad infantil y dando mayor calidad de vida integral. Es una apuesta\nclara y s\u00f3lida hacia el cuidado del ser humano.<\/p>\n\n\n\n<p>La secretaria de desarrollo\nsocial, Lic. Jorgelina Silva agradeci\u00f3 \u201cesto tiene un gran valor simb\u00f3lico\nporque expresa el esfuerzo de las chicas, la dedicaci\u00f3n y la prolijidad que son\nun orgullo para nosotros\u201d.<\/p>\n\n\n\n<p>Ana De Cunto, qui\u00e9n lleva adelante este taller de carpinter\u00eda reconoci\u00f3 el apoyo que le brind\u00f3 Desarrollo Social y la Casa de la Mujer \u201cpor haberme dado esta posibilidad de plasmar mi experiencia y compartirla con las compa\u00f1eras que asisten al taller\u201d e inform\u00f3 \u201csomos 20 mujeres que participamos y que pusimos todo nuestro esfuerzo y empe\u00f1o para poder realizar estos primeros 30 juegos que le entregaremos a las mam\u00e1s del programa Primeros Mil D\u00edas\u201d.<\/p>\n\n\n\n<p>Fuente: Desarrollo Social <\/p>\n","protected":false},"excerpt":{"rendered":"<p>Desde \u201cCasa de la Mujer\u201d a trav\u00e9s del taller de carpinter\u00eda se realiz\u00f3 un valioso aporte de juguetes did\u00e1cticos especialmente &#8230; <a title=\"Taller de oficios de Casa de la Mujer realiza aportes a programa \u201cMil D\u00edas\u201d y la primera infancia\" class=\"read-more\" href=\"https:\/\/www.hoymercedes.com.ar\/principal\/2019\/05\/22\/taller-de-oficios-de-casa-de-la-mujer-realiza-aportes-a-programa-mil-dias-y-la-primera-infancia\/\" aria-label=\"Leer m\u00e1s sobre Taller de oficios de Casa de la Mujer realiza aportes a programa \u201cMil D\u00edas\u201d y la primera infancia\">Leer m\u00e1s<\/a><\/p>\n","protected":false},"author":1,"featured_media":93527,"comment_status":"closed","ping_status":"open","sticky":false,"template":"","format":"standard","meta":{"_monsterinsights_skip_tracking":false,"_monsterinsights_sitenote_active":false,"_monsterinsights_sitenote_note":"","_monsterinsights_sitenote_category":0,"jetpack_post_was_ever_published":false,"_jetpack_newsletter_access":"","_jetpack_dont_email_post_to_subs":false,"_jetpack_newsletter_tier_id":0,"_jetpack_memberships_contains_paywalled_content":false,"_jetpack_memberships_contains_paid_content":false,"footnotes":"","jetpack_publicize_message":"","jetpack_publicize_feature_enabled":true,"jetpack_social_post_already_shared":true,"jetpack_social_options":{"image_generator_settings":{"template":"highway","default_image_id":0,"font":"","enabled":false},"version":2},"_wpas_customize_per_network":false},"categories":[30],"tags":[12741,244,11368],"class_list":["post-93526","post","type-post","status-publish","format-standard","has-post-thumbnail","hentry","category-municipio","tag-casa-de-la-mujer","tag-municipio-2","tag-programa-mil-dias","generate-columns","tablet-grid-50","mobile-grid-100","grid-parent","grid-50"],"jetpack_publicize_connections":[],"jetpack_featured_media_url":"https:\/\/www.hoymercedes.com.ar\/principal\/wp-content\/uploads\/2019\/05\/Juguetes-Taller-CasadelaMujer.jpg","wps_subtitle":"Trabajos solidarios","jetpack_sharing_enabled":true,"_links":{"self":[{"href":"https:\/\/www.hoymercedes.com.ar\/principal\/wp-json\/wp\/v2\/posts\/93526","targetHints":{"allow":["GET"]}}],"collection":[{"href":"https:\/\/www.hoymercedes.com.ar\/principal\/wp-json\/wp\/v2\/posts"}],"about":[{"href":"https:\/\/www.hoymercedes.com.ar\/principal\/wp-json\/wp\/v2\/types\/post"}],"author":[{"embeddable":true,"href":"https:\/\/www.hoymercedes.com.ar\/principal\/wp-json\/wp\/v2\/users\/1"}],"replies":[{"embeddable":true,"href":"https:\/\/www.hoymercedes.com.ar\/principal\/wp-json\/wp\/v2\/comments?post=93526"}],"version-history":[{"count":0,"href":"https:\/\/www.hoymercedes.com.ar\/principal\/wp-json\/wp\/v2\/posts\/93526\/revisions"}],"wp:featuredmedia":[{"embeddable":true,"href":"https:\/\/www.hoymercedes.com.ar\/principal\/wp-json\/wp\/v2\/media\/93527"}],"wp:attachment":[{"href":"https:\/\/www.hoymercedes.com.ar\/principal\/wp-json\/wp\/v2\/media?parent=93526"}],"wp:term":[{"taxonomy":"category","embeddable":true,"href":"https:\/\/www.hoymercedes.com.ar\/principal\/wp-json\/wp\/v2\/categories?post=93526"},{"taxonomy":"post_tag","embeddable":true,"href":"https:\/\/www.hoymercedes.com.ar\/principal\/wp-json\/wp\/v2\/tags?post=93526"}],"curies":[{"name":"wp","href":"https:\/\/api.w.org\/{rel}","templated":true}]}}