{"id":93533,"date":"2019-05-23T08:00:57","date_gmt":"2019-05-23T11:00:57","guid":{"rendered":"http:\/\/www.hoymercedes.com.ar\/principal\/?p=93533"},"modified":"2019-05-23T09:03:44","modified_gmt":"2019-05-23T12:03:44","slug":"policia-en-tareas-de-patrullaje-detecta-y-logra-recuperar-moto","status":"publish","type":"post","link":"https:\/\/www.hoymercedes.com.ar\/principal\/2019\/05\/23\/policia-en-tareas-de-patrullaje-detecta-y-logra-recuperar-moto\/","title":{"rendered":"Polic\u00eda en tareas de patrullaje detecta y logra recuperar moto"},"content":{"rendered":"\n<figure class=\"wp-block-image\"><img loading=\"lazy\" decoding=\"async\" width=\"576\" height=\"1024\" data-attachment-id=\"93534\" data-permalink=\"https:\/\/www.hoymercedes.com.ar\/principal\/2019\/05\/23\/policia-en-tareas-de-patrullaje-detecta-y-logra-recuperar-moto\/sergiomacedo-comisarioinspector\/#main\" data-orig-file=\"https:\/\/www.hoymercedes.com.ar\/principal\/wp-content\/uploads\/2019\/05\/SergioMacedo-ComisarioInspector.jpeg\" data-orig-size=\"720,1280\" data-comments-opened=\"0\" data-image-meta=\"{&quot;aperture&quot;:&quot;0&quot;,&quot;credit&quot;:&quot;&quot;,&quot;camera&quot;:&quot;&quot;,&quot;caption&quot;:&quot;&quot;,&quot;created_timestamp&quot;:&quot;0&quot;,&quot;copyright&quot;:&quot;&quot;,&quot;focal_length&quot;:&quot;0&quot;,&quot;iso&quot;:&quot;0&quot;,&quot;shutter_speed&quot;:&quot;0&quot;,&quot;title&quot;:&quot;&quot;,&quot;orientation&quot;:&quot;0&quot;}\" data-image-title=\"SergioMacedo-ComisarioInspector\" data-image-description=\"\" data-image-caption=\"\" data-large-file=\"https:\/\/www.hoymercedes.com.ar\/principal\/wp-content\/uploads\/2019\/05\/SergioMacedo-ComisarioInspector-576x1024.jpeg\" src=\"https:\/\/www.hoymercedes.com.ar\/principal\/wp-content\/uploads\/2019\/05\/SergioMacedo-ComisarioInspector-576x1024.jpeg\" alt=\"\" class=\"wp-image-93534\" srcset=\"https:\/\/www.hoymercedes.com.ar\/principal\/wp-content\/uploads\/2019\/05\/SergioMacedo-ComisarioInspector-576x1024.jpeg 576w, https:\/\/www.hoymercedes.com.ar\/principal\/wp-content\/uploads\/2019\/05\/SergioMacedo-ComisarioInspector-84x150.jpeg 84w, https:\/\/www.hoymercedes.com.ar\/principal\/wp-content\/uploads\/2019\/05\/SergioMacedo-ComisarioInspector-349x620.jpeg 349w, https:\/\/www.hoymercedes.com.ar\/principal\/wp-content\/uploads\/2019\/05\/SergioMacedo-ComisarioInspector.jpeg 720w\" sizes=\"auto, (max-width: 576px) 100vw, 576px\" \/><figcaption>Comisario Inspector Sergio Macedo<\/figcaption><\/figure>\n\n\n\n<p>Personal del Destacamento\nde Gowland de la Polic\u00eda Comunal en sus habituales recorridas preventivas\ndetectan en la colectora de Ruta Nacional N\u00b05 una motocicleta que se encontraba\nen condiciones \u201csospechosas\u201d. <\/p>\n\n\n\n<p>En el motovehiculo\ncirculaba un masculino, mayor de edad, trat\u00e1ndose de una Honda 110cc que ten\u00eda\nfaltantes de chapa, pl\u00e1sticos y patente. <\/p>\n\n\n\n<p>Tras lograr\nfrenar su marcha, los dirigidos por el Comisario Inspector Macedo, y en el\nmarco del programa \u201ccalles seguras\u201d, consultan el sistema informativo de la\nPolic\u00eda a trav\u00e9s de una comunicaci\u00f3n radial desde el m\u00f3vil, identifican que el\nrodado ten\u00eda pedido de \u201csecuestro activo\u201d con fecha del 23 de febrero de 2019.<\/p>\n\n\n\n<p>Constatado el\nhecho se detiene al sujeto, de apellido Flores, y se da conocimiento al Dr. <\/p>\n\n\n\n<p>Sebasti\u00e1n Fedullio,\nsecretario de la UFI N\u00b03 quien avala lo actuado por los efectivos.<\/p>\n\n\n\n<p>El Comisario\nInspector Macedo aprovech\u00f3 el contacto con los medios para \u201cfelicitar al\npersonal de calle, en este caso de la delegaci\u00f3n Gowland, por seguir siempre\natentos\u201d y lograr \u201cresolver un hecho demandado por la justicia\u201d. Vale recordar\nque en las \u00faltimas semanas han logrado, tambi\u00e9n detener a varios masculinos que\nten\u00edan pedido de captura, siendo este tambi\u00e9n un gran paso para resolver temas\npendientes con la justicia, tanto en el radio de la ciudad de Mercedes como en\nGowland. <\/p>\n","protected":false},"excerpt":{"rendered":"<p>Personal del Destacamento de Gowland de la Polic\u00eda Comunal en sus habituales recorridas preventivas detectan en la colectora de Ruta &#8230; <a title=\"Polic\u00eda en tareas de patrullaje detecta y logra recuperar moto\" class=\"read-more\" href=\"https:\/\/www.hoymercedes.com.ar\/principal\/2019\/05\/23\/policia-en-tareas-de-patrullaje-detecta-y-logra-recuperar-moto\/\" aria-label=\"Leer m\u00e1s sobre Polic\u00eda en tareas de patrullaje detecta y logra recuperar moto\">Leer m\u00e1s<\/a><\/p>\n","protected":false},"author":1,"featured_media":93534,"comment_status":"closed","ping_status":"open","sticky":false,"template":"","format":"standard","meta":{"_monsterinsights_skip_tracking":false,"_monsterinsights_sitenote_active":false,"_monsterinsights_sitenote_note":"","_monsterinsights_sitenote_category":0,"jetpack_post_was_ever_published":false,"_jetpack_newsletter_access":"","_jetpack_dont_email_post_to_subs":false,"_jetpack_newsletter_tier_id":0,"_jetpack_memberships_contains_paywalled_content":false,"_jetpack_memberships_contains_paid_content":false,"footnotes":"","jetpack_publicize_message":"","jetpack_publicize_feature_enabled":true,"jetpack_social_post_already_shared":true,"jetpack_social_options":{"image_generator_settings":{"template":"highway","default_image_id":0,"font":"","enabled":false},"version":2},"_wpas_customize_per_network":false},"categories":[85],"tags":[15138],"class_list":["post-93533","post","type-post","status-publish","format-standard","has-post-thumbnail","hentry","category-policial","tag-comisario-inspector-sergio-macedo","generate-columns","tablet-grid-50","mobile-grid-100","grid-parent","grid-50"],"jetpack_publicize_connections":[],"jetpack_featured_media_url":"https:\/\/www.hoymercedes.com.ar\/principal\/wp-content\/uploads\/2019\/05\/SergioMacedo-ComisarioInspector.jpeg","wps_subtitle":"Tareas policiales","jetpack_sharing_enabled":true,"_links":{"self":[{"href":"https:\/\/www.hoymercedes.com.ar\/principal\/wp-json\/wp\/v2\/posts\/93533","targetHints":{"allow":["GET"]}}],"collection":[{"href":"https:\/\/www.hoymercedes.com.ar\/principal\/wp-json\/wp\/v2\/posts"}],"about":[{"href":"https:\/\/www.hoymercedes.com.ar\/principal\/wp-json\/wp\/v2\/types\/post"}],"author":[{"embeddable":true,"href":"https:\/\/www.hoymercedes.com.ar\/principal\/wp-json\/wp\/v2\/users\/1"}],"replies":[{"embeddable":true,"href":"https:\/\/www.hoymercedes.com.ar\/principal\/wp-json\/wp\/v2\/comments?post=93533"}],"version-history":[{"count":0,"href":"https:\/\/www.hoymercedes.com.ar\/principal\/wp-json\/wp\/v2\/posts\/93533\/revisions"}],"wp:featuredmedia":[{"embeddable":true,"href":"https:\/\/www.hoymercedes.com.ar\/principal\/wp-json\/wp\/v2\/media\/93534"}],"wp:attachment":[{"href":"https:\/\/www.hoymercedes.com.ar\/principal\/wp-json\/wp\/v2\/media?parent=93533"}],"wp:term":[{"taxonomy":"category","embeddable":true,"href":"https:\/\/www.hoymercedes.com.ar\/principal\/wp-json\/wp\/v2\/categories?post=93533"},{"taxonomy":"post_tag","embeddable":true,"href":"https:\/\/www.hoymercedes.com.ar\/principal\/wp-json\/wp\/v2\/tags?post=93533"}],"curies":[{"name":"wp","href":"https:\/\/api.w.org\/{rel}","templated":true}]}}