{"id":93541,"date":"2019-05-23T10:00:00","date_gmt":"2019-05-23T13:00:00","guid":{"rendered":"http:\/\/www.hoymercedes.com.ar\/principal\/?p=93541"},"modified":"2019-05-23T09:04:02","modified_gmt":"2019-05-23T12:04:02","slug":"municipio-entrego-herramientas-para-emprendedores","status":"publish","type":"post","link":"https:\/\/www.hoymercedes.com.ar\/principal\/2019\/05\/23\/municipio-entrego-herramientas-para-emprendedores\/","title":{"rendered":"Municipio entreg\u00f3 herramientas para emprendedores"},"content":{"rendered":"\n<p>El Municipio de Mercedes, a trav\u00e9s de la Direcci\u00f3n de Producci\u00f3n, entreg\u00f3 herramientas a micro emprendedores de la ciudad. Esta adjudicaci\u00f3n se realiz\u00f3 por medio del Fondo Productivo Municipal.  A diez emprendimientos se le entreg\u00f3 material para producci\u00f3n textil, mantenimiento de parques y jardines y producci\u00f3n gastron\u00f3mica. <\/p>\n\n\n\n<figure class=\"wp-block-image\"><img loading=\"lazy\" decoding=\"async\" width=\"750\" height=\"500\" data-attachment-id=\"93542\" data-permalink=\"https:\/\/www.hoymercedes.com.ar\/principal\/2019\/05\/23\/municipio-entrego-herramientas-para-emprendedores\/23-herramientas2\/#main\" data-orig-file=\"https:\/\/www.hoymercedes.com.ar\/principal\/wp-content\/uploads\/2019\/05\/23-Herramientas2.jpg\" data-orig-size=\"750,500\" data-comments-opened=\"0\" data-image-meta=\"{&quot;aperture&quot;:&quot;0&quot;,&quot;credit&quot;:&quot;&quot;,&quot;camera&quot;:&quot;&quot;,&quot;caption&quot;:&quot;&quot;,&quot;created_timestamp&quot;:&quot;0&quot;,&quot;copyright&quot;:&quot;&quot;,&quot;focal_length&quot;:&quot;0&quot;,&quot;iso&quot;:&quot;0&quot;,&quot;shutter_speed&quot;:&quot;0&quot;,&quot;title&quot;:&quot;&quot;,&quot;orientation&quot;:&quot;0&quot;}\" data-image-title=\"23 Herramientas2\" data-image-description=\"\" data-image-caption=\"\" data-large-file=\"https:\/\/www.hoymercedes.com.ar\/principal\/wp-content\/uploads\/2019\/05\/23-Herramientas2.jpg\" src=\"https:\/\/www.hoymercedes.com.ar\/principal\/wp-content\/uploads\/2019\/05\/23-Herramientas2.jpg\" alt=\"\" class=\"wp-image-93542\" srcset=\"https:\/\/www.hoymercedes.com.ar\/principal\/wp-content\/uploads\/2019\/05\/23-Herramientas2.jpg 750w, https:\/\/www.hoymercedes.com.ar\/principal\/wp-content\/uploads\/2019\/05\/23-Herramientas2-150x100.jpg 150w, https:\/\/www.hoymercedes.com.ar\/principal\/wp-content\/uploads\/2019\/05\/23-Herramientas2-630x420.jpg 630w, https:\/\/www.hoymercedes.com.ar\/principal\/wp-content\/uploads\/2019\/05\/23-Herramientas2-720x480.jpg 720w, https:\/\/www.hoymercedes.com.ar\/principal\/wp-content\/uploads\/2019\/05\/23-Herramientas2-360x240.jpg 360w\" sizes=\"auto, (max-width: 750px) 100vw, 750px\" \/><\/figure>\n\n\n\n<p>\u201cEsta entrega le permitir\u00e1 a estos vecinos de Mercedes poder afrontar de mejor manera un momento econ\u00f3mico que se presenta realmente dif\u00edcil para todos\u201d apunt\u00f3 el intendente Juan Ignacio Ustarroz.<\/p>\n\n\n\n<p>Asimismo, el jefe comunal Ustarroz destac\u00f3 \u201cel gran trabajo que se realiza denodadamente desde todas las \u00e1reas municipales, y en este caso desde producci\u00f3n, que de forma planificada lleva adelante estas entregas a emprendedores de la ciudad\u201d.<\/p>\n\n\n\n<p>Por su parte, el secretario de producci\u00f3n de la Municipalidad de Mercedes, el ingeniero, Marcelo Den\u00e1pole, detall\u00f3 \u201cesto se hace con fondos municipales, algo que entendemos le vendr\u00e1 muy bien a todos estos emprendedores que por la dif\u00edcil situaci\u00f3n que vive el pa\u00eds, no la est\u00e1n pasando bien\u201d.<\/p>\n\n\n\n<p>Conjuntamente, detall\u00f3 \u201cse ha hecho entrega de diez emprendimientos, entre ellos textiles, para mantenimiento de parques y jardines, horno para pizzas, etc\u201d y a\u00f1adi\u00f3 \u201ca trav\u00e9s de este programa municipal intentamos ayudar y capacitar a aquellos que tienen proyectado un emprendimiento\u201d.<\/p>\n\n\n\n<p>Y agreg\u00f3 \u201cla entrega de estos subsidios es gracias a la muy buena econom\u00eda que se viene desarrollando desde el municipio de Mercedes, que permiti\u00f3 sanear y obtener un super\u00e1vit en nuestra econom\u00eda\u201d.<\/p>\n\n\n\n<p>Desde la Municipalidad de Mercedes se sigue apoyando y brindando las herramientas necesarias, para que nuestros vecinos emprendedores puedan realizar su trabajo de una mejor manera.<\/p>\n","protected":false},"excerpt":{"rendered":"<p>El Municipio de Mercedes, a trav\u00e9s de la Direcci\u00f3n de Producci\u00f3n, entreg\u00f3 herramientas a micro emprendedores de la ciudad. Esta &#8230; <a title=\"Municipio entreg\u00f3 herramientas para emprendedores\" class=\"read-more\" href=\"https:\/\/www.hoymercedes.com.ar\/principal\/2019\/05\/23\/municipio-entrego-herramientas-para-emprendedores\/\" aria-label=\"Leer m\u00e1s sobre Municipio entreg\u00f3 herramientas para emprendedores\">Leer m\u00e1s<\/a><\/p>\n","protected":false},"author":1,"featured_media":93542,"comment_status":"closed","ping_status":"open","sticky":false,"template":"","format":"standard","meta":{"_monsterinsights_skip_tracking":false,"_monsterinsights_sitenote_active":false,"_monsterinsights_sitenote_note":"","_monsterinsights_sitenote_category":0,"jetpack_post_was_ever_published":false,"_jetpack_newsletter_access":"","_jetpack_dont_email_post_to_subs":false,"_jetpack_newsletter_tier_id":0,"_jetpack_memberships_contains_paywalled_content":false,"_jetpack_memberships_contains_paid_content":false,"footnotes":"","jetpack_publicize_message":"","jetpack_publicize_feature_enabled":true,"jetpack_social_post_already_shared":true,"jetpack_social_options":{"image_generator_settings":{"template":"highway","default_image_id":0,"font":"","enabled":false},"version":2},"_wpas_customize_per_network":false},"categories":[30],"tags":[4939,2644,10,244],"class_list":["post-93541","post","type-post","status-publish","format-standard","has-post-thumbnail","hentry","category-municipio","tag-direccion-de-produccion","tag-emprendedores","tag-mercedes","tag-municipio-2","generate-columns","tablet-grid-50","mobile-grid-100","grid-parent","grid-50"],"jetpack_publicize_connections":[],"jetpack_featured_media_url":"https:\/\/www.hoymercedes.com.ar\/principal\/wp-content\/uploads\/2019\/05\/23-Herramientas2.jpg","wps_subtitle":"Direcci\u00f3n de Producci\u00f3n","jetpack_sharing_enabled":true,"_links":{"self":[{"href":"https:\/\/www.hoymercedes.com.ar\/principal\/wp-json\/wp\/v2\/posts\/93541","targetHints":{"allow":["GET"]}}],"collection":[{"href":"https:\/\/www.hoymercedes.com.ar\/principal\/wp-json\/wp\/v2\/posts"}],"about":[{"href":"https:\/\/www.hoymercedes.com.ar\/principal\/wp-json\/wp\/v2\/types\/post"}],"author":[{"embeddable":true,"href":"https:\/\/www.hoymercedes.com.ar\/principal\/wp-json\/wp\/v2\/users\/1"}],"replies":[{"embeddable":true,"href":"https:\/\/www.hoymercedes.com.ar\/principal\/wp-json\/wp\/v2\/comments?post=93541"}],"version-history":[{"count":0,"href":"https:\/\/www.hoymercedes.com.ar\/principal\/wp-json\/wp\/v2\/posts\/93541\/revisions"}],"wp:featuredmedia":[{"embeddable":true,"href":"https:\/\/www.hoymercedes.com.ar\/principal\/wp-json\/wp\/v2\/media\/93542"}],"wp:attachment":[{"href":"https:\/\/www.hoymercedes.com.ar\/principal\/wp-json\/wp\/v2\/media?parent=93541"}],"wp:term":[{"taxonomy":"category","embeddable":true,"href":"https:\/\/www.hoymercedes.com.ar\/principal\/wp-json\/wp\/v2\/categories?post=93541"},{"taxonomy":"post_tag","embeddable":true,"href":"https:\/\/www.hoymercedes.com.ar\/principal\/wp-json\/wp\/v2\/tags?post=93541"}],"curies":[{"name":"wp","href":"https:\/\/api.w.org\/{rel}","templated":true}]}}