{"id":93548,"date":"2019-05-23T11:34:10","date_gmt":"2019-05-23T14:34:10","guid":{"rendered":"http:\/\/www.hoymercedes.com.ar\/principal\/?p=93548"},"modified":"2019-05-23T09:14:40","modified_gmt":"2019-05-23T12:14:40","slug":"proponen-presupuesto-solidario-joven","status":"publish","type":"post","link":"https:\/\/www.hoymercedes.com.ar\/principal\/2019\/05\/23\/proponen-presupuesto-solidario-joven\/","title":{"rendered":"Proponen presupuesto solidario joven"},"content":{"rendered":"\n<p>La Direcci\u00f3n de Juventud del Municipio de Mercedes dio cuenta de la creaci\u00f3n del Presupuesto Solidario Joven. Una iniciativa que tiene como finalidad que los j\u00f3venes construyan proyectos solidarios, tanto para sus colegios o escuelas, como para toda la ciudad. La idea busca impulsar y fortalecer la participaci\u00f3n democr\u00e1tica de la poblaci\u00f3n estudiantil.<\/p>\n\n\n\n<p>La iniciativa promueve la presentaci\u00f3n de proyectos de parte de los Centros de Estudiantes de las instituciones educativas para que sean alumnos los que decidan <\/p>\n\n\n\n<p>\u00bfQu\u00e9 es el Presupuesto Solidario Joven? El Presupuesto Solidario Joven es un proceso de intervenci\u00f3n directa, permanente, voluntaria y universal en el cual la ciudadan\u00eda joven, conjuntamente con el Municipio de Mercedes y las instituciones educativas, deliberan y deciden sobre la asignaci\u00f3n de recursos p\u00fablicos.<\/p>\n","protected":false},"excerpt":{"rendered":"<p>La Direcci\u00f3n de Juventud del Municipio de Mercedes dio cuenta de la creaci\u00f3n del Presupuesto Solidario Joven. Una iniciativa que &#8230; <a title=\"Proponen presupuesto solidario joven\" class=\"read-more\" href=\"https:\/\/www.hoymercedes.com.ar\/principal\/2019\/05\/23\/proponen-presupuesto-solidario-joven\/\" aria-label=\"Leer m\u00e1s sobre Proponen presupuesto solidario joven\">Leer m\u00e1s<\/a><\/p>\n","protected":false},"author":1,"featured_media":91994,"comment_status":"closed","ping_status":"open","sticky":false,"template":"","format":"standard","meta":{"_monsterinsights_skip_tracking":false,"_monsterinsights_sitenote_active":false,"_monsterinsights_sitenote_note":"","_monsterinsights_sitenote_category":0,"jetpack_post_was_ever_published":false,"_jetpack_newsletter_access":"","_jetpack_dont_email_post_to_subs":false,"_jetpack_newsletter_tier_id":0,"_jetpack_memberships_contains_paywalled_content":false,"_jetpack_memberships_contains_paid_content":false,"footnotes":"","jetpack_publicize_message":"","jetpack_publicize_feature_enabled":true,"jetpack_social_post_already_shared":true,"jetpack_social_options":{"image_generator_settings":{"template":"highway","default_image_id":0,"font":"","enabled":false},"version":2},"_wpas_customize_per_network":false},"categories":[30],"tags":[14015,244,15140],"class_list":["post-93548","post","type-post","status-publish","format-standard","has-post-thumbnail","hentry","category-municipio","tag-direccion-de-juventud","tag-municipio-2","tag-presupuesto-solidario-joven","generate-columns","tablet-grid-50","mobile-grid-100","grid-parent","grid-50"],"jetpack_publicize_connections":[],"jetpack_featured_media_url":"https:\/\/www.hoymercedes.com.ar\/principal\/wp-content\/uploads\/2019\/04\/26-juventudsolidaria1.jpg","wps_subtitle":"Difusi\u00f3n en las escuelas","jetpack_sharing_enabled":true,"_links":{"self":[{"href":"https:\/\/www.hoymercedes.com.ar\/principal\/wp-json\/wp\/v2\/posts\/93548","targetHints":{"allow":["GET"]}}],"collection":[{"href":"https:\/\/www.hoymercedes.com.ar\/principal\/wp-json\/wp\/v2\/posts"}],"about":[{"href":"https:\/\/www.hoymercedes.com.ar\/principal\/wp-json\/wp\/v2\/types\/post"}],"author":[{"embeddable":true,"href":"https:\/\/www.hoymercedes.com.ar\/principal\/wp-json\/wp\/v2\/users\/1"}],"replies":[{"embeddable":true,"href":"https:\/\/www.hoymercedes.com.ar\/principal\/wp-json\/wp\/v2\/comments?post=93548"}],"version-history":[{"count":0,"href":"https:\/\/www.hoymercedes.com.ar\/principal\/wp-json\/wp\/v2\/posts\/93548\/revisions"}],"wp:featuredmedia":[{"embeddable":true,"href":"https:\/\/www.hoymercedes.com.ar\/principal\/wp-json\/wp\/v2\/media\/91994"}],"wp:attachment":[{"href":"https:\/\/www.hoymercedes.com.ar\/principal\/wp-json\/wp\/v2\/media?parent=93548"}],"wp:term":[{"taxonomy":"category","embeddable":true,"href":"https:\/\/www.hoymercedes.com.ar\/principal\/wp-json\/wp\/v2\/categories?post=93548"},{"taxonomy":"post_tag","embeddable":true,"href":"https:\/\/www.hoymercedes.com.ar\/principal\/wp-json\/wp\/v2\/tags?post=93548"}],"curies":[{"name":"wp","href":"https:\/\/api.w.org\/{rel}","templated":true}]}}