{"id":93556,"date":"2019-05-23T12:12:05","date_gmt":"2019-05-23T15:12:05","guid":{"rendered":"http:\/\/www.hoymercedes.com.ar\/principal\/?p=93556"},"modified":"2019-05-23T09:38:58","modified_gmt":"2019-05-23T12:38:58","slug":"selva-los-supermercados-son-deformadores-de-precios","status":"publish","type":"post","link":"https:\/\/www.hoymercedes.com.ar\/principal\/2019\/05\/23\/selva-los-supermercados-son-deformadores-de-precios\/","title":{"rendered":"Selva: \u201cLos supermercados son deformadores de precios\u201d"},"content":{"rendered":"\n<p>El diputado&nbsp;<strong>Carlos Selva<\/strong>, del Frente Renovador, quiere lograr los consensos necesarios para \u201cinsistir en el tratamiento\u201d de la ley de g\u00f3ndolas que viene a \u201cproteger a los peque\u00f1os y medianos productores y a las econom\u00edas regionales\u201d.<\/p>\n\n\n\n<p>Lo cierto es que desde la C\u00e1mara de Diputados junto a su bloque intentaron sacar un dictamen en Comisi\u00f3n Plenaria de Defensa del Consumidor, Comercio y Legislaci\u00f3n General de la Ley De G\u00f3ndolas, pero se frustr\u00f3 por falta de qu\u00f3rum.<\/p>\n\n\n\n<p>\u201cLo que tenemos claro quienes estuvimos dispuestos a debatirla, es que es necesaria la ley cuando hay una Secretar\u00eda de Comercio totalmente ausente\u201d, se quej\u00f3 Selva.<\/p>\n\n\n\n<p>\u201cLos hipermercados son deformadores de precios y es responsabilidad del Estado controlar para que eso no ocurra\u201d, opin\u00f3.<\/p>\n\n\n\n<p>\u201cOjal\u00e1 que podamos lograr los consensos necesarios para insistir en el tratamiento de esta ley que viene a proteger a los peque\u00f1os y medianos productores y a las econom\u00edas regionales\u201d, dijo.<\/p>\n\n\n\n<p>Fuente: Carlos Selva Web<\/p>\n","protected":false},"excerpt":{"rendered":"<p>El diputado&nbsp;Carlos Selva, del Frente Renovador, quiere lograr los consensos necesarios para \u201cinsistir en el tratamiento\u201d de la ley de &#8230; <a title=\"Selva: \u201cLos supermercados son deformadores de precios\u201d\" class=\"read-more\" href=\"https:\/\/www.hoymercedes.com.ar\/principal\/2019\/05\/23\/selva-los-supermercados-son-deformadores-de-precios\/\" aria-label=\"Leer m\u00e1s sobre Selva: \u201cLos supermercados son deformadores de precios\u201d\">Leer m\u00e1s<\/a><\/p>\n","protected":false},"author":1,"featured_media":89987,"comment_status":"closed","ping_status":"open","sticky":false,"template":"","format":"standard","meta":{"_monsterinsights_skip_tracking":false,"_monsterinsights_sitenote_active":false,"_monsterinsights_sitenote_note":"","_monsterinsights_sitenote_category":0,"jetpack_post_was_ever_published":false,"_jetpack_newsletter_access":"","_jetpack_dont_email_post_to_subs":false,"_jetpack_newsletter_tier_id":0,"_jetpack_memberships_contains_paywalled_content":false,"_jetpack_memberships_contains_paid_content":false,"footnotes":"","jetpack_publicize_message":"","jetpack_publicize_feature_enabled":true,"jetpack_social_post_already_shared":true,"jetpack_social_options":{"image_generator_settings":{"template":"highway","default_image_id":0,"font":"","enabled":false},"version":2},"_wpas_customize_per_network":false},"categories":[5210],"tags":[39,3537,15142,10113],"class_list":["post-93556","post","type-post","status-publish","format-standard","has-post-thumbnail","hentry","category-politica-nacional","tag-carlos-selva","tag-frente-renovador","tag-ley-de-gondola","tag-politica-nacional","generate-columns","tablet-grid-50","mobile-grid-100","grid-parent","grid-50"],"jetpack_publicize_connections":[],"jetpack_featured_media_url":"https:\/\/www.hoymercedes.com.ar\/principal\/wp-content\/uploads\/2019\/03\/24-selva.jpg","wps_subtitle":"Ley de g\u00f3ndolas","jetpack_sharing_enabled":true,"_links":{"self":[{"href":"https:\/\/www.hoymercedes.com.ar\/principal\/wp-json\/wp\/v2\/posts\/93556","targetHints":{"allow":["GET"]}}],"collection":[{"href":"https:\/\/www.hoymercedes.com.ar\/principal\/wp-json\/wp\/v2\/posts"}],"about":[{"href":"https:\/\/www.hoymercedes.com.ar\/principal\/wp-json\/wp\/v2\/types\/post"}],"author":[{"embeddable":true,"href":"https:\/\/www.hoymercedes.com.ar\/principal\/wp-json\/wp\/v2\/users\/1"}],"replies":[{"embeddable":true,"href":"https:\/\/www.hoymercedes.com.ar\/principal\/wp-json\/wp\/v2\/comments?post=93556"}],"version-history":[{"count":0,"href":"https:\/\/www.hoymercedes.com.ar\/principal\/wp-json\/wp\/v2\/posts\/93556\/revisions"}],"wp:featuredmedia":[{"embeddable":true,"href":"https:\/\/www.hoymercedes.com.ar\/principal\/wp-json\/wp\/v2\/media\/89987"}],"wp:attachment":[{"href":"https:\/\/www.hoymercedes.com.ar\/principal\/wp-json\/wp\/v2\/media?parent=93556"}],"wp:term":[{"taxonomy":"category","embeddable":true,"href":"https:\/\/www.hoymercedes.com.ar\/principal\/wp-json\/wp\/v2\/categories?post=93556"},{"taxonomy":"post_tag","embeddable":true,"href":"https:\/\/www.hoymercedes.com.ar\/principal\/wp-json\/wp\/v2\/tags?post=93556"}],"curies":[{"name":"wp","href":"https:\/\/api.w.org\/{rel}","templated":true}]}}