{"id":93578,"date":"2019-05-23T19:09:24","date_gmt":"2019-05-23T22:09:24","guid":{"rendered":"http:\/\/www.hoymercedes.com.ar\/principal\/?p=93578"},"modified":"2019-05-23T21:23:59","modified_gmt":"2019-05-24T00:23:59","slug":"inauguran-nuevo-centro-integral-comunitario-con-policia-camaras-y-servicios","status":"publish","type":"post","link":"https:\/\/www.hoymercedes.com.ar\/principal\/2019\/05\/23\/inauguran-nuevo-centro-integral-comunitario-con-policia-camaras-y-servicios\/","title":{"rendered":"Inauguran nuevo \u00abCentro Integral Comunitario\u00bb con polic\u00eda, c\u00e1maras y servicios"},"content":{"rendered":"\n<figure class=\"wp-block-embed-youtube wp-block-embed is-type-video is-provider-youtube wp-embed-aspect-16-9 wp-has-aspect-ratio\"><div class=\"wp-block-embed__wrapper\">\n<span class=\"embed-youtube\" style=\"text-align:center; display: block;\"><iframe loading=\"lazy\" class=\"youtube-player\" width=\"1200\" height=\"675\" src=\"https:\/\/www.youtube.com\/embed\/e-QZ3iSPLaQ?version=3&#038;rel=1&#038;showsearch=0&#038;showinfo=1&#038;iv_load_policy=1&#038;fs=1&#038;hl=es-ES&#038;autohide=2&#038;wmode=transparent\" allowfullscreen=\"true\" style=\"border:0;\" sandbox=\"allow-scripts allow-same-origin allow-popups allow-presentation allow-popups-to-escape-sandbox\"><\/iframe><\/span>\n<\/div><\/figure>\n\n\n\n<p>Con inversi\u00f3n municipal se inaugur\u00f3 un nuevo Centro Integral Comunitario\u201d en la estrat\u00e9gica esquina de 12 bis y Av.1. Cuenta con C\u00e1maras de Seguridad, presencia policial, gestiones comunales y confecci\u00f3n de la red vecina preventiva. \u201cQueremos agradecer a los vecinos y vecinas de la zona que formar\u00e1n parte de la soluci\u00f3n de este problema \u2013la seguridad &#8211; que es muy complejo, pero que desde lo local estamos trabajando para dar una mejor respuesta\u201d, coment\u00f3 el intendente Ustarroz<\/p>\n\n\n\n<figure class=\"wp-block-image\"><img loading=\"lazy\" decoding=\"async\" width=\"1024\" height=\"498\" data-attachment-id=\"93579\" data-permalink=\"https:\/\/www.hoymercedes.com.ar\/principal\/2019\/05\/23\/inauguran-nuevo-centro-integral-comunitario-con-policia-camaras-y-servicios\/1-20\/#main\" data-orig-file=\"https:\/\/www.hoymercedes.com.ar\/principal\/wp-content\/uploads\/2019\/05\/1.jpeg\" data-orig-size=\"1280,622\" data-comments-opened=\"0\" data-image-meta=\"{&quot;aperture&quot;:&quot;0&quot;,&quot;credit&quot;:&quot;&quot;,&quot;camera&quot;:&quot;&quot;,&quot;caption&quot;:&quot;&quot;,&quot;created_timestamp&quot;:&quot;0&quot;,&quot;copyright&quot;:&quot;&quot;,&quot;focal_length&quot;:&quot;0&quot;,&quot;iso&quot;:&quot;0&quot;,&quot;shutter_speed&quot;:&quot;0&quot;,&quot;title&quot;:&quot;&quot;,&quot;orientation&quot;:&quot;0&quot;}\" data-image-title=\"1\" data-image-description=\"\" data-image-caption=\"\" data-large-file=\"https:\/\/www.hoymercedes.com.ar\/principal\/wp-content\/uploads\/2019\/05\/1-1024x498.jpeg\" src=\"https:\/\/www.hoymercedes.com.ar\/principal\/wp-content\/uploads\/2019\/05\/1-1024x498.jpeg\" alt=\"\" class=\"wp-image-93579\" srcset=\"https:\/\/www.hoymercedes.com.ar\/principal\/wp-content\/uploads\/2019\/05\/1-1024x498.jpeg 1024w, https:\/\/www.hoymercedes.com.ar\/principal\/wp-content\/uploads\/2019\/05\/1-150x73.jpeg 150w, https:\/\/www.hoymercedes.com.ar\/principal\/wp-content\/uploads\/2019\/05\/1-630x306.jpeg 630w, https:\/\/www.hoymercedes.com.ar\/principal\/wp-content\/uploads\/2019\/05\/1.jpeg 1280w\" sizes=\"auto, (max-width: 1024px) 100vw, 1024px\" \/><figcaption>Encuentro con vecinos<\/figcaption><\/figure>\n\n\n\n<p>Previo a la puesta en funciones del lugar, el jefe comunal se reuni\u00f3n con vecinos, a quienes escuch\u00f3 y cont\u00f3 toda la inversi\u00f3n realizada desde la Comuna, sin olvidar, que la competencia del sostenimiento policial es de la provincia. <\/p>\n\n\n\n<p>\u201cAnte esta dif\u00edcil realidad\ntratamos de invertir m\u00e1s, escuchar a los vecinos y generando los mejores\nsistemas para estar m\u00e1s organizados ante esta gran problem\u00e1tica, que no s\u00f3lo\nafecta a nuestra ciudad, sino a toda la provincia\u201d.&nbsp;&nbsp; <\/p>\n\n\n\n<p>Cabe destacar que diferentes\ninformes de la Suprema Corte de la provincia de Buenos Aires han determinado\nque el delito viene en paulatino ascenso, a lo cual el intendente Ustarroz\nsostuvo \u201cnosotros ante esta situaci\u00f3n lo que buscamos es sumar m\u00e1s herramientas\npara abordar y trabajar mejor este problema que es muy serio y complejo\u201d.<\/p>\n\n\n\n<figure class=\"wp-block-image\"><img loading=\"lazy\" decoding=\"async\" width=\"1024\" height=\"498\" data-attachment-id=\"93580\" data-permalink=\"https:\/\/www.hoymercedes.com.ar\/principal\/2019\/05\/23\/inauguran-nuevo-centro-integral-comunitario-con-policia-camaras-y-servicios\/4-16\/#main\" data-orig-file=\"https:\/\/www.hoymercedes.com.ar\/principal\/wp-content\/uploads\/2019\/05\/4.jpeg\" data-orig-size=\"1280,622\" data-comments-opened=\"0\" data-image-meta=\"{&quot;aperture&quot;:&quot;0&quot;,&quot;credit&quot;:&quot;&quot;,&quot;camera&quot;:&quot;&quot;,&quot;caption&quot;:&quot;&quot;,&quot;created_timestamp&quot;:&quot;0&quot;,&quot;copyright&quot;:&quot;&quot;,&quot;focal_length&quot;:&quot;0&quot;,&quot;iso&quot;:&quot;0&quot;,&quot;shutter_speed&quot;:&quot;0&quot;,&quot;title&quot;:&quot;&quot;,&quot;orientation&quot;:&quot;0&quot;}\" data-image-title=\"4\" data-image-description=\"\" data-image-caption=\"\" data-large-file=\"https:\/\/www.hoymercedes.com.ar\/principal\/wp-content\/uploads\/2019\/05\/4-1024x498.jpeg\" src=\"https:\/\/www.hoymercedes.com.ar\/principal\/wp-content\/uploads\/2019\/05\/4-1024x498.jpeg\" alt=\"\" class=\"wp-image-93580\" srcset=\"https:\/\/www.hoymercedes.com.ar\/principal\/wp-content\/uploads\/2019\/05\/4-1024x498.jpeg 1024w, https:\/\/www.hoymercedes.com.ar\/principal\/wp-content\/uploads\/2019\/05\/4-150x73.jpeg 150w, https:\/\/www.hoymercedes.com.ar\/principal\/wp-content\/uploads\/2019\/05\/4-630x306.jpeg 630w, https:\/\/www.hoymercedes.com.ar\/principal\/wp-content\/uploads\/2019\/05\/4.jpeg 1280w\" sizes=\"auto, (max-width: 1024px) 100vw, 1024px\" \/><figcaption>C\u00e1maras de la posta<\/figcaption><\/figure>\n\n\n\n<p><strong>Inversi\u00f3n <\/strong><\/p>\n\n\n\n<p>En ese sentido, el Dr. Ustarroz\nremarc\u00f3 \u201cdesde el Municipio invertimos much\u00edsimos recursos, de hecho el\nMinisterios de Seguridad se hab\u00eda comprometido a realizar este centro, algo que\nno cumpli\u00f3\u201d y a\u00f1adi\u00f3 \u201cde hecho hoy la municipalidad se sigue haciendo cargo del\ncombustible de los diferentes patrulleros que circulan en la ciudad, sumado a\nla compra de bicicletas, motos, patrulleros, duplicamos las c\u00e1maras de\nseguridad, generamos foros de seguridad, los p\u00f3rticos de entrada a la ciudad,\nel Centro de Monitoreo, etc\u201d.<\/p>\n\n\n\n<p><strong>Compromiso<\/strong><\/p>\n\n\n\n<p>\u201cPedimos m\u00e1s compromiso y m\u00e1s\nrecursos por parte de la provincia porque la verdad es que nos est\u00e1n dejando\nsolos\u201d afirm\u00f3 el intendente Ustarroz y se\u00f1al\u00f3 \u201cel municipio puede colaborar\npero no conduce y no organiza las comisarias, la organizaci\u00f3n, ni la\ncapacitaci\u00f3n de la polic\u00eda, eso es competencia del Gobierno Provincial\u201d.<\/p>\n\n\n\n<figure class=\"wp-block-image\"><img loading=\"lazy\" decoding=\"async\" width=\"1024\" height=\"498\" data-attachment-id=\"93581\" data-permalink=\"https:\/\/www.hoymercedes.com.ar\/principal\/2019\/05\/23\/inauguran-nuevo-centro-integral-comunitario-con-policia-camaras-y-servicios\/3-15\/#main\" data-orig-file=\"https:\/\/www.hoymercedes.com.ar\/principal\/wp-content\/uploads\/2019\/05\/3.jpeg\" data-orig-size=\"1280,622\" data-comments-opened=\"0\" data-image-meta=\"{&quot;aperture&quot;:&quot;0&quot;,&quot;credit&quot;:&quot;&quot;,&quot;camera&quot;:&quot;&quot;,&quot;caption&quot;:&quot;&quot;,&quot;created_timestamp&quot;:&quot;0&quot;,&quot;copyright&quot;:&quot;&quot;,&quot;focal_length&quot;:&quot;0&quot;,&quot;iso&quot;:&quot;0&quot;,&quot;shutter_speed&quot;:&quot;0&quot;,&quot;title&quot;:&quot;&quot;,&quot;orientation&quot;:&quot;0&quot;}\" data-image-title=\"3\" data-image-description=\"\" data-image-caption=\"\" data-large-file=\"https:\/\/www.hoymercedes.com.ar\/principal\/wp-content\/uploads\/2019\/05\/3-1024x498.jpeg\" src=\"https:\/\/www.hoymercedes.com.ar\/principal\/wp-content\/uploads\/2019\/05\/3-1024x498.jpeg\" alt=\"\" class=\"wp-image-93581\" srcset=\"https:\/\/www.hoymercedes.com.ar\/principal\/wp-content\/uploads\/2019\/05\/3-1024x498.jpeg 1024w, https:\/\/www.hoymercedes.com.ar\/principal\/wp-content\/uploads\/2019\/05\/3-150x73.jpeg 150w, https:\/\/www.hoymercedes.com.ar\/principal\/wp-content\/uploads\/2019\/05\/3-630x306.jpeg 630w, https:\/\/www.hoymercedes.com.ar\/principal\/wp-content\/uploads\/2019\/05\/3.jpeg 1280w\" sizes=\"auto, (max-width: 1024px) 100vw, 1024px\" \/><figcaption>Centro Integral Comunitario<\/figcaption><\/figure>\n\n\n\n<p><strong>Integral<\/strong><\/p>\n\n\n\n<p>La Secretaria de Seguridad\nMunicipal, Josefina Kelly indic\u00f3 \u201cla idea es poder integrar a los vecinos al\ntrabajo mancomunado entre la polic\u00eda y el Municipio a nivel seguridad, para\nadem\u00e1s, poder trabajar las diferentes tem\u00e1ticas, problem\u00e1ticas y conflictos\nvecinales\u201d y agreg\u00f3 \u201cen este caso se dotaron de m\u00e1s recursos, como bicicletas\npara el centro de protecci\u00f3n integral, un tel\u00e9fono celular para poder armar un\ngrupo de whatsapp con los diferentes vecinos en toda esta zona\u201d.<\/p>\n\n\n\n<p><strong>En conjunto<\/strong><\/p>\n\n\n\n<p>\u201cLa elecci\u00f3n de esta ubicaci\u00f3n fue hecha a partir de las reuniones y foros de seguridad realizadas, y en ese marco se diagnostic\u00f3 que debido a los diferentes delitos y conflictos, se consider\u00f3 que deb\u00eda haber mayor presencia policial\u201d.<\/p>\n\n\n\n<figure class=\"wp-block-image\"><img loading=\"lazy\" decoding=\"async\" width=\"1024\" height=\"498\" data-attachment-id=\"93582\" data-permalink=\"https:\/\/www.hoymercedes.com.ar\/principal\/2019\/05\/23\/inauguran-nuevo-centro-integral-comunitario-con-policia-camaras-y-servicios\/2-14\/#main\" data-orig-file=\"https:\/\/www.hoymercedes.com.ar\/principal\/wp-content\/uploads\/2019\/05\/2.jpeg\" data-orig-size=\"1280,622\" data-comments-opened=\"0\" data-image-meta=\"{&quot;aperture&quot;:&quot;0&quot;,&quot;credit&quot;:&quot;&quot;,&quot;camera&quot;:&quot;&quot;,&quot;caption&quot;:&quot;&quot;,&quot;created_timestamp&quot;:&quot;0&quot;,&quot;copyright&quot;:&quot;&quot;,&quot;focal_length&quot;:&quot;0&quot;,&quot;iso&quot;:&quot;0&quot;,&quot;shutter_speed&quot;:&quot;0&quot;,&quot;title&quot;:&quot;&quot;,&quot;orientation&quot;:&quot;0&quot;}\" data-image-title=\"2\" data-image-description=\"\" data-image-caption=\"\" data-large-file=\"https:\/\/www.hoymercedes.com.ar\/principal\/wp-content\/uploads\/2019\/05\/2-1024x498.jpeg\" src=\"https:\/\/www.hoymercedes.com.ar\/principal\/wp-content\/uploads\/2019\/05\/2-1024x498.jpeg\" alt=\"\" class=\"wp-image-93582\" srcset=\"https:\/\/www.hoymercedes.com.ar\/principal\/wp-content\/uploads\/2019\/05\/2-1024x498.jpeg 1024w, https:\/\/www.hoymercedes.com.ar\/principal\/wp-content\/uploads\/2019\/05\/2-150x73.jpeg 150w, https:\/\/www.hoymercedes.com.ar\/principal\/wp-content\/uploads\/2019\/05\/2-630x306.jpeg 630w, https:\/\/www.hoymercedes.com.ar\/principal\/wp-content\/uploads\/2019\/05\/2.jpeg 1280w\" sizes=\"auto, (max-width: 1024px) 100vw, 1024px\" \/><figcaption>Ubicada en 12bis y 1<\/figcaption><\/figure>\n\n\n\n<p>Fuente: Municipio<\/p>\n","protected":false},"excerpt":{"rendered":"<p>Con inversi\u00f3n municipal se inaugur\u00f3 un nuevo Centro Integral Comunitario\u201d en la estrat\u00e9gica esquina de 12 bis y Av.1. Cuenta &#8230; <a title=\"Inauguran nuevo \u00abCentro Integral Comunitario\u00bb con polic\u00eda, c\u00e1maras y servicios\" class=\"read-more\" href=\"https:\/\/www.hoymercedes.com.ar\/principal\/2019\/05\/23\/inauguran-nuevo-centro-integral-comunitario-con-policia-camaras-y-servicios\/\" aria-label=\"Leer m\u00e1s sobre Inauguran nuevo \u00abCentro Integral Comunitario\u00bb con polic\u00eda, c\u00e1maras y servicios\">Leer m\u00e1s<\/a><\/p>\n","protected":false},"author":1,"featured_media":93581,"comment_status":"closed","ping_status":"open","sticky":false,"template":"","format":"standard","meta":{"_monsterinsights_skip_tracking":false,"_monsterinsights_sitenote_active":false,"_monsterinsights_sitenote_note":"","_monsterinsights_sitenote_category":0,"jetpack_post_was_ever_published":false,"_jetpack_newsletter_access":"","_jetpack_dont_email_post_to_subs":false,"_jetpack_newsletter_tier_id":0,"_jetpack_memberships_contains_paywalled_content":false,"_jetpack_memberships_contains_paid_content":false,"footnotes":"","jetpack_publicize_message":"","jetpack_publicize_feature_enabled":true,"jetpack_social_post_already_shared":true,"jetpack_social_options":{"image_generator_settings":{"template":"highway","default_image_id":0,"font":"","enabled":false},"version":2},"_wpas_customize_per_network":false},"categories":[30],"tags":[802,424],"class_list":["post-93578","post","type-post","status-publish","format-standard","has-post-thumbnail","hentry","category-municipio","tag-seguridad","tag-ustarroz","generate-columns","tablet-grid-50","mobile-grid-100","grid-parent","grid-50"],"jetpack_publicize_connections":[],"jetpack_featured_media_url":"https:\/\/www.hoymercedes.com.ar\/principal\/wp-content\/uploads\/2019\/05\/3.jpeg","wps_subtitle":"Prevenci\u00f3n e inversi\u00f3n local ","jetpack_sharing_enabled":true,"_links":{"self":[{"href":"https:\/\/www.hoymercedes.com.ar\/principal\/wp-json\/wp\/v2\/posts\/93578","targetHints":{"allow":["GET"]}}],"collection":[{"href":"https:\/\/www.hoymercedes.com.ar\/principal\/wp-json\/wp\/v2\/posts"}],"about":[{"href":"https:\/\/www.hoymercedes.com.ar\/principal\/wp-json\/wp\/v2\/types\/post"}],"author":[{"embeddable":true,"href":"https:\/\/www.hoymercedes.com.ar\/principal\/wp-json\/wp\/v2\/users\/1"}],"replies":[{"embeddable":true,"href":"https:\/\/www.hoymercedes.com.ar\/principal\/wp-json\/wp\/v2\/comments?post=93578"}],"version-history":[{"count":0,"href":"https:\/\/www.hoymercedes.com.ar\/principal\/wp-json\/wp\/v2\/posts\/93578\/revisions"}],"wp:featuredmedia":[{"embeddable":true,"href":"https:\/\/www.hoymercedes.com.ar\/principal\/wp-json\/wp\/v2\/media\/93581"}],"wp:attachment":[{"href":"https:\/\/www.hoymercedes.com.ar\/principal\/wp-json\/wp\/v2\/media?parent=93578"}],"wp:term":[{"taxonomy":"category","embeddable":true,"href":"https:\/\/www.hoymercedes.com.ar\/principal\/wp-json\/wp\/v2\/categories?post=93578"},{"taxonomy":"post_tag","embeddable":true,"href":"https:\/\/www.hoymercedes.com.ar\/principal\/wp-json\/wp\/v2\/tags?post=93578"}],"curies":[{"name":"wp","href":"https:\/\/api.w.org\/{rel}","templated":true}]}}