{"id":9358,"date":"2011-11-25T12:03:11","date_gmt":"2011-11-25T12:03:11","guid":{"rendered":"http:\/\/www.hoymercedes.com.ar\/principal\/?p=9358"},"modified":"2011-11-25T12:03:11","modified_gmt":"2011-11-25T12:03:11","slug":"presentan-en-vivo-el-disco-%e2%80%9cen-el-jardin-de-angela%e2%80%9d","status":"publish","type":"post","link":"https:\/\/www.hoymercedes.com.ar\/principal\/2011\/11\/25\/presentan-en-vivo-el-disco-%e2%80%9cen-el-jardin-de-angela%e2%80%9d\/","title":{"rendered":"Presentan en vivo el disco \u201cEn el Jard\u00edn de Angela\u201d"},"content":{"rendered":"<p>Ser\u00e1 el pr\u00f3ximo jueves 8 de diciembre, a las 21.30 horas, en el Colegio San Antonio de Mercedes. Se trata de un disco producido por los J\u00f3venes Misioneros Antonianos con la participaci\u00f3n de artistas locales e integrantes del grupo.<\/p>\n<p><a href=\"https:\/\/www.hoymercedes.com.ar\/principal\/wp-content\/uploads\/2011\/11\/misioneros-12-disco-I.jpg\"><img loading=\"lazy\" decoding=\"async\" data-attachment-id=\"9360\" data-permalink=\"https:\/\/www.hoymercedes.com.ar\/principal\/2011\/11\/25\/presentan-en-vivo-el-disco-%e2%80%9cen-el-jardin-de-angela%e2%80%9d\/misioneros-12-disco-i\/#main\" data-orig-file=\"https:\/\/www.hoymercedes.com.ar\/principal\/wp-content\/uploads\/2011\/11\/misioneros-12-disco-I.jpg\" data-orig-size=\"512,329\" data-comments-opened=\"1\" data-image-meta=\"{&quot;aperture&quot;:&quot;0&quot;,&quot;credit&quot;:&quot;&quot;,&quot;camera&quot;:&quot;&quot;,&quot;caption&quot;:&quot;&quot;,&quot;created_timestamp&quot;:&quot;0&quot;,&quot;copyright&quot;:&quot;&quot;,&quot;focal_length&quot;:&quot;0&quot;,&quot;iso&quot;:&quot;0&quot;,&quot;shutter_speed&quot;:&quot;0&quot;,&quot;title&quot;:&quot;&quot;}\" data-image-title=\"misioneros-12-disco-I\" data-image-description=\"\" data-image-caption=\"\" data-large-file=\"https:\/\/www.hoymercedes.com.ar\/principal\/wp-content\/uploads\/2011\/11\/misioneros-12-disco-I.jpg\" class=\"aligncenter size-full wp-image-9360\" title=\"misioneros-12-disco-I\" src=\"https:\/\/www.hoymercedes.com.ar\/principal\/wp-content\/uploads\/2011\/11\/misioneros-12-disco-I.jpg\" alt=\"\" width=\"512\" height=\"329\" \/><\/a><\/p>\n<p>Para el venidero jueves 8 de diciembre, a las 21.30 horas, se anunci\u00f3 la presentaci\u00f3n oficial del disco \u201cEn el Jard\u00edn de Angela\u201d. Se trata de una producci\u00f3n de los Misioneros Antonianos que cuenta con la participaci\u00f3n de artistas de la ciudad de Mercedes y su presentaci\u00f3n en p\u00fablico, de manera abierta, ser\u00e1 en el Colegio San Antonio de esta ciudad.<\/p>\n<p>El proyecto de los J\u00f3venes Misioneros Antonianos tiene que ver con la conmemoraci\u00f3n del centenario de la Madre Antonia Cerini, y vio la luz hace pocos d\u00edas. El disco incluye canciones originales, se llama \u201cEn el Jard\u00edn de \u00c1ngela\u201d, y cuenta con la participaci\u00f3n de reconocidos artistas e integrantes del grupo misionero de la ciudad de Mercedes. Dami\u00e1n Tessore, Javier Guerra, Mar\u00eda Florencia Chena, Maximiliano Rodr\u00edguez, Esteban Kuzmicz, Juan Manuel Zunino, Queto Zunino, Viviana Guerra, Virginia Altube, Julieta Umezawa, la Hermana M\u00f3nica C\u00e1rdenas, Paula y Josefina Otero, Roc\u00edo Torres, Victoria Zunino, Romina Duro, Javier Varela y la Hermana Marisa Biasutti son algunos de los part\u00edcipes en las grabaciones.<\/p>\n<p>\u201cEn el jard\u00edn de \u00c1ngela\u201d es, seg\u00fan definen, \u201cm\u00fasica hecha con amor, de nuestra Comunidad Misionera, para toda la familia antoniana\u201d, e incluye canciones y letras originales, as\u00ed como algunas adaptaciones. \u201cSe busca un pesebre\u201d, \u201cDecir comunidad\u201d, \u201cCentinela de la esperanza\u201d, \u201cMar\u00eda del buen mate\u201d, \u201cSi t\u00fa no vienes\u201d, \u201cLatiendo\u201d, \u201cChacarera del triunfo\u201d, \u201cCaminos\u201d, \u201cBendita seas mujer\u201d, \u201cGracias\u201d, \u201cEn el Jard\u00edn de Angela\u201d y \u201cBendici\u00f3n misionera\u201d son las 12 canciones que lo integran.<\/p>\n<p><a href=\"https:\/\/www.hoymercedes.com.ar\/principal\/wp-content\/uploads\/2011\/11\/misioneros-13-Disco_II.jpg\"><img loading=\"lazy\" decoding=\"async\" data-attachment-id=\"9361\" data-permalink=\"https:\/\/www.hoymercedes.com.ar\/principal\/2011\/11\/25\/presentan-en-vivo-el-disco-%e2%80%9cen-el-jardin-de-angela%e2%80%9d\/misioneros-13-disco_ii\/#main\" data-orig-file=\"https:\/\/www.hoymercedes.com.ar\/principal\/wp-content\/uploads\/2011\/11\/misioneros-13-Disco_II.jpg\" data-orig-size=\"512,328\" data-comments-opened=\"1\" data-image-meta=\"{&quot;aperture&quot;:&quot;0&quot;,&quot;credit&quot;:&quot;&quot;,&quot;camera&quot;:&quot;&quot;,&quot;caption&quot;:&quot;&quot;,&quot;created_timestamp&quot;:&quot;0&quot;,&quot;copyright&quot;:&quot;&quot;,&quot;focal_length&quot;:&quot;0&quot;,&quot;iso&quot;:&quot;0&quot;,&quot;shutter_speed&quot;:&quot;0&quot;,&quot;title&quot;:&quot;&quot;}\" data-image-title=\"misioneros-13-Disco_II\" data-image-description=\"\" data-image-caption=\"\" data-large-file=\"https:\/\/www.hoymercedes.com.ar\/principal\/wp-content\/uploads\/2011\/11\/misioneros-13-Disco_II.jpg\" class=\"aligncenter size-full wp-image-9361\" title=\"misioneros-13-Disco_II\" src=\"https:\/\/www.hoymercedes.com.ar\/principal\/wp-content\/uploads\/2011\/11\/misioneros-13-Disco_II.jpg\" alt=\"\" width=\"512\" height=\"328\" srcset=\"https:\/\/www.hoymercedes.com.ar\/principal\/wp-content\/uploads\/2011\/11\/misioneros-13-Disco_II.jpg 512w, https:\/\/www.hoymercedes.com.ar\/principal\/wp-content\/uploads\/2011\/11\/misioneros-13-Disco_II-300x192.jpg 300w\" sizes=\"auto, (max-width: 512px) 100vw, 512px\" \/><\/a><\/p>\n<p>Se dar\u00e1 a conocer en p\u00fablico el venidero jueves 8 de diciembre. En el disco se destaca la calidad de grabaci\u00f3n y sonido lograda, con todo profesionalismo, as\u00ed como el dise\u00f1o y el cuidado de todos los detalles que hacen que el lanzamiento de este material sea de relieve.<\/p>\n<p>Los J\u00f3venes Misioneros Antonianos son una comunidad formada por ex alumnos de los colegios que las hermanas de San Antonio de Padua tienen en las distintas localidades de la Argentina. La idea es compartir este cd que realizaron, \u201cEn el jard\u00edn de Angela\u201d, con el apoyo de gente que colabor\u00f3 desinteresadamente para conmemorar los 100 a\u00f1os de la pascua de la sierva de Dios Antonia Cerini, fundadora de la congregaci\u00f3n<\/p>\n<p>Con la compra del disco (que ya est\u00e1 a la venta) se estar\u00e1 contribuyendo con las actividades comunitarias, pastorales y de formaci\u00f3n, tales como misiones, encuentros y reuniones de grupo.<\/p>\n<p>Por \u00faltimo, por estos d\u00edas los integrantes del grupo lanzan una campa\u00f1a de difusi\u00f3n del material en las radios locales, present\u00e1ndolo en distintos horarios en varias emisoras de frecuencia modulada de la ciudad de Mercedes.<\/p>\n<p>&nbsp;<\/p>\n<p>Fotos: Luciana Corado<\/p>\n","protected":false},"excerpt":{"rendered":"<p>Ser\u00e1 el pr\u00f3ximo jueves 8 de diciembre, a las 21.30 horas, en el Colegio San Antonio de Mercedes. Se trata &#8230; <a title=\"Presentan en vivo el disco \u201cEn el Jard\u00edn de Angela\u201d\" class=\"read-more\" href=\"https:\/\/www.hoymercedes.com.ar\/principal\/2011\/11\/25\/presentan-en-vivo-el-disco-%e2%80%9cen-el-jardin-de-angela%e2%80%9d\/\" aria-label=\"Leer m\u00e1s sobre Presentan en vivo el disco \u201cEn el Jard\u00edn de Angela\u201d\">Leer m\u00e1s<\/a><\/p>\n","protected":false},"author":1,"featured_media":0,"comment_status":"open","ping_status":"open","sticky":false,"template":"","format":"standard","meta":{"_monsterinsights_skip_tracking":false,"_monsterinsights_sitenote_active":false,"_monsterinsights_sitenote_note":"","_monsterinsights_sitenote_category":0,"jetpack_post_was_ever_published":false,"_jetpack_newsletter_access":"","_jetpack_dont_email_post_to_subs":false,"_jetpack_newsletter_tier_id":0,"_jetpack_memberships_contains_paywalled_content":false,"_jetpack_memberships_contains_paid_content":false,"footnotes":"","jetpack_publicize_message":"","jetpack_publicize_feature_enabled":true,"jetpack_social_post_already_shared":false,"jetpack_social_options":{"image_generator_settings":{"template":"highway","default_image_id":0,"font":"","enabled":false},"version":2},"_wpas_customize_per_network":false},"categories":[8],"tags":[1628],"class_list":["post-9358","post","type-post","status-publish","format-standard","hentry","category-sociedad","tag-en-el-jardin-de-angela","generate-columns","tablet-grid-50","mobile-grid-100","grid-parent","grid-50"],"jetpack_publicize_connections":[],"jetpack_featured_media_url":"","wps_subtitle":"","jetpack_sharing_enabled":true,"_links":{"self":[{"href":"https:\/\/www.hoymercedes.com.ar\/principal\/wp-json\/wp\/v2\/posts\/9358","targetHints":{"allow":["GET"]}}],"collection":[{"href":"https:\/\/www.hoymercedes.com.ar\/principal\/wp-json\/wp\/v2\/posts"}],"about":[{"href":"https:\/\/www.hoymercedes.com.ar\/principal\/wp-json\/wp\/v2\/types\/post"}],"author":[{"embeddable":true,"href":"https:\/\/www.hoymercedes.com.ar\/principal\/wp-json\/wp\/v2\/users\/1"}],"replies":[{"embeddable":true,"href":"https:\/\/www.hoymercedes.com.ar\/principal\/wp-json\/wp\/v2\/comments?post=9358"}],"version-history":[{"count":0,"href":"https:\/\/www.hoymercedes.com.ar\/principal\/wp-json\/wp\/v2\/posts\/9358\/revisions"}],"wp:attachment":[{"href":"https:\/\/www.hoymercedes.com.ar\/principal\/wp-json\/wp\/v2\/media?parent=9358"}],"wp:term":[{"taxonomy":"category","embeddable":true,"href":"https:\/\/www.hoymercedes.com.ar\/principal\/wp-json\/wp\/v2\/categories?post=9358"},{"taxonomy":"post_tag","embeddable":true,"href":"https:\/\/www.hoymercedes.com.ar\/principal\/wp-json\/wp\/v2\/tags?post=9358"}],"curies":[{"name":"wp","href":"https:\/\/api.w.org\/{rel}","templated":true}]}}