{"id":93596,"date":"2019-05-23T20:08:42","date_gmt":"2019-05-23T23:08:42","guid":{"rendered":"http:\/\/www.hoymercedes.com.ar\/principal\/?p=93596"},"modified":"2019-05-23T20:09:11","modified_gmt":"2019-05-23T23:09:11","slug":"debora-martinelli-obtuvo-dos-medallas-doradas-en-uruguay","status":"publish","type":"post","link":"https:\/\/www.hoymercedes.com.ar\/principal\/2019\/05\/23\/debora-martinelli-obtuvo-dos-medallas-doradas-en-uruguay\/","title":{"rendered":"D\u00e9bora Martinelli obtuvo dos medallas doradas en Uruguay"},"content":{"rendered":"\n<p>En la ciudad de Montevideo se desarroll\u00f3 entre el 17 y 19 de mayo pasado el XV Sudamericano, donde la mercedina D\u00e9bora Martinelli fue parte del Gran Prix que se disput\u00f3 en la pista y campo del complejo Darwin Pe\u00f1ey\u00faa.<\/p>\n\n\n\n<figure class=\"wp-block-image\"><img loading=\"lazy\" decoding=\"async\" width=\"1024\" height=\"576\" data-attachment-id=\"93597\" data-permalink=\"https:\/\/www.hoymercedes.com.ar\/principal\/2019\/05\/23\/debora-martinelli-obtuvo-dos-medallas-doradas-en-uruguay\/debora-martinelli-2\/#main\" data-orig-file=\"https:\/\/www.hoymercedes.com.ar\/principal\/wp-content\/uploads\/2019\/05\/Debora-Martinelli.jpeg\" data-orig-size=\"1280,720\" data-comments-opened=\"0\" data-image-meta=\"{&quot;aperture&quot;:&quot;0&quot;,&quot;credit&quot;:&quot;&quot;,&quot;camera&quot;:&quot;&quot;,&quot;caption&quot;:&quot;&quot;,&quot;created_timestamp&quot;:&quot;0&quot;,&quot;copyright&quot;:&quot;&quot;,&quot;focal_length&quot;:&quot;0&quot;,&quot;iso&quot;:&quot;0&quot;,&quot;shutter_speed&quot;:&quot;0&quot;,&quot;title&quot;:&quot;&quot;,&quot;orientation&quot;:&quot;0&quot;}\" data-image-title=\"Debora-Martinelli\" data-image-description=\"\" data-image-caption=\"\" data-large-file=\"https:\/\/www.hoymercedes.com.ar\/principal\/wp-content\/uploads\/2019\/05\/Debora-Martinelli-1024x576.jpeg\" src=\"https:\/\/www.hoymercedes.com.ar\/principal\/wp-content\/uploads\/2019\/05\/Debora-Martinelli-1024x576.jpeg\" alt=\"\" class=\"wp-image-93597\" srcset=\"https:\/\/www.hoymercedes.com.ar\/principal\/wp-content\/uploads\/2019\/05\/Debora-Martinelli-1024x576.jpeg 1024w, https:\/\/www.hoymercedes.com.ar\/principal\/wp-content\/uploads\/2019\/05\/Debora-Martinelli-150x84.jpeg 150w, https:\/\/www.hoymercedes.com.ar\/principal\/wp-content\/uploads\/2019\/05\/Debora-Martinelli-630x354.jpeg 630w, https:\/\/www.hoymercedes.com.ar\/principal\/wp-content\/uploads\/2019\/05\/Debora-Martinelli.jpeg 1280w\" sizes=\"auto, (max-width: 1024px) 100vw, 1024px\" \/><\/figure>\n\n\n\n<p>El clima no acompa\u00f1\u00f3 a los atletas, sin embargo, Martinelli obtuvo la medalla de oro en Lanzamiento de Bala con una marca de 8 metros 75 cent\u00edmetros, mientras que en Lanzamiento de Disco, alcanz\u00f3 los 28 metros con 75 cent\u00edmetros, siendo tambi\u00e9n la mejor de las competidoras en la rama Master.<\/p>\n\n\n\n<p>El futuro de la atleta mercedina tendr\u00e1 la mira puesta en le Torneo Nacional a desarrollarse en Mendoza en octubre. Sin embargo, existe la oportunidad de viajar a Europa para otro certamen internacional.<\/p>\n\n\n\n<p>Adem\u00e1s, Martinelli espera por poder participar del Torneo Iberoamericano, que no tiene sede hasta el momento y en noviembre viajar\u00e1 a Brasil para disputar el Trofeo Master, posibilidad obtenida por sus logros en Uruguay.<\/p>\n","protected":false},"excerpt":{"rendered":"<p>En la ciudad de Montevideo se desarroll\u00f3 entre el 17 y 19 de mayo pasado el XV Sudamericano, donde la &#8230; <a title=\"D\u00e9bora Martinelli obtuvo dos medallas doradas en Uruguay\" class=\"read-more\" href=\"https:\/\/www.hoymercedes.com.ar\/principal\/2019\/05\/23\/debora-martinelli-obtuvo-dos-medallas-doradas-en-uruguay\/\" aria-label=\"Leer m\u00e1s sobre D\u00e9bora Martinelli obtuvo dos medallas doradas en Uruguay\">Leer m\u00e1s<\/a><\/p>\n","protected":false},"author":1,"featured_media":93597,"comment_status":"closed","ping_status":"open","sticky":false,"template":"","format":"standard","meta":{"_monsterinsights_skip_tracking":false,"_monsterinsights_sitenote_active":false,"_monsterinsights_sitenote_note":"","_monsterinsights_sitenote_category":0,"jetpack_post_was_ever_published":false,"_jetpack_newsletter_access":"","_jetpack_dont_email_post_to_subs":false,"_jetpack_newsletter_tier_id":0,"_jetpack_memberships_contains_paywalled_content":false,"_jetpack_memberships_contains_paid_content":false,"footnotes":"","jetpack_publicize_message":"","jetpack_publicize_feature_enabled":true,"jetpack_social_post_already_shared":true,"jetpack_social_options":{"image_generator_settings":{"template":"highway","default_image_id":0,"font":"","enabled":false},"version":2},"_wpas_customize_per_network":false},"categories":[21],"tags":[803],"class_list":["post-93596","post","type-post","status-publish","format-standard","has-post-thumbnail","hentry","category-deportes","tag-atletismo","generate-columns","tablet-grid-50","mobile-grid-100","grid-parent","grid-50"],"jetpack_publicize_connections":[],"jetpack_featured_media_url":"https:\/\/www.hoymercedes.com.ar\/principal\/wp-content\/uploads\/2019\/05\/Debora-Martinelli.jpeg","wps_subtitle":"Atletismo","jetpack_sharing_enabled":true,"_links":{"self":[{"href":"https:\/\/www.hoymercedes.com.ar\/principal\/wp-json\/wp\/v2\/posts\/93596","targetHints":{"allow":["GET"]}}],"collection":[{"href":"https:\/\/www.hoymercedes.com.ar\/principal\/wp-json\/wp\/v2\/posts"}],"about":[{"href":"https:\/\/www.hoymercedes.com.ar\/principal\/wp-json\/wp\/v2\/types\/post"}],"author":[{"embeddable":true,"href":"https:\/\/www.hoymercedes.com.ar\/principal\/wp-json\/wp\/v2\/users\/1"}],"replies":[{"embeddable":true,"href":"https:\/\/www.hoymercedes.com.ar\/principal\/wp-json\/wp\/v2\/comments?post=93596"}],"version-history":[{"count":0,"href":"https:\/\/www.hoymercedes.com.ar\/principal\/wp-json\/wp\/v2\/posts\/93596\/revisions"}],"wp:featuredmedia":[{"embeddable":true,"href":"https:\/\/www.hoymercedes.com.ar\/principal\/wp-json\/wp\/v2\/media\/93597"}],"wp:attachment":[{"href":"https:\/\/www.hoymercedes.com.ar\/principal\/wp-json\/wp\/v2\/media?parent=93596"}],"wp:term":[{"taxonomy":"category","embeddable":true,"href":"https:\/\/www.hoymercedes.com.ar\/principal\/wp-json\/wp\/v2\/categories?post=93596"},{"taxonomy":"post_tag","embeddable":true,"href":"https:\/\/www.hoymercedes.com.ar\/principal\/wp-json\/wp\/v2\/tags?post=93596"}],"curies":[{"name":"wp","href":"https:\/\/api.w.org\/{rel}","templated":true}]}}