{"id":93606,"date":"2019-05-23T20:37:47","date_gmt":"2019-05-23T23:37:47","guid":{"rendered":"http:\/\/www.hoymercedes.com.ar\/principal\/?p=93606"},"modified":"2019-05-23T20:48:54","modified_gmt":"2019-05-23T23:48:54","slug":"policia-federal-realizo-dos-allanamientos-en-suipacha","status":"publish","type":"post","link":"https:\/\/www.hoymercedes.com.ar\/principal\/2019\/05\/23\/policia-federal-realizo-dos-allanamientos-en-suipacha\/","title":{"rendered":"Polic\u00eda Federal realiz\u00f3 dos allanamientos en Suipacha"},"content":{"rendered":"\n<p>La Delegaci\u00f3n Mercedes de la Polic\u00eda Federal Argentina realiz\u00f3 dos allanamientos por infracci\u00f3n a la ley 23737 en la ciudad de Suipacha. La investigaci\u00f3n por narcomenudeo tuvo como consecuencia la detenci\u00f3n de tres personas y el secuestro de droga fraccionada para la comercializaci\u00f3n dem\u00e1s de armas de fuego y proyectiles. La UFI N\u00b0 4 a cargo del Dr. Lisandro Masson est\u00e1 a cargo de la investigaci\u00f3n. <\/p>\n\n\n\n<figure class=\"wp-block-image\"><img loading=\"lazy\" decoding=\"async\" width=\"750\" height=\"501\" data-attachment-id=\"93607\" data-permalink=\"https:\/\/www.hoymercedes.com.ar\/principal\/2019\/05\/23\/policia-federal-realizo-dos-allanamientos-en-suipacha\/23-policia-federal\/#main\" data-orig-file=\"https:\/\/www.hoymercedes.com.ar\/principal\/wp-content\/uploads\/2019\/05\/23-policia-federal.jpeg\" data-orig-size=\"750,501\" data-comments-opened=\"0\" data-image-meta=\"{&quot;aperture&quot;:&quot;0&quot;,&quot;credit&quot;:&quot;&quot;,&quot;camera&quot;:&quot;&quot;,&quot;caption&quot;:&quot;&quot;,&quot;created_timestamp&quot;:&quot;0&quot;,&quot;copyright&quot;:&quot;&quot;,&quot;focal_length&quot;:&quot;0&quot;,&quot;iso&quot;:&quot;0&quot;,&quot;shutter_speed&quot;:&quot;0&quot;,&quot;title&quot;:&quot;&quot;,&quot;orientation&quot;:&quot;0&quot;}\" data-image-title=\"23 policia federal\" data-image-description=\"\" data-image-caption=\"\" data-large-file=\"https:\/\/www.hoymercedes.com.ar\/principal\/wp-content\/uploads\/2019\/05\/23-policia-federal.jpeg\" src=\"https:\/\/www.hoymercedes.com.ar\/principal\/wp-content\/uploads\/2019\/05\/23-policia-federal.jpeg\" alt=\"\" class=\"wp-image-93607\" srcset=\"https:\/\/www.hoymercedes.com.ar\/principal\/wp-content\/uploads\/2019\/05\/23-policia-federal.jpeg 750w, https:\/\/www.hoymercedes.com.ar\/principal\/wp-content\/uploads\/2019\/05\/23-policia-federal-150x100.jpeg 150w, https:\/\/www.hoymercedes.com.ar\/principal\/wp-content\/uploads\/2019\/05\/23-policia-federal-630x421.jpeg 630w, https:\/\/www.hoymercedes.com.ar\/principal\/wp-content\/uploads\/2019\/05\/23-policia-federal-720x480.jpeg 720w, https:\/\/www.hoymercedes.com.ar\/principal\/wp-content\/uploads\/2019\/05\/23-policia-federal-360x240.jpeg 360w\" sizes=\"auto, (max-width: 750px) 100vw, 750px\" \/><\/figure>\n\n\n\n<p>El informe de la Polic\u00eda Federal de Mercedes asegura que \u00aba ra\u00edz de tareas de investigaci\u00f3n, llevadas a cabo desde hace aproximadamente tres meses por personal de la Delegaci\u00f3n Mercedes de la Polic\u00eda Federal Argentina, el d\u00eda jueves 23 de mayo, en horas de la madrugada, personal de esa brigada, junto a dos canes detectores de droga, y con la colaboraci\u00f3n del Intendente de la ciudad de Suipacha, Alejandro Federico, y el Secretario de Seguridad, Gerardo Pechinenda, se llevaron a cabo dos allanamientos en domicilios de la ciudad de Suipacha\u00bb. <\/p>\n\n\n\n<p>Productos de los allanamientos, se detuvo a tres ciudadanos\u00a0\u00a0mayores de edad, (dos masculinos y un femenino), todos Argentinos, y se secuestr\u00f3 gran cantidad de dosis de marihuana fraccionada para su comercializaci\u00f3n, un arma de fuego calibre 22, tres proyectiles calibre 9mm, ocho equipos de telefon\u00eda celular, dos balanzas de precisi\u00f3n,\u00a0una importante suma de dinero\u00a0efectivo\u00a0en billetes de baja denominaci\u00f3n, (que podr\u00eda ser producto de la comercializaci\u00f3n de la sustancia) y elementos de corte y fraccionamiento varios.<\/p>\n\n\n\n<p>Interviene en el hecho el Juzgado de Garant\u00edas N\u00b01 de Mercedes a cargo del Dr. Marcelo Romero, y la UFI N\u00b0 4 a cargo del Dr. Lisandro Masson, del Departamento Judicial de Mercedes.<\/p>\n\n\n\n<p>Fuente: Delegaci\u00f3n Mercedes Polic\u00eda Federal Argentina<\/p>\n","protected":false},"excerpt":{"rendered":"<p>La Delegaci\u00f3n Mercedes de la Polic\u00eda Federal Argentina realiz\u00f3 dos allanamientos por infracci\u00f3n a la ley 23737 en la ciudad &#8230; <a title=\"Polic\u00eda Federal realiz\u00f3 dos allanamientos en Suipacha\" class=\"read-more\" href=\"https:\/\/www.hoymercedes.com.ar\/principal\/2019\/05\/23\/policia-federal-realizo-dos-allanamientos-en-suipacha\/\" aria-label=\"Leer m\u00e1s sobre Polic\u00eda Federal realiz\u00f3 dos allanamientos en Suipacha\">Leer m\u00e1s<\/a><\/p>\n","protected":false},"author":1,"featured_media":93607,"comment_status":"closed","ping_status":"open","sticky":false,"template":"","format":"standard","meta":{"_monsterinsights_skip_tracking":false,"_monsterinsights_sitenote_active":false,"_monsterinsights_sitenote_note":"","_monsterinsights_sitenote_category":0,"jetpack_post_was_ever_published":false,"_jetpack_newsletter_access":"","_jetpack_dont_email_post_to_subs":false,"_jetpack_newsletter_tier_id":0,"_jetpack_memberships_contains_paywalled_content":false,"_jetpack_memberships_contains_paid_content":false,"footnotes":"","jetpack_publicize_message":"","jetpack_publicize_feature_enabled":true,"jetpack_social_post_already_shared":true,"jetpack_social_options":{"image_generator_settings":{"template":"highway","default_image_id":0,"font":"","enabled":false},"version":2},"_wpas_customize_per_network":false},"categories":[85],"tags":[14743,6549,96],"class_list":["post-93606","post","type-post","status-publish","format-standard","has-post-thumbnail","hentry","category-policial","tag-narcomenudeo","tag-policia-federal","tag-policial-2","generate-columns","tablet-grid-50","mobile-grid-100","grid-parent","grid-50"],"jetpack_publicize_connections":[],"jetpack_featured_media_url":"https:\/\/www.hoymercedes.com.ar\/principal\/wp-content\/uploads\/2019\/05\/23-policia-federal.jpeg","wps_subtitle":"","jetpack_sharing_enabled":true,"_links":{"self":[{"href":"https:\/\/www.hoymercedes.com.ar\/principal\/wp-json\/wp\/v2\/posts\/93606","targetHints":{"allow":["GET"]}}],"collection":[{"href":"https:\/\/www.hoymercedes.com.ar\/principal\/wp-json\/wp\/v2\/posts"}],"about":[{"href":"https:\/\/www.hoymercedes.com.ar\/principal\/wp-json\/wp\/v2\/types\/post"}],"author":[{"embeddable":true,"href":"https:\/\/www.hoymercedes.com.ar\/principal\/wp-json\/wp\/v2\/users\/1"}],"replies":[{"embeddable":true,"href":"https:\/\/www.hoymercedes.com.ar\/principal\/wp-json\/wp\/v2\/comments?post=93606"}],"version-history":[{"count":0,"href":"https:\/\/www.hoymercedes.com.ar\/principal\/wp-json\/wp\/v2\/posts\/93606\/revisions"}],"wp:featuredmedia":[{"embeddable":true,"href":"https:\/\/www.hoymercedes.com.ar\/principal\/wp-json\/wp\/v2\/media\/93607"}],"wp:attachment":[{"href":"https:\/\/www.hoymercedes.com.ar\/principal\/wp-json\/wp\/v2\/media?parent=93606"}],"wp:term":[{"taxonomy":"category","embeddable":true,"href":"https:\/\/www.hoymercedes.com.ar\/principal\/wp-json\/wp\/v2\/categories?post=93606"},{"taxonomy":"post_tag","embeddable":true,"href":"https:\/\/www.hoymercedes.com.ar\/principal\/wp-json\/wp\/v2\/tags?post=93606"}],"curies":[{"name":"wp","href":"https:\/\/api.w.org\/{rel}","templated":true}]}}