{"id":93613,"date":"2019-05-24T09:00:07","date_gmt":"2019-05-24T12:00:07","guid":{"rendered":"http:\/\/www.hoymercedes.com.ar\/principal\/?p=93613"},"modified":"2019-05-24T14:29:55","modified_gmt":"2019-05-24T17:29:55","slug":"93613","status":"publish","type":"post","link":"https:\/\/www.hoymercedes.com.ar\/principal\/2019\/05\/24\/93613\/","title":{"rendered":"Noche de tango en el anden"},"content":{"rendered":"\n<figure class=\"wp-block-embed-youtube wp-block-embed is-type-video is-provider-youtube wp-embed-aspect-16-9 wp-has-aspect-ratio\"><div class=\"wp-block-embed__wrapper\">\n<span class=\"embed-youtube\" style=\"text-align:center; display: block;\"><iframe loading=\"lazy\" class=\"youtube-player\" width=\"1200\" height=\"675\" src=\"https:\/\/www.youtube.com\/embed\/3mTI5DT0ygI?version=3&#038;rel=1&#038;showsearch=0&#038;showinfo=1&#038;iv_load_policy=1&#038;fs=1&#038;hl=es-ES&#038;autohide=2&#038;wmode=transparent\" allowfullscreen=\"true\" style=\"border:0;\" sandbox=\"allow-scripts allow-same-origin allow-popups allow-presentation allow-popups-to-escape-sandbox\"><\/iframe><\/span>\n<\/div><\/figure>\n\n\n\n<p>Con buena participaci\u00f3n de\np\u00fablico inici\u00f3 una nueva temporada del ciclo \u201cTango en el And\u00e9n\u201d. En la noche\nhubo m\u00fasica en vivo, clases abiertas de tango y un ambiente arrabalero en la\npropuesta libre y gratuita de la Direcci\u00f3n de Cultura.<\/p>\n\n\n\n<p>En la noche del jueves actuaron Javier\nAschero, Daniel Capaccio, Antonio Capaccio, Tito Bongocero, Milonga Juvenil,\nhubo clases de tanto para adultos, milonga y vals, con repertorios para todos\nlos gustos. <\/p>\n\n\n\n<figure class=\"wp-block-image\"><img loading=\"lazy\" decoding=\"async\" width=\"951\" height=\"632\" data-attachment-id=\"93614\" data-permalink=\"https:\/\/www.hoymercedes.com.ar\/principal\/2019\/05\/24\/93613\/tam\/#main\" data-orig-file=\"https:\/\/www.hoymercedes.com.ar\/principal\/wp-content\/uploads\/2019\/05\/Tam.jpg\" data-orig-size=\"951,632\" data-comments-opened=\"0\" data-image-meta=\"{&quot;aperture&quot;:&quot;0&quot;,&quot;credit&quot;:&quot;&quot;,&quot;camera&quot;:&quot;&quot;,&quot;caption&quot;:&quot;&quot;,&quot;created_timestamp&quot;:&quot;0&quot;,&quot;copyright&quot;:&quot;&quot;,&quot;focal_length&quot;:&quot;0&quot;,&quot;iso&quot;:&quot;0&quot;,&quot;shutter_speed&quot;:&quot;0&quot;,&quot;title&quot;:&quot;&quot;,&quot;orientation&quot;:&quot;0&quot;}\" data-image-title=\"Tam\" data-image-description=\"\" data-image-caption=\"\" data-large-file=\"https:\/\/www.hoymercedes.com.ar\/principal\/wp-content\/uploads\/2019\/05\/Tam.jpg\" src=\"https:\/\/www.hoymercedes.com.ar\/principal\/wp-content\/uploads\/2019\/05\/Tam.jpg\" alt=\"\" class=\"wp-image-93614\" srcset=\"https:\/\/www.hoymercedes.com.ar\/principal\/wp-content\/uploads\/2019\/05\/Tam.jpg 951w, https:\/\/www.hoymercedes.com.ar\/principal\/wp-content\/uploads\/2019\/05\/Tam-150x100.jpg 150w, https:\/\/www.hoymercedes.com.ar\/principal\/wp-content\/uploads\/2019\/05\/Tam-630x419.jpg 630w, https:\/\/www.hoymercedes.com.ar\/principal\/wp-content\/uploads\/2019\/05\/Tam-360x240.jpg 360w\" sizes=\"auto, (max-width: 951px) 100vw, 951px\" \/><figcaption>Noche de tango en La Trocha <\/figcaption><\/figure>\n\n\n\n<p>\u201cEstamos muy felices. El fr\u00edo no\nnos detuvo y nos encontramos con una gran noche de m\u00fasica, arte y cultura, una\nnoche que muestra que invertir en cultura y en proyectos como Tango en el And\u00e9n\nsiempre es una buena noticia\u201d coment\u00f3 el jefe comunal, Dr. Juan Ignacio\nUstarroz y reafirm\u00f3 \u201cen Mercedes, decimos, siempre hay algo para realizar, y\nhoy se ve, con vecinos bailando, artistas tocando, y este galp\u00f3n recuperado que\ntiene una vida art\u00edstica de lunes a lunes, gracias a todos los que son parte y\npor supuesto, a los artistas y trabajadores municipales por estar siempre\naportando en beneficio de todos\u201d <\/p>\n\n\n\n<figure class=\"wp-block-image\"><img loading=\"lazy\" decoding=\"async\" width=\"951\" height=\"632\" data-attachment-id=\"93615\" data-permalink=\"https:\/\/www.hoymercedes.com.ar\/principal\/2019\/05\/24\/93613\/dsc_0483\/#main\" data-orig-file=\"https:\/\/www.hoymercedes.com.ar\/principal\/wp-content\/uploads\/2019\/05\/DSC_0483.jpg\" data-orig-size=\"951,632\" data-comments-opened=\"0\" data-image-meta=\"{&quot;aperture&quot;:&quot;0&quot;,&quot;credit&quot;:&quot;&quot;,&quot;camera&quot;:&quot;&quot;,&quot;caption&quot;:&quot;&quot;,&quot;created_timestamp&quot;:&quot;0&quot;,&quot;copyright&quot;:&quot;&quot;,&quot;focal_length&quot;:&quot;0&quot;,&quot;iso&quot;:&quot;0&quot;,&quot;shutter_speed&quot;:&quot;0&quot;,&quot;title&quot;:&quot;&quot;,&quot;orientation&quot;:&quot;0&quot;}\" data-image-title=\"DSC_0483\" data-image-description=\"\" data-image-caption=\"\" data-large-file=\"https:\/\/www.hoymercedes.com.ar\/principal\/wp-content\/uploads\/2019\/05\/DSC_0483.jpg\" src=\"https:\/\/www.hoymercedes.com.ar\/principal\/wp-content\/uploads\/2019\/05\/DSC_0483.jpg\" alt=\"\" class=\"wp-image-93615\" srcset=\"https:\/\/www.hoymercedes.com.ar\/principal\/wp-content\/uploads\/2019\/05\/DSC_0483.jpg 951w, https:\/\/www.hoymercedes.com.ar\/principal\/wp-content\/uploads\/2019\/05\/DSC_0483-150x100.jpg 150w, https:\/\/www.hoymercedes.com.ar\/principal\/wp-content\/uploads\/2019\/05\/DSC_0483-630x419.jpg 630w, https:\/\/www.hoymercedes.com.ar\/principal\/wp-content\/uploads\/2019\/05\/DSC_0483-360x240.jpg 360w\" sizes=\"auto, (max-width: 951px) 100vw, 951px\" \/><figcaption>Pista de baile y encuentro arrabalero <\/figcaption><\/figure>\n\n\n\n<p>En el galp\u00f3n del medio, con ambiente climatizado y un clima que permiti\u00f3 tener pista de baile, pero tambi\u00e9n mesas y sillas para quienes disfrutaron del escenario y sus propuestas musicales.<\/p>\n\n\n\n<p>Lucia Capaccio, directora de cultura, remarc\u00f3 que \u00absin duda es un ciclo que nos gusta a todos\u00bb y \u00abesta noche hemos contado con una muy buena asistencia\u00bb mencinando que \u00absin duda, cuando se brindan ofertas culturales de calidad, el fr\u00edo no nos frena. Muchas gracias a todos por venir\u00bb, afirm\u00f3 la funcionaria. <\/p>\n\n\n\n<p>El Tango en el And\u00e9n, el ciclo\nque naci\u00f3 tiempo atr\u00e1s, es parte del proyecto M\u00fasica en La Trocha, que incluya\ncumbia, rap, rock y folklore. <\/p>\n","protected":false},"excerpt":{"rendered":"<p>Con buena participaci\u00f3n de p\u00fablico inici\u00f3 una nueva temporada del ciclo \u201cTango en el And\u00e9n\u201d. En la noche hubo m\u00fasica &#8230; <a title=\"Noche de tango en el anden\" class=\"read-more\" href=\"https:\/\/www.hoymercedes.com.ar\/principal\/2019\/05\/24\/93613\/\" aria-label=\"Leer m\u00e1s sobre Noche de tango en el anden\">Leer m\u00e1s<\/a><\/p>\n","protected":false},"author":1,"featured_media":93614,"comment_status":"closed","ping_status":"open","sticky":false,"template":"","format":"standard","meta":{"_monsterinsights_skip_tracking":false,"_monsterinsights_sitenote_active":false,"_monsterinsights_sitenote_note":"","_monsterinsights_sitenote_category":0,"jetpack_post_was_ever_published":false,"_jetpack_newsletter_access":"","_jetpack_dont_email_post_to_subs":false,"_jetpack_newsletter_tier_id":0,"_jetpack_memberships_contains_paywalled_content":false,"_jetpack_memberships_contains_paid_content":false,"footnotes":"","jetpack_publicize_message":"","jetpack_publicize_feature_enabled":true,"jetpack_social_post_already_shared":true,"jetpack_social_options":{"image_generator_settings":{"template":"highway","default_image_id":0,"font":"","enabled":false},"version":2},"_wpas_customize_per_network":false},"categories":[104],"tags":[13143,7805,8539,10843],"class_list":["post-93613","post","type-post","status-publish","format-standard","has-post-thumbnail","hentry","category-cultura","tag-cc-la-trocha","tag-cultura","tag-musica","tag-tango-en-el-anden","generate-columns","tablet-grid-50","mobile-grid-100","grid-parent","grid-50"],"jetpack_publicize_connections":[],"jetpack_featured_media_url":"https:\/\/www.hoymercedes.com.ar\/principal\/wp-content\/uploads\/2019\/05\/Tam.jpg","wps_subtitle":"","jetpack_sharing_enabled":true,"_links":{"self":[{"href":"https:\/\/www.hoymercedes.com.ar\/principal\/wp-json\/wp\/v2\/posts\/93613","targetHints":{"allow":["GET"]}}],"collection":[{"href":"https:\/\/www.hoymercedes.com.ar\/principal\/wp-json\/wp\/v2\/posts"}],"about":[{"href":"https:\/\/www.hoymercedes.com.ar\/principal\/wp-json\/wp\/v2\/types\/post"}],"author":[{"embeddable":true,"href":"https:\/\/www.hoymercedes.com.ar\/principal\/wp-json\/wp\/v2\/users\/1"}],"replies":[{"embeddable":true,"href":"https:\/\/www.hoymercedes.com.ar\/principal\/wp-json\/wp\/v2\/comments?post=93613"}],"version-history":[{"count":0,"href":"https:\/\/www.hoymercedes.com.ar\/principal\/wp-json\/wp\/v2\/posts\/93613\/revisions"}],"wp:featuredmedia":[{"embeddable":true,"href":"https:\/\/www.hoymercedes.com.ar\/principal\/wp-json\/wp\/v2\/media\/93614"}],"wp:attachment":[{"href":"https:\/\/www.hoymercedes.com.ar\/principal\/wp-json\/wp\/v2\/media?parent=93613"}],"wp:term":[{"taxonomy":"category","embeddable":true,"href":"https:\/\/www.hoymercedes.com.ar\/principal\/wp-json\/wp\/v2\/categories?post=93613"},{"taxonomy":"post_tag","embeddable":true,"href":"https:\/\/www.hoymercedes.com.ar\/principal\/wp-json\/wp\/v2\/tags?post=93613"}],"curies":[{"name":"wp","href":"https:\/\/api.w.org\/{rel}","templated":true}]}}