{"id":9363,"date":"2011-11-25T12:05:58","date_gmt":"2011-11-25T12:05:58","guid":{"rendered":"http:\/\/www.hoymercedes.com.ar\/principal\/?p=9363"},"modified":"2011-11-25T12:05:58","modified_gmt":"2011-11-25T12:05:58","slug":"el-intendente-anuncio-la-creacion-de-juzgado-municipal-de-faltas-n%c2%b0-2","status":"publish","type":"post","link":"https:\/\/www.hoymercedes.com.ar\/principal\/2011\/11\/25\/el-intendente-anuncio-la-creacion-de-juzgado-municipal-de-faltas-n%c2%b0-2\/","title":{"rendered":"El Intendente anunci\u00f3 la creaci\u00f3n de Juzgado Municipal de Faltas N\u00b0 2"},"content":{"rendered":"<p>Tambi\u00e9n adelant\u00f3 que en nuestro municipio habr\u00e1 una oficina con formularios para la cancelaci\u00f3n voluntaria de subsidios y otra para la entrega de las Tarjetas SUBE para los transportes. En lo pol\u00edtico dijo que algunas personas ya le hab\u00edan armado el nuevo gabinete de gobierno<\/p>\n<p>Durante una improvisada conferencia de prensa efectuada ayer en el Concejo Deliberante tras haber finalizado la entrega de subsidios y microcr\u00e9ditos, el Intendente Carlos Selva abord\u00f3 diferentes temas relacionados con las actividades pol\u00edticas aquellas de gesti\u00f3n propiamente dichas sosteniendo entre otros conceptos \u201cno hemos hablado ni confirmado absolutamente nada acerca de lo que ser\u00eda el nuevo gabinete, lo \u00fanico que hemos hecho al d\u00eda de hoy jueves es oficializar que vamos a crear otro Juzgado de Faltas, entonces reitero que del tema Gabinete no hemos conversado absolutamente nada y no tengo reparo en decir que llegue luego delos d\u00edas que me tome y me encontr\u00e9 con que ya tenia todo el Gabinete armado y a pesar que no hable de dicho tema nunca con ning\u00fan periodista ni con nadie igual lo hicieron,<\/p>\n<p>Son todos rumores que bien pueden ser v\u00e1lidos y se trata de algo que de ninguna manera critico, pero si formulo la cr\u00edtica cuando de comienzan a poner nombres.<\/p>\n<p>Una cosa es que digan que habr\u00e1 cambios en Cultura o en Obras Publicas por decir alguna \u00e1rea y otra es que digan se va Salomone y nombran a otra persona, es decir que no me gusta que se personalicen las cosas, en definitiva al volver me encontr\u00e9 con que ya me hab\u00edan armado el nuevo gabinete.<\/p>\n<p>Esto lo debo definir de manera definitiva en los pr\u00f3ximos d\u00edas ya que los Secretarios deben jurar el 12 de diciembre, pero ahora estamos trabajando principalmente en el nuevo presupuesto y en la Ordenanza Fiscal General Impositiva, son las dos cosas m\u00e1s importantes y a la vez urgentes porque son las que le dan la sustentabilidad al gobierno m\u00e1s all\u00e1 que los cambios puedan ser importantes y cuando tenga todo resuelto seguramente los dar\u00e9 a conocer a trav\u00e9s de un nuevo llamado a los medios de prensa\u201d.<\/p>\n<p>Finalmente y pese a que la informaci\u00f3n ya hab\u00eda sido dada en general por los medios de la ciudad, el jefe comunal se refiri\u00f3 a la reuni\u00f3n que mantuvo con autoridades nacionales acerca del tema de los subsidios que se eliminan manifestando \u201cfuimos informados acerca de c\u00f3mo se va a instrumentar esta nueva metodolog\u00eda seguramente a trav\u00e9s de diferentes convenios, justamente hoy (por ayer) hay una reuni\u00f3n de las \u00e1rea t\u00e9cnicas de los municipio con las del gobierno nacional correspondientes a los Ministerios de Econom\u00eda y de Infraestructura y as\u00ed ultimar los detalles de lo que ser\u00eda una apuesta fuerte como quitar los subsidios en determinadas zonas y la segunda etapa es la invitaci\u00f3n voluntaria y los trabajos de los Municipio que tendr\u00e1n una oficina con los correspondientes formularios para renunciar a los mismos pero adem\u00e1s hay un hecho realmente innovador y es que cada fondo de subsidio que el Estado Nacional vaya recuperando volver\u00e1n en peque\u00f1as obras de infraestructuras a los diferente Municipio como en alg\u00fan momento fueron los fondos de la soja que a nosotros nos permiti\u00f3 hacer muchas cosas que aunque hayan sido peque\u00f1as fueron importantes.<\/p>\n<p>Aquellos que no tenemos subsidios debemos tratar que el objetivo que pretende el gobierno se pueda cumplir y que esos subsidios en lugar de ayudar a las empresas vayan directamente a los ciudadanos para que directamente ellos los utilicen.<\/p>\n<p>Notros vamos a comenzar muy pronto desde una oficina que vamos a instalar con la entrega de las Tarjetas SUBE para el transporte porque la propuesta es que todos cuenten con la misma y que no haya m\u00e1s dinero circulando en los diferentes medios de transportes y de esta manera se llegar\u00e1 a subsidiar al ciudadano que tiene que trabajar y ello va significar la implementaci\u00f3n de todo un programa especial que seguramente requerir\u00e1 de un tiempo para su instrumentaci\u00f3n\u201d<\/p>\n","protected":false},"excerpt":{"rendered":"<p>Tambi\u00e9n adelant\u00f3 que en nuestro municipio habr\u00e1 una oficina con formularios para la cancelaci\u00f3n voluntaria de subsidios y otra para &#8230; <a title=\"El Intendente anunci\u00f3 la creaci\u00f3n de Juzgado Municipal de Faltas N\u00b0 2\" class=\"read-more\" href=\"https:\/\/www.hoymercedes.com.ar\/principal\/2011\/11\/25\/el-intendente-anuncio-la-creacion-de-juzgado-municipal-de-faltas-n%c2%b0-2\/\" aria-label=\"Leer m\u00e1s sobre El Intendente anunci\u00f3 la creaci\u00f3n de Juzgado Municipal de Faltas N\u00b0 2\">Leer m\u00e1s<\/a><\/p>\n","protected":false},"author":1,"featured_media":0,"comment_status":"open","ping_status":"open","sticky":false,"template":"","format":"standard","meta":{"_monsterinsights_skip_tracking":false,"_monsterinsights_sitenote_active":false,"_monsterinsights_sitenote_note":"","_monsterinsights_sitenote_category":0,"jetpack_post_was_ever_published":false,"_jetpack_newsletter_access":"","_jetpack_dont_email_post_to_subs":false,"_jetpack_newsletter_tier_id":0,"_jetpack_memberships_contains_paywalled_content":false,"_jetpack_memberships_contains_paid_content":false,"footnotes":"","jetpack_publicize_message":"","jetpack_publicize_feature_enabled":true,"jetpack_social_post_already_shared":false,"jetpack_social_options":{"image_generator_settings":{"template":"highway","default_image_id":0,"font":"","enabled":false},"version":2},"_wpas_customize_per_network":false},"categories":[30],"tags":[1629,428],"class_list":["post-9363","post","type-post","status-publish","format-standard","hentry","category-municipio","tag-juzgado-de-faltas","tag-municipio-de-mercedes","generate-columns","tablet-grid-50","mobile-grid-100","grid-parent","grid-50"],"jetpack_publicize_connections":[],"jetpack_featured_media_url":"","wps_subtitle":"","jetpack_sharing_enabled":true,"_links":{"self":[{"href":"https:\/\/www.hoymercedes.com.ar\/principal\/wp-json\/wp\/v2\/posts\/9363","targetHints":{"allow":["GET"]}}],"collection":[{"href":"https:\/\/www.hoymercedes.com.ar\/principal\/wp-json\/wp\/v2\/posts"}],"about":[{"href":"https:\/\/www.hoymercedes.com.ar\/principal\/wp-json\/wp\/v2\/types\/post"}],"author":[{"embeddable":true,"href":"https:\/\/www.hoymercedes.com.ar\/principal\/wp-json\/wp\/v2\/users\/1"}],"replies":[{"embeddable":true,"href":"https:\/\/www.hoymercedes.com.ar\/principal\/wp-json\/wp\/v2\/comments?post=9363"}],"version-history":[{"count":0,"href":"https:\/\/www.hoymercedes.com.ar\/principal\/wp-json\/wp\/v2\/posts\/9363\/revisions"}],"wp:attachment":[{"href":"https:\/\/www.hoymercedes.com.ar\/principal\/wp-json\/wp\/v2\/media?parent=9363"}],"wp:term":[{"taxonomy":"category","embeddable":true,"href":"https:\/\/www.hoymercedes.com.ar\/principal\/wp-json\/wp\/v2\/categories?post=9363"},{"taxonomy":"post_tag","embeddable":true,"href":"https:\/\/www.hoymercedes.com.ar\/principal\/wp-json\/wp\/v2\/tags?post=9363"}],"curies":[{"name":"wp","href":"https:\/\/api.w.org\/{rel}","templated":true}]}}