{"id":93630,"date":"2019-05-24T14:30:04","date_gmt":"2019-05-24T17:30:04","guid":{"rendered":"http:\/\/www.hoymercedes.com.ar\/principal\/?p=93630"},"modified":"2019-05-24T13:19:40","modified_gmt":"2019-05-24T16:19:40","slug":"concierto-de-organo-en-parroquia-san-patricio","status":"publish","type":"post","link":"https:\/\/www.hoymercedes.com.ar\/principal\/2019\/05\/24\/concierto-de-organo-en-parroquia-san-patricio\/","title":{"rendered":"Concierto de \u00f3rgano en Parroquia San Patricio"},"content":{"rendered":"\n<p>Este 25 de mayo, nuevo aniversario de la Revoluci\u00f3n de 1810, la Parroquia San Patricio abrir\u00e1 sus puertas para un concierto de \u00f3rgano con entrada libre y gratuita. El organista Manuel Maturo estar\u00e1 acompa\u00f1ado de Franco Savino interpretando el Himno Nacional Argentino y m\u00fasica cl\u00e1sica.  A partir de la hora 11:30 del s\u00e1bado 25 podr\u00e1 disfrutarse el concierto. <\/p>\n\n\n\n<figure class=\"wp-block-image\"><img loading=\"lazy\" decoding=\"async\" width=\"800\" height=\"451\" data-attachment-id=\"93642\" data-permalink=\"https:\/\/www.hoymercedes.com.ar\/principal\/2019\/05\/24\/concierto-de-organo-en-parroquia-san-patricio\/24-maturo-1\/#main\" data-orig-file=\"https:\/\/www.hoymercedes.com.ar\/principal\/wp-content\/uploads\/2019\/05\/24-maturo-1.jpg\" data-orig-size=\"800,451\" data-comments-opened=\"0\" data-image-meta=\"{&quot;aperture&quot;:&quot;0&quot;,&quot;credit&quot;:&quot;&quot;,&quot;camera&quot;:&quot;&quot;,&quot;caption&quot;:&quot;&quot;,&quot;created_timestamp&quot;:&quot;0&quot;,&quot;copyright&quot;:&quot;&quot;,&quot;focal_length&quot;:&quot;0&quot;,&quot;iso&quot;:&quot;0&quot;,&quot;shutter_speed&quot;:&quot;0&quot;,&quot;title&quot;:&quot;&quot;,&quot;orientation&quot;:&quot;0&quot;}\" data-image-title=\"24 maturo 1\" data-image-description=\"\" data-image-caption=\"\" data-large-file=\"https:\/\/www.hoymercedes.com.ar\/principal\/wp-content\/uploads\/2019\/05\/24-maturo-1.jpg\" src=\"https:\/\/www.hoymercedes.com.ar\/principal\/wp-content\/uploads\/2019\/05\/24-maturo-1.jpg\" alt=\"\" class=\"wp-image-93642\" srcset=\"https:\/\/www.hoymercedes.com.ar\/principal\/wp-content\/uploads\/2019\/05\/24-maturo-1.jpg 800w, https:\/\/www.hoymercedes.com.ar\/principal\/wp-content\/uploads\/2019\/05\/24-maturo-1-150x85.jpg 150w, https:\/\/www.hoymercedes.com.ar\/principal\/wp-content\/uploads\/2019\/05\/24-maturo-1-630x355.jpg 630w\" sizes=\"auto, (max-width: 800px) 100vw, 800px\" \/><\/figure>\n\n\n\n<p>\u00abComo todos los 25 de Mayo, haremos el primer concierto del a\u00f1o con Franco Savino, organista de la Bas\u00edlica de San Carlos, cuyo padre es organista de la Parroquia San Patricio de Belgrano\u00bb, cont\u00f3 Manuel Maturo a trav\u00e9s de los micr\u00f3fonos de Radio F\u00e9nix. <\/p>\n\n\n\n<p>A modo de adelanto, Maturo explic\u00f3 que estar\u00e1n interpretando el Himno Nacional Argentino con el imponente \u00f3rgano de la Parroquia de calle 14 y 21. Adem\u00e1s interpretar\u00e1n  obras musicales del repertorio cl\u00e1sico y un popurr\u00ed de obras musicales de distintos or\u00edgenes. <\/p>\n\n\n\n<p>El concierto est\u00e1 programado para la hora 11:30 del s\u00e1bado 25 de mayo y dar tiempo a que la gente pueda disfrutar de un concierto de \u00f3rgano con entrada libre y gratuita. <\/p>\n\n\n\n<p>Por otra parte, Manuel Maturo adelant\u00f3 que el venidero s\u00e1bado 1\u00aa de  junio, la Orquesta Escuela de Mercedes har\u00e1 una presentaci\u00f3n en la Parroquia San Patricio. En el repertorio de la Orquesta Escuela con una selecci\u00f3n de instrumentos de cuerdas incluyen obras populares infantiles. <\/p>\n","protected":false},"excerpt":{"rendered":"<p>Este 25 de mayo, nuevo aniversario de la Revoluci\u00f3n de 1810, la Parroquia San Patricio abrir\u00e1 sus puertas para un &#8230; <a title=\"Concierto de \u00f3rgano en Parroquia San Patricio\" class=\"read-more\" href=\"https:\/\/www.hoymercedes.com.ar\/principal\/2019\/05\/24\/concierto-de-organo-en-parroquia-san-patricio\/\" aria-label=\"Leer m\u00e1s sobre Concierto de \u00f3rgano en Parroquia San Patricio\">Leer m\u00e1s<\/a><\/p>\n","protected":false},"author":1,"featured_media":93642,"comment_status":"closed","ping_status":"open","sticky":false,"template":"","format":"standard","meta":{"_monsterinsights_skip_tracking":false,"_monsterinsights_sitenote_active":false,"_monsterinsights_sitenote_note":"","_monsterinsights_sitenote_category":0,"jetpack_post_was_ever_published":false,"_jetpack_newsletter_access":"","_jetpack_dont_email_post_to_subs":false,"_jetpack_newsletter_tier_id":0,"_jetpack_memberships_contains_paywalled_content":false,"_jetpack_memberships_contains_paid_content":false,"footnotes":"","jetpack_publicize_message":"","jetpack_publicize_feature_enabled":true,"jetpack_social_post_already_shared":true,"jetpack_social_options":{"image_generator_settings":{"template":"highway","default_image_id":0,"font":"","enabled":false},"version":2},"_wpas_customize_per_network":false},"categories":[104],"tags":[15154,7805,1918],"class_list":["post-93630","post","type-post","status-publish","format-standard","has-post-thumbnail","hentry","category-cultura","tag-concierto-de-organo","tag-cultura","tag-parroquia-san-patricio","generate-columns","tablet-grid-50","mobile-grid-100","grid-parent","grid-50"],"jetpack_publicize_connections":[],"jetpack_featured_media_url":"https:\/\/www.hoymercedes.com.ar\/principal\/wp-content\/uploads\/2019\/05\/24-maturo-1.jpg","wps_subtitle":"S\u00e1bado a la ma\u00f1ana","jetpack_sharing_enabled":true,"_links":{"self":[{"href":"https:\/\/www.hoymercedes.com.ar\/principal\/wp-json\/wp\/v2\/posts\/93630","targetHints":{"allow":["GET"]}}],"collection":[{"href":"https:\/\/www.hoymercedes.com.ar\/principal\/wp-json\/wp\/v2\/posts"}],"about":[{"href":"https:\/\/www.hoymercedes.com.ar\/principal\/wp-json\/wp\/v2\/types\/post"}],"author":[{"embeddable":true,"href":"https:\/\/www.hoymercedes.com.ar\/principal\/wp-json\/wp\/v2\/users\/1"}],"replies":[{"embeddable":true,"href":"https:\/\/www.hoymercedes.com.ar\/principal\/wp-json\/wp\/v2\/comments?post=93630"}],"version-history":[{"count":0,"href":"https:\/\/www.hoymercedes.com.ar\/principal\/wp-json\/wp\/v2\/posts\/93630\/revisions"}],"wp:featuredmedia":[{"embeddable":true,"href":"https:\/\/www.hoymercedes.com.ar\/principal\/wp-json\/wp\/v2\/media\/93642"}],"wp:attachment":[{"href":"https:\/\/www.hoymercedes.com.ar\/principal\/wp-json\/wp\/v2\/media?parent=93630"}],"wp:term":[{"taxonomy":"category","embeddable":true,"href":"https:\/\/www.hoymercedes.com.ar\/principal\/wp-json\/wp\/v2\/categories?post=93630"},{"taxonomy":"post_tag","embeddable":true,"href":"https:\/\/www.hoymercedes.com.ar\/principal\/wp-json\/wp\/v2\/tags?post=93630"}],"curies":[{"name":"wp","href":"https:\/\/api.w.org\/{rel}","templated":true}]}}