{"id":93661,"date":"2019-05-25T17:48:41","date_gmt":"2019-05-25T20:48:41","guid":{"rendered":"http:\/\/www.hoymercedes.com.ar\/principal\/?p=93661"},"modified":"2019-05-24T17:56:35","modified_gmt":"2019-05-24T20:56:35","slug":"tras-la-agresion-al-juez-joaquin-gil-el-tribunal-de-disciplina-le-dio-los-puntos-a-independiente-de-chivilcoy-y-es-finalista","status":"publish","type":"post","link":"https:\/\/www.hoymercedes.com.ar\/principal\/2019\/05\/25\/tras-la-agresion-al-juez-joaquin-gil-el-tribunal-de-disciplina-le-dio-los-puntos-a-independiente-de-chivilcoy-y-es-finalista\/","title":{"rendered":"Tras la agresi\u00f3n al juez Joaqu\u00edn Gil, el Tribunal de Disciplina le dio los puntos a Independiente de Chivilcoy y es finalista"},"content":{"rendered":"\n<p>Como se preve\u00eda y teniendo en cuenta lo claro del Art. 75.2 \u201cD\u201d, que el Tribunal de Penas del Consejo Federal del F\u00fatbol Argentino, le dar\u00eda por ganada la serie final frente al equipo de El Linque\u00f1o de Lincoln.<\/p>\n\n\n\n<figure class=\"wp-block-image\"><img loading=\"lazy\" decoding=\"async\" width=\"620\" height=\"349\" data-attachment-id=\"93662\" data-permalink=\"https:\/\/www.hoymercedes.com.ar\/principal\/2019\/05\/25\/tras-la-agresion-al-juez-joaquin-gil-el-tribunal-de-disciplina-le-dio-los-puntos-a-independiente-de-chivilcoy-y-es-finalista\/joaquin-gil-golpeado\/#main\" data-orig-file=\"https:\/\/www.hoymercedes.com.ar\/principal\/wp-content\/uploads\/2019\/05\/Joaquin-Gil-golpeado.jpg\" data-orig-size=\"620,349\" data-comments-opened=\"0\" data-image-meta=\"{&quot;aperture&quot;:&quot;0&quot;,&quot;credit&quot;:&quot;&quot;,&quot;camera&quot;:&quot;&quot;,&quot;caption&quot;:&quot;&quot;,&quot;created_timestamp&quot;:&quot;0&quot;,&quot;copyright&quot;:&quot;&quot;,&quot;focal_length&quot;:&quot;0&quot;,&quot;iso&quot;:&quot;0&quot;,&quot;shutter_speed&quot;:&quot;0&quot;,&quot;title&quot;:&quot;&quot;,&quot;orientation&quot;:&quot;0&quot;}\" data-image-title=\"Joaquin-Gil-golpeado\" data-image-description=\"\" data-image-caption=\"\" data-large-file=\"https:\/\/www.hoymercedes.com.ar\/principal\/wp-content\/uploads\/2019\/05\/Joaquin-Gil-golpeado.jpg\" src=\"https:\/\/www.hoymercedes.com.ar\/principal\/wp-content\/uploads\/2019\/05\/Joaquin-Gil-golpeado.jpg\" alt=\"\" class=\"wp-image-93662\" srcset=\"https:\/\/www.hoymercedes.com.ar\/principal\/wp-content\/uploads\/2019\/05\/Joaquin-Gil-golpeado.jpg 620w, https:\/\/www.hoymercedes.com.ar\/principal\/wp-content\/uploads\/2019\/05\/Joaquin-Gil-golpeado-150x84.jpg 150w\" sizes=\"auto, (max-width: 620px) 100vw, 620px\" \/><\/figure>\n\n\n\n<p>Antonio Raed, miembro del Tribunal confirm\u00f3 en las \u00faltimas horas del d\u00eda de ayer la noticia a los diversos medios interesados en la resoluci\u00f3n. Recordamos que el partido hab\u00eda sido suspendido a los 12 minutos del segundo tiempo, cuando fue agredido el \u00e1rbitro principal (Joaqu\u00edn Gil), por una botella con el 50% del contenido, la que impact\u00f3 en el \u00e1rbitro produci\u00e9ndole un corte arriba del ojo izquierdo, adem\u00e1s de padecer una fugaz p\u00e9rdida de conocimiento; el \u00e1rbitro fue atendido en el campo de juego por los profesionales m\u00e9dicos Daniel Altamiranda y Sergio Mauro, qui\u00e9nes ante el estado del juez, decidieron trasladarlo al Hospital Municipal, donde permaneci\u00f3 varias horas, hasta que pudo regresar a su ciudad (San Pedro).<\/p>\n\n\n\n<p>El Club de Chivilcoy deber\u00e1 ahora esperar al ganador de San Mart\u00edn o Pe\u00f1arol de San Juan, para saber cu\u00e1l ser\u00e1 su rival por el Ascenso.<br><\/p>\n","protected":false},"excerpt":{"rendered":"<p>Como se preve\u00eda y teniendo en cuenta lo claro del Art. 75.2 \u201cD\u201d, que el Tribunal de Penas del Consejo &#8230; <a title=\"Tras la agresi\u00f3n al juez Joaqu\u00edn Gil, el Tribunal de Disciplina le dio los puntos a Independiente de Chivilcoy y es finalista\" class=\"read-more\" href=\"https:\/\/www.hoymercedes.com.ar\/principal\/2019\/05\/25\/tras-la-agresion-al-juez-joaquin-gil-el-tribunal-de-disciplina-le-dio-los-puntos-a-independiente-de-chivilcoy-y-es-finalista\/\" aria-label=\"Leer m\u00e1s sobre Tras la agresi\u00f3n al juez Joaqu\u00edn Gil, el Tribunal de Disciplina le dio los puntos a Independiente de Chivilcoy y es finalista\">Leer m\u00e1s<\/a><\/p>\n","protected":false},"author":1,"featured_media":93662,"comment_status":"closed","ping_status":"open","sticky":false,"template":"","format":"standard","meta":{"_monsterinsights_skip_tracking":false,"_monsterinsights_sitenote_active":false,"_monsterinsights_sitenote_note":"","_monsterinsights_sitenote_category":0,"jetpack_post_was_ever_published":false,"_jetpack_newsletter_access":"","_jetpack_dont_email_post_to_subs":false,"_jetpack_newsletter_tier_id":0,"_jetpack_memberships_contains_paywalled_content":false,"_jetpack_memberships_contains_paid_content":false,"footnotes":"","jetpack_publicize_message":"","jetpack_publicize_feature_enabled":true,"jetpack_social_post_already_shared":true,"jetpack_social_options":{"image_generator_settings":{"template":"highway","default_image_id":0,"font":"","enabled":false},"version":2},"_wpas_customize_per_network":false},"categories":[21],"tags":[14255],"class_list":["post-93661","post","type-post","status-publish","format-standard","has-post-thumbnail","hentry","category-deportes","tag-regional-amateur","generate-columns","tablet-grid-50","mobile-grid-100","grid-parent","grid-50"],"jetpack_publicize_connections":[],"jetpack_featured_media_url":"https:\/\/www.hoymercedes.com.ar\/principal\/wp-content\/uploads\/2019\/05\/Joaquin-Gil-golpeado.jpg","wps_subtitle":"Regional Amateur","jetpack_sharing_enabled":true,"_links":{"self":[{"href":"https:\/\/www.hoymercedes.com.ar\/principal\/wp-json\/wp\/v2\/posts\/93661","targetHints":{"allow":["GET"]}}],"collection":[{"href":"https:\/\/www.hoymercedes.com.ar\/principal\/wp-json\/wp\/v2\/posts"}],"about":[{"href":"https:\/\/www.hoymercedes.com.ar\/principal\/wp-json\/wp\/v2\/types\/post"}],"author":[{"embeddable":true,"href":"https:\/\/www.hoymercedes.com.ar\/principal\/wp-json\/wp\/v2\/users\/1"}],"replies":[{"embeddable":true,"href":"https:\/\/www.hoymercedes.com.ar\/principal\/wp-json\/wp\/v2\/comments?post=93661"}],"version-history":[{"count":0,"href":"https:\/\/www.hoymercedes.com.ar\/principal\/wp-json\/wp\/v2\/posts\/93661\/revisions"}],"wp:featuredmedia":[{"embeddable":true,"href":"https:\/\/www.hoymercedes.com.ar\/principal\/wp-json\/wp\/v2\/media\/93662"}],"wp:attachment":[{"href":"https:\/\/www.hoymercedes.com.ar\/principal\/wp-json\/wp\/v2\/media?parent=93661"}],"wp:term":[{"taxonomy":"category","embeddable":true,"href":"https:\/\/www.hoymercedes.com.ar\/principal\/wp-json\/wp\/v2\/categories?post=93661"},{"taxonomy":"post_tag","embeddable":true,"href":"https:\/\/www.hoymercedes.com.ar\/principal\/wp-json\/wp\/v2\/tags?post=93661"}],"curies":[{"name":"wp","href":"https:\/\/api.w.org\/{rel}","templated":true}]}}