{"id":93665,"date":"2019-05-26T17:56:46","date_gmt":"2019-05-26T20:56:46","guid":{"rendered":"http:\/\/www.hoymercedes.com.ar\/principal\/?p=93665"},"modified":"2019-05-25T11:44:15","modified_gmt":"2019-05-25T14:44:15","slug":"tenis-de-mesa-ajedrez-futbol-femenino-y-playa-y-cesto-tienen-sus-clasificados-a-la-etapa-regional","status":"publish","type":"post","link":"https:\/\/www.hoymercedes.com.ar\/principal\/2019\/05\/26\/tenis-de-mesa-ajedrez-futbol-femenino-y-playa-y-cesto-tienen-sus-clasificados-a-la-etapa-regional\/","title":{"rendered":"Tenis de mesa, ajedrez, f\u00fatbol femenino y playa y cesto, tienen sus clasificados a la Etapa Regional"},"content":{"rendered":"\n<p>La segunda semana de la Etapa Local de los Juegos Bonaerenses se llev\u00f3 adelante entre el 20 y 24 de mayo y fueron cinco las disciplinas que salieron a la cancha, mientras que por lluvia, Atletismo se tuvo que postergar. <\/p>\n\n\n\n<p>\u2022 Tenis de Mesa: Los clasificados al Regional son en Sub 14 Dilan Ram\u00edrez, Sub 16 Franco Lima y Sub 18 Esteban Delvechio.<\/p>\n\n\n\n<p>\u2022 Ajedrez:  Kuntur Asenzo en Sub 16 No Federado y Facundo Vi\u00f1as en Sub 14 No Federado<\/p>\n\n\n\n<p>\u2022 Futbol 5 Femenino:  <\/p>\n\n\n\n<ul class=\"wp-block-list\"><li>Sub 14 Camila Rol\u00f3n: Catalina Amaya, Matilde Martinelli, Catalina D\u00edaz, Martina Albanese, B\u00e1rbara, Montes de Oca, Clara Aquilino, Magali Arias, Priscila Soule y Agustina Altieri. DT: Iv\u00e1n Gallo. <\/li><li> En Sub 16 Escolar Abierta la EES N\u00b0 12: Gabriela Gorosito, Luz Garelli, Fionha Stricker Gonz\u00e1lez, Yesica Paj\u00f3n, Jennifer Duberthy y Julieta Nieves. DT: Jorgelina Bernal. <\/li><li>En Sub 18 Escolar Abierta el equipo de San Patricio: Candela Melo, Martina Tassra, Celina Errequet, Luc\u00eda Mart\u00ednez, Isabel Luther, Catalina Perrone, Indira Chvatal, Elena Sparks, Dana Chvatal y Emili Scotti. DT: Mariana Saboredo. <\/li><\/ul>\n\n\n\n<p>\u2022 F\u00fatbol Playa: <\/p>\n\n\n\n<ul class=\"wp-block-list\"><li> Sub 14 Libre: Patricio Esnaola, Juan Cruz Esnaola, Exequiel Poltronieri, Juan Dell Oro, Gonzalo Garc\u00eda Fontella, Mat\u00edas Albanese, Facundo Cardinale y Santiago Gatti. DT: Ana Campillay. <\/li><li> Sub 16 Libre: IPA: Ignacio Iribarren, Valent\u00edn Rondinella, Joaqu\u00edn Rivera, Thiago Crivelli, Francisco Genoud, Lucas Mascardi, Andr\u00e9s Caramelo y Pedro Marzano. DT: Claudio Delgado. <\/li><\/ul>\n\n\n\n<p>\u2022 Cestoball: <\/p>\n\n\n\n<ul class=\"wp-block-list\"><li>3 X 3 Libre: Delfina Galeano, Violeta Lapenta, Mar\u00eda Rivadeneira y Martina Giacometti. DT: Araceli Pueblas. <\/li><li>Sub 14 Libre:  IPA: Juana Cecco, Josefina Locampo, Bel\u00e9n R\u00e9vora, Victoria Genovecio, Luc\u00eda Biagini, P\u00eda Rodr\u00edguez, Valentina Alfano, Macarena Carlichi, Noelia Bocaccio, Florencia Paglieri, Sol Trebini y Josefina Zamorano. DT: Trinidad L\u00f3pez.<\/li><li>Sub 17 Libre: IPA: Manuela Cejas, Brisa Decunto, Candela V\u00e1zquez, Sol Gottifredi, Pilar Biagini, Martina Flynn, Romina Palacios, Catalina Pi\u00f1ero, Victoria Pont\u00f3n, Agostina Cereijo, Nazarena Soto y Zoe Grosso. DT: Trinidad L\u00f3pez.<\/li><\/ul>\n\n\n\n<p>Lo que viene<\/p>\n\n\n\n<p><strong>Lunes 27<br><\/strong>Nataci\u00f3n (Neptuno Complejo Noelandia).<\/p>\n\n\n\n<p><strong>Martes 28<\/strong><br>Atletismo con pruebas individuales Sub 16 y 18 m\u00e1s postas Sub 14 (Mart\u00edn Rodr\u00edguez).<\/p>\n\n\n\n<p><strong>Mi\u00e9rcoles 29<\/strong><br>Voley masculino en todas las categor\u00edas (CEF N\u00b0 40)<\/p>\n\n\n\n<p><strong>Jueves 30<\/strong><br>B\u00e1squet y b\u00e1squet 3\u00d73.<\/p>\n\n\n\n<p><strong>Viernes 31<\/strong><br>Softbol (Mart\u00edn Rodr\u00edguez).<br>Voley femenino todas las categor\u00edas (CEF N\u00b0 40).<\/p>\n\n\n\n<p><\/p>\n","protected":false},"excerpt":{"rendered":"<p>La segunda semana de la Etapa Local de los Juegos Bonaerenses se llev\u00f3 adelante entre el 20 y 24 de &#8230; <a title=\"Tenis de mesa, ajedrez, f\u00fatbol femenino y playa y cesto, tienen sus clasificados a la Etapa Regional\" class=\"read-more\" href=\"https:\/\/www.hoymercedes.com.ar\/principal\/2019\/05\/26\/tenis-de-mesa-ajedrez-futbol-femenino-y-playa-y-cesto-tienen-sus-clasificados-a-la-etapa-regional\/\" aria-label=\"Leer m\u00e1s sobre Tenis de mesa, ajedrez, f\u00fatbol femenino y playa y cesto, tienen sus clasificados a la Etapa Regional\">Leer m\u00e1s<\/a><\/p>\n","protected":false},"author":1,"featured_media":0,"comment_status":"closed","ping_status":"open","sticky":false,"template":"","format":"standard","meta":{"_monsterinsights_skip_tracking":false,"_monsterinsights_sitenote_active":false,"_monsterinsights_sitenote_note":"","_monsterinsights_sitenote_category":0,"jetpack_post_was_ever_published":false,"_jetpack_newsletter_access":"","_jetpack_dont_email_post_to_subs":false,"_jetpack_newsletter_tier_id":0,"_jetpack_memberships_contains_paywalled_content":false,"_jetpack_memberships_contains_paid_content":false,"footnotes":"","jetpack_publicize_message":"","jetpack_publicize_feature_enabled":true,"jetpack_social_post_already_shared":true,"jetpack_social_options":{"image_generator_settings":{"template":"highway","default_image_id":0,"font":"","enabled":false},"version":2},"_wpas_customize_per_network":false},"categories":[21],"tags":[9871,204,15165,9047],"class_list":["post-93665","post","type-post","status-publish","format-standard","hentry","category-deportes","tag-ajedrez","tag-deportes-2","tag-tenues-de-mesa","tag-torneos-bonaerenses","generate-columns","tablet-grid-50","mobile-grid-100","grid-parent","grid-50"],"jetpack_publicize_connections":[],"jetpack_featured_media_url":"","wps_subtitle":"Juegos Bonaerenses","jetpack_sharing_enabled":true,"jetpack-related-posts":[{"id":75734,"url":"https:\/\/www.hoymercedes.com.ar\/principal\/2018\/05\/15\/ya-estan-los-primeros-clasificados-a-los-regionales-de-los-juegos-bonaerenses\/","url_meta":{"origin":93665,"position":0},"title":"Ya est\u00e1n los primeros clasificados a los Regionales de los Juegos Bonaerenses","author":"hoymercedes","date":"15 mayo, 2018","format":false,"excerpt":"Una nueva ilusi\u00f3n comenz\u00f3 la semana pasada para los mercedinos que son parte de los Juegos Bonaerenses 2018. Comenz\u00f3 la etapa local en varias disciplinas en una semana que estuvo marcada por la lluvia, pero que al ser actividad indoor, no gener\u00f3 problemas para el normal desarrollo. A continuaci\u00f3n, los\u2026","rel":"","context":"En \u00abDeportes\u00bb","block_context":{"text":"Deportes","link":"https:\/\/www.hoymercedes.com.ar\/principal\/category\/deportes\/"},"img":{"alt_text":"","src":"https:\/\/i0.wp.com\/www.hoymercedes.com.ar\/principal\/wp-content\/uploads\/2018\/05\/Basquet-TJB-3.jpg?resize=350%2C200&ssl=1","width":350,"height":200,"srcset":"https:\/\/i0.wp.com\/www.hoymercedes.com.ar\/principal\/wp-content\/uploads\/2018\/05\/Basquet-TJB-3.jpg?resize=350%2C200&ssl=1 1x, https:\/\/i0.wp.com\/www.hoymercedes.com.ar\/principal\/wp-content\/uploads\/2018\/05\/Basquet-TJB-3.jpg?resize=525%2C300&ssl=1 1.5x, https:\/\/i0.wp.com\/www.hoymercedes.com.ar\/principal\/wp-content\/uploads\/2018\/05\/Basquet-TJB-3.jpg?resize=700%2C400&ssl=1 2x"},"classes":[]},{"id":93158,"url":"https:\/\/www.hoymercedes.com.ar\/principal\/2019\/05\/18\/beach-voley-tenis-y-hockey-ya-tienen-sus-clasificados-al-regional-en-los-bonaerenses\/","url_meta":{"origin":93665,"position":1},"title":"Beach Voley, Tenis y Hockey ya tienen sus clasificados al Regional en los Bonaerenses","author":"hoymercedes","date":"18 mayo, 2019","format":false,"excerpt":"Comenz\u00f3 la etapa local de los Torneos Juveniles Bonaerenses, per\u00edodo que durar\u00e1 dos meses aproximadamente y que esta semana tuvo sus primeros tres deportes que salieron a la cancha con resultados que dejaron clasificados al Regional. Beach Voley: Gabriela P\u00e9rez e Isabel Luther (Sub 18), M\u00e1ximo Cross y Agust\u00edn Moles\u2026","rel":"","context":"En \u00abDeportes\u00bb","block_context":{"text":"Deportes","link":"https:\/\/www.hoymercedes.com.ar\/principal\/category\/deportes\/"},"img":{"alt_text":"","src":"https:\/\/i0.wp.com\/www.hoymercedes.com.ar\/principal\/wp-content\/uploads\/2019\/05\/60602895_1114509748724189_7575365687783194624_n.jpg?resize=350%2C200&ssl=1","width":350,"height":200,"srcset":"https:\/\/i0.wp.com\/www.hoymercedes.com.ar\/principal\/wp-content\/uploads\/2019\/05\/60602895_1114509748724189_7575365687783194624_n.jpg?resize=350%2C200&ssl=1 1x, https:\/\/i0.wp.com\/www.hoymercedes.com.ar\/principal\/wp-content\/uploads\/2019\/05\/60602895_1114509748724189_7575365687783194624_n.jpg?resize=525%2C300&ssl=1 1.5x"},"classes":[]},{"id":139685,"url":"https:\/\/www.hoymercedes.com.ar\/principal\/2021\/11\/05\/arrancaron-los-juegos-bonaerenses\/","url_meta":{"origin":93665,"position":2},"title":"Arrancaron los Juegos Bonaerenses","author":"hoymercedes","date":"5 noviembre, 2021","format":false,"excerpt":"Mar del Plata vuelve a ser el epicentro de la finales de los Juegos de la provincia de Buenos Aires. Este viernes fue la inauguraci\u00f3n de la 30\u00b0 edici\u00f3n en la plazoleta Almirante Brown. Las competencias comienzan a primera hora del s\u00e1bado. La delegaci\u00f3n mercedina cuenta con m\u00e1s de 50\u2026","rel":"","context":"En \u00abDeportes\u00bb","block_context":{"text":"Deportes","link":"https:\/\/www.hoymercedes.com.ar\/principal\/category\/deportes\/"},"img":{"alt_text":"","src":"https:\/\/i0.wp.com\/www.hoymercedes.com.ar\/principal\/wp-content\/uploads\/2021\/11\/juegos-bonaerenes.jpg?resize=350%2C200&ssl=1","width":350,"height":200,"srcset":"https:\/\/i0.wp.com\/www.hoymercedes.com.ar\/principal\/wp-content\/uploads\/2021\/11\/juegos-bonaerenes.jpg?resize=350%2C200&ssl=1 1x, https:\/\/i0.wp.com\/www.hoymercedes.com.ar\/principal\/wp-content\/uploads\/2021\/11\/juegos-bonaerenes.jpg?resize=525%2C300&ssl=1 1.5x, https:\/\/i0.wp.com\/www.hoymercedes.com.ar\/principal\/wp-content\/uploads\/2021\/11\/juegos-bonaerenes.jpg?resize=700%2C400&ssl=1 2x"},"classes":[]},{"id":188817,"url":"https:\/\/www.hoymercedes.com.ar\/principal\/2025\/10\/17\/nueva-jornada-de-logros-y-experiencias-para-la-delegacion-mercedina-en-los-juegos-bonaerenses-2025\/","url_meta":{"origin":93665,"position":3},"title":"Nueva jornada de logros y experiencias para la delegaci\u00f3n mercedina en los Juegos Bonaerenses 2025","author":"hoymercedes","date":"17 octubre, 2025","format":false,"excerpt":"La ciudad de Mar del Plata contin\u00faa siendo escenario de las finales provinciales de los Juegos Bonaerenses 2025, impulsados por el Gobierno de la Provincia de Buenos Aires. En una jornada intensa de competencias, la delegaci\u00f3n mercedina volvi\u00f3 a destacarse con nuevas medallas, grandes actuaciones y mucho esp\u00edritu deportivo. Mariana\u2026","rel":"","context":"En \u00abDeportes\u00bb","block_context":{"text":"Deportes","link":"https:\/\/www.hoymercedes.com.ar\/principal\/category\/deportes\/"},"img":{"alt_text":"Juegos Bonaerenses 2025","src":"https:\/\/i0.wp.com\/www.hoymercedes.com.ar\/principal\/wp-content\/uploads\/2025\/10\/S4.jpg?resize=350%2C200&ssl=1","width":350,"height":200,"srcset":"https:\/\/i0.wp.com\/www.hoymercedes.com.ar\/principal\/wp-content\/uploads\/2025\/10\/S4.jpg?resize=350%2C200&ssl=1 1x, https:\/\/i0.wp.com\/www.hoymercedes.com.ar\/principal\/wp-content\/uploads\/2025\/10\/S4.jpg?resize=525%2C300&ssl=1 1.5x, https:\/\/i0.wp.com\/www.hoymercedes.com.ar\/principal\/wp-content\/uploads\/2025\/10\/S4.jpg?resize=700%2C400&ssl=1 2x, https:\/\/i0.wp.com\/www.hoymercedes.com.ar\/principal\/wp-content\/uploads\/2025\/10\/S4.jpg?resize=1050%2C600&ssl=1 3x"},"classes":[]},{"id":76963,"url":"https:\/\/www.hoymercedes.com.ar\/principal\/2018\/06\/08\/atletismo-tenis-y-beach-voley-ya-tienen-sus-clasificados-a-regionales\/","url_meta":{"origin":93665,"position":4},"title":"Atletismo, Tenis y Beach Voley ya tienen sus clasificados a Regionales","author":"hoymercedes","date":"8 junio, 2018","format":false,"excerpt":"La semana pasada se realiz\u00f3 la etapa local de otras tres disciplinas de los Juegos Bonaerenses que dej\u00f3 sus clasificados a los Regionales rumbo al Provincial de Mar del Plata. Los clasificados fueron los siguientes: Atletismo La categor\u00eda Sub 14, en pruebas individuales, disput\u00f3 la fase Local en la pista\u2026","rel":"","context":"En \u00abDeportes\u00bb","block_context":{"text":"Deportes","link":"https:\/\/www.hoymercedes.com.ar\/principal\/category\/deportes\/"},"img":{"alt_text":"","src":"https:\/\/i0.wp.com\/www.hoymercedes.com.ar\/principal\/wp-content\/uploads\/2018\/06\/Atletismo-TJB.jpg?resize=350%2C200&ssl=1","width":350,"height":200,"srcset":"https:\/\/i0.wp.com\/www.hoymercedes.com.ar\/principal\/wp-content\/uploads\/2018\/06\/Atletismo-TJB.jpg?resize=350%2C200&ssl=1 1x, https:\/\/i0.wp.com\/www.hoymercedes.com.ar\/principal\/wp-content\/uploads\/2018\/06\/Atletismo-TJB.jpg?resize=525%2C300&ssl=1 1.5x, https:\/\/i0.wp.com\/www.hoymercedes.com.ar\/principal\/wp-content\/uploads\/2018\/06\/Atletismo-TJB.jpg?resize=700%2C400&ssl=1 2x"},"classes":[]},{"id":188771,"url":"https:\/\/www.hoymercedes.com.ar\/principal\/2025\/10\/15\/la-delegacion-mercedina-logro-su-primera-medalla-en-los-juegos-bonaerenses-2025\/","url_meta":{"origin":93665,"position":5},"title":"La Delegaci\u00f3n Mercedina logr\u00f3 su primera medalla en los Juegos Bonaerenses 2025","author":"hoymercedes","date":"15 octubre, 2025","format":false,"excerpt":"La delegaci\u00f3n de Mercedes comenz\u00f3 con gran entusiasmo su participaci\u00f3n en las finales de los Juegos Bonaerenses 2025, que se desarrollan en la ciudad de Mar del Plata, con el acompa\u00f1amiento de la Direcci\u00f3n de Deportes, Cultura y profesores de diversas \u00e1reas. En una jornada cargada de emoci\u00f3n y competencia,\u2026","rel":"","context":"En \u00abDeportes\u00bb","block_context":{"text":"Deportes","link":"https:\/\/www.hoymercedes.com.ar\/principal\/category\/deportes\/"},"img":{"alt_text":"Juegos Bonaerenses 2025","src":"https:\/\/i0.wp.com\/www.hoymercedes.com.ar\/principal\/wp-content\/uploads\/2025\/10\/DSC_0009-scaled.jpg?resize=350%2C200&ssl=1","width":350,"height":200,"srcset":"https:\/\/i0.wp.com\/www.hoymercedes.com.ar\/principal\/wp-content\/uploads\/2025\/10\/DSC_0009-scaled.jpg?resize=350%2C200&ssl=1 1x, https:\/\/i0.wp.com\/www.hoymercedes.com.ar\/principal\/wp-content\/uploads\/2025\/10\/DSC_0009-scaled.jpg?resize=525%2C300&ssl=1 1.5x, https:\/\/i0.wp.com\/www.hoymercedes.com.ar\/principal\/wp-content\/uploads\/2025\/10\/DSC_0009-scaled.jpg?resize=700%2C400&ssl=1 2x, https:\/\/i0.wp.com\/www.hoymercedes.com.ar\/principal\/wp-content\/uploads\/2025\/10\/DSC_0009-scaled.jpg?resize=1050%2C600&ssl=1 3x, https:\/\/i0.wp.com\/www.hoymercedes.com.ar\/principal\/wp-content\/uploads\/2025\/10\/DSC_0009-scaled.jpg?resize=1400%2C800&ssl=1 4x"},"classes":[]}],"_links":{"self":[{"href":"https:\/\/www.hoymercedes.com.ar\/principal\/wp-json\/wp\/v2\/posts\/93665","targetHints":{"allow":["GET"]}}],"collection":[{"href":"https:\/\/www.hoymercedes.com.ar\/principal\/wp-json\/wp\/v2\/posts"}],"about":[{"href":"https:\/\/www.hoymercedes.com.ar\/principal\/wp-json\/wp\/v2\/types\/post"}],"author":[{"embeddable":true,"href":"https:\/\/www.hoymercedes.com.ar\/principal\/wp-json\/wp\/v2\/users\/1"}],"replies":[{"embeddable":true,"href":"https:\/\/www.hoymercedes.com.ar\/principal\/wp-json\/wp\/v2\/comments?post=93665"}],"version-history":[{"count":0,"href":"https:\/\/www.hoymercedes.com.ar\/principal\/wp-json\/wp\/v2\/posts\/93665\/revisions"}],"wp:attachment":[{"href":"https:\/\/www.hoymercedes.com.ar\/principal\/wp-json\/wp\/v2\/media?parent=93665"}],"wp:term":[{"taxonomy":"category","embeddable":true,"href":"https:\/\/www.hoymercedes.com.ar\/principal\/wp-json\/wp\/v2\/categories?post=93665"},{"taxonomy":"post_tag","embeddable":true,"href":"https:\/\/www.hoymercedes.com.ar\/principal\/wp-json\/wp\/v2\/tags?post=93665"}],"curies":[{"name":"wp","href":"https:\/\/api.w.org\/{rel}","templated":true}]}}