{"id":93668,"date":"2019-05-26T10:17:56","date_gmt":"2019-05-26T13:17:56","guid":{"rendered":"http:\/\/www.hoymercedes.com.ar\/principal\/?p=93668"},"modified":"2019-05-25T11:44:32","modified_gmt":"2019-05-25T14:44:32","slug":"juan-martinez-se-prepara-para-su-tercera-pelea-profesional","status":"publish","type":"post","link":"https:\/\/www.hoymercedes.com.ar\/principal\/2019\/05\/26\/juan-martinez-se-prepara-para-su-tercera-pelea-profesional\/","title":{"rendered":"Juan Mart\u00ednez se prepara para su tercera pelea profesional"},"content":{"rendered":"\n<p>Por Iv\u00e1n Alday (Todo El Deporte Esta Aca).  En la jornada de este jueves el campe\u00f3n amateur de la Liga de Las Estrellas , y que ya cuenta con dos peleas en el campo rentado profesional con r\u00e9cord de 1-1 anunci\u00f3 en las redes sociales su retorno a los entrenamientos en busca de una tercera participaci\u00f3n en un cuadr\u00edlatero.<\/p>\n\n\n\n<figure class=\"wp-block-image\"><img loading=\"lazy\" decoding=\"async\" width=\"960\" height=\"540\" data-attachment-id=\"93669\" data-permalink=\"https:\/\/www.hoymercedes.com.ar\/principal\/2019\/05\/26\/juan-martinez-se-prepara-para-su-tercera-pelea-profesional\/juan-martinez-box\/#main\" data-orig-file=\"https:\/\/www.hoymercedes.com.ar\/principal\/wp-content\/uploads\/2019\/05\/Juan-Mart\u00ednez-Box.jpg\" data-orig-size=\"960,540\" data-comments-opened=\"0\" data-image-meta=\"{&quot;aperture&quot;:&quot;0&quot;,&quot;credit&quot;:&quot;&quot;,&quot;camera&quot;:&quot;&quot;,&quot;caption&quot;:&quot;&quot;,&quot;created_timestamp&quot;:&quot;0&quot;,&quot;copyright&quot;:&quot;&quot;,&quot;focal_length&quot;:&quot;0&quot;,&quot;iso&quot;:&quot;0&quot;,&quot;shutter_speed&quot;:&quot;0&quot;,&quot;title&quot;:&quot;&quot;,&quot;orientation&quot;:&quot;0&quot;}\" data-image-title=\"Juan-Mart\u00ednez-Box\" data-image-description=\"\" data-image-caption=\"\" data-large-file=\"https:\/\/www.hoymercedes.com.ar\/principal\/wp-content\/uploads\/2019\/05\/Juan-Mart\u00ednez-Box.jpg\" src=\"https:\/\/www.hoymercedes.com.ar\/principal\/wp-content\/uploads\/2019\/05\/Juan-Mart\u00ednez-Box.jpg\" alt=\"\" class=\"wp-image-93669\" srcset=\"https:\/\/www.hoymercedes.com.ar\/principal\/wp-content\/uploads\/2019\/05\/Juan-Mart\u00ednez-Box.jpg 960w, https:\/\/www.hoymercedes.com.ar\/principal\/wp-content\/uploads\/2019\/05\/Juan-Mart\u00ednez-Box-150x84.jpg 150w, https:\/\/www.hoymercedes.com.ar\/principal\/wp-content\/uploads\/2019\/05\/Juan-Mart\u00ednez-Box-630x354.jpg 630w\" sizes=\"auto, (max-width: 960px) 100vw, 960px\" \/><\/figure>\n\n\n\n<p>Quien iniciara sus pasos en el profesionalismo con Ricardo Montes, emprede nuevos caminos ahora de la mano de Jose Rafael Sosa tomando ritmo de combate en el Gimnasio Master de Gregorio de Laferrere. El regreso al ring est\u00e1 pr\u00f3ximo a concretarse para el p\u00fagil oriundo de nuestra ciudad que est\u00e1 encuadrado en la categor\u00eda superwelter . <\/p>\n","protected":false},"excerpt":{"rendered":"<p>Por Iv\u00e1n Alday (Todo El Deporte Esta Aca). En la jornada de este jueves el campe\u00f3n amateur de la Liga &#8230; <a title=\"Juan Mart\u00ednez se prepara para su tercera pelea profesional\" class=\"read-more\" href=\"https:\/\/www.hoymercedes.com.ar\/principal\/2019\/05\/26\/juan-martinez-se-prepara-para-su-tercera-pelea-profesional\/\" aria-label=\"Leer m\u00e1s sobre Juan Mart\u00ednez se prepara para su tercera pelea profesional\">Leer m\u00e1s<\/a><\/p>\n","protected":false},"author":1,"featured_media":93669,"comment_status":"closed","ping_status":"open","sticky":false,"template":"","format":"standard","meta":{"_monsterinsights_skip_tracking":false,"_monsterinsights_sitenote_active":false,"_monsterinsights_sitenote_note":"","_monsterinsights_sitenote_category":0,"jetpack_post_was_ever_published":false,"_jetpack_newsletter_access":"","_jetpack_dont_email_post_to_subs":false,"_jetpack_newsletter_tier_id":0,"_jetpack_memberships_contains_paywalled_content":false,"_jetpack_memberships_contains_paid_content":false,"footnotes":"","jetpack_publicize_message":"","jetpack_publicize_feature_enabled":true,"jetpack_social_post_already_shared":true,"jetpack_social_options":{"image_generator_settings":{"template":"highway","default_image_id":0,"font":"","enabled":false},"version":2},"_wpas_customize_per_network":false},"categories":[21],"tags":[1279,204,11687],"class_list":["post-93668","post","type-post","status-publish","format-standard","has-post-thumbnail","hentry","category-deportes","tag-boxeo","tag-deportes-2","tag-juan-martinez","generate-columns","tablet-grid-50","mobile-grid-100","grid-parent","grid-50"],"jetpack_publicize_connections":[],"jetpack_featured_media_url":"https:\/\/www.hoymercedes.com.ar\/principal\/wp-content\/uploads\/2019\/05\/Juan-Mart\u00ednez-Box.jpg","wps_subtitle":"Boxeo","jetpack_sharing_enabled":true,"_links":{"self":[{"href":"https:\/\/www.hoymercedes.com.ar\/principal\/wp-json\/wp\/v2\/posts\/93668","targetHints":{"allow":["GET"]}}],"collection":[{"href":"https:\/\/www.hoymercedes.com.ar\/principal\/wp-json\/wp\/v2\/posts"}],"about":[{"href":"https:\/\/www.hoymercedes.com.ar\/principal\/wp-json\/wp\/v2\/types\/post"}],"author":[{"embeddable":true,"href":"https:\/\/www.hoymercedes.com.ar\/principal\/wp-json\/wp\/v2\/users\/1"}],"replies":[{"embeddable":true,"href":"https:\/\/www.hoymercedes.com.ar\/principal\/wp-json\/wp\/v2\/comments?post=93668"}],"version-history":[{"count":0,"href":"https:\/\/www.hoymercedes.com.ar\/principal\/wp-json\/wp\/v2\/posts\/93668\/revisions"}],"wp:featuredmedia":[{"embeddable":true,"href":"https:\/\/www.hoymercedes.com.ar\/principal\/wp-json\/wp\/v2\/media\/93669"}],"wp:attachment":[{"href":"https:\/\/www.hoymercedes.com.ar\/principal\/wp-json\/wp\/v2\/media?parent=93668"}],"wp:term":[{"taxonomy":"category","embeddable":true,"href":"https:\/\/www.hoymercedes.com.ar\/principal\/wp-json\/wp\/v2\/categories?post=93668"},{"taxonomy":"post_tag","embeddable":true,"href":"https:\/\/www.hoymercedes.com.ar\/principal\/wp-json\/wp\/v2\/tags?post=93668"}],"curies":[{"name":"wp","href":"https:\/\/api.w.org\/{rel}","templated":true}]}}