{"id":93672,"date":"2019-05-26T13:24:22","date_gmt":"2019-05-26T16:24:22","guid":{"rendered":"http:\/\/www.hoymercedes.com.ar\/principal\/?p=93672"},"modified":"2019-05-24T18:33:08","modified_gmt":"2019-05-24T21:33:08","slug":"chiara-mainetti-se-quedo-con-los-12k-de-villa-la-angostura","status":"publish","type":"post","link":"https:\/\/www.hoymercedes.com.ar\/principal\/2019\/05\/26\/chiara-mainetti-se-quedo-con-los-12k-de-villa-la-angostura\/","title":{"rendered":"Chiara Mainetti se qued\u00f3 con los 12k de Villa La Angostura"},"content":{"rendered":"\n<p>barilocheopina.com   La novena edici\u00f3n de la competencia de monta\u00f1a tuvo lugar el pasado fin de semana en Villa la Angostura y fueron varios los barilochenses que participaron logrando muy buenos resultados.<\/p>\n\n\n\n<figure class=\"wp-block-image\"><img loading=\"lazy\" decoding=\"async\" width=\"960\" height=\"641\" data-attachment-id=\"93673\" data-permalink=\"https:\/\/www.hoymercedes.com.ar\/principal\/2019\/05\/26\/chiara-mainetti-se-quedo-con-los-12k-de-villa-la-angostura\/chiara-mainetti-3\/#main\" data-orig-file=\"https:\/\/www.hoymercedes.com.ar\/principal\/wp-content\/uploads\/2019\/05\/Chiara-Mainetti.jpg\" data-orig-size=\"960,641\" data-comments-opened=\"0\" data-image-meta=\"{&quot;aperture&quot;:&quot;0&quot;,&quot;credit&quot;:&quot;&quot;,&quot;camera&quot;:&quot;&quot;,&quot;caption&quot;:&quot;&quot;,&quot;created_timestamp&quot;:&quot;0&quot;,&quot;copyright&quot;:&quot;&quot;,&quot;focal_length&quot;:&quot;0&quot;,&quot;iso&quot;:&quot;0&quot;,&quot;shutter_speed&quot;:&quot;0&quot;,&quot;title&quot;:&quot;&quot;,&quot;orientation&quot;:&quot;0&quot;}\" data-image-title=\"Chiara-Mainetti\" data-image-description=\"\" data-image-caption=\"\" data-large-file=\"https:\/\/www.hoymercedes.com.ar\/principal\/wp-content\/uploads\/2019\/05\/Chiara-Mainetti.jpg\" src=\"https:\/\/www.hoymercedes.com.ar\/principal\/wp-content\/uploads\/2019\/05\/Chiara-Mainetti.jpg\" alt=\"\" class=\"wp-image-93673\" srcset=\"https:\/\/www.hoymercedes.com.ar\/principal\/wp-content\/uploads\/2019\/05\/Chiara-Mainetti.jpg 960w, https:\/\/www.hoymercedes.com.ar\/principal\/wp-content\/uploads\/2019\/05\/Chiara-Mainetti-150x100.jpg 150w, https:\/\/www.hoymercedes.com.ar\/principal\/wp-content\/uploads\/2019\/05\/Chiara-Mainetti-630x421.jpg 630w, https:\/\/www.hoymercedes.com.ar\/principal\/wp-content\/uploads\/2019\/05\/Chiara-Mainetti-720x480.jpg 720w, https:\/\/www.hoymercedes.com.ar\/principal\/wp-content\/uploads\/2019\/05\/Chiara-Mainetti-360x240.jpg 360w\" sizes=\"auto, (max-width: 960px) 100vw, 960px\" \/><\/figure>\n\n\n\n<p>Con distancias de 60k, 42k, 21k, 12k y 8k, 600 corredores de todo el pa\u00eds se dieron cita en&nbsp;<strong>Villa la Angostura<\/strong>&nbsp;para la novena edici\u00f3n de la<strong>&nbsp;Traves\u00eda de los Cerros<\/strong>&nbsp;que organiza B\u00fasqueda y Rescate en Zonas Agrestres local.<\/p>\n\n\n\n<p>La competencia considerada una de las m\u00e1s exigentes del trail running argentino fue en homenaje al rescatista Ra\u00fal Elgueta y tuvo su largada en Cerro Bayo, con un circuito fant\u00e1stico por los alrededores de la zona, una mezcla de bellos paisajes pintados de blancos y los t\u00edpicos colores del oto\u00f1o fueron el marco ideal para una muy buena carrera.<\/p>\n\n\n\n<p>En los 12K la ganadora de la general fue la bonaerense Chiara Mainetti, mientras que el de nuestra ciudad Francisco V\u00e1zquez fue sexto y gan\u00f3 su categor\u00eda (Master C: 50 a 55). Por \u00faltimo en los 8K, el zapalino &nbsp;Hern\u00e1n Omar Elgueta fue el m\u00e1s r\u00e1pido, mientras que Silvina Cides de Bariloche fue 12\u00ba en la general total, segunda entre las damas y ganadora de Senior B (35 a 39 a\u00f1os).<br><\/p>\n","protected":false},"excerpt":{"rendered":"<p>barilocheopina.com La novena edici\u00f3n de la competencia de monta\u00f1a tuvo lugar el pasado fin de semana en Villa la Angostura &#8230; <a title=\"Chiara Mainetti se qued\u00f3 con los 12k de Villa La Angostura\" class=\"read-more\" href=\"https:\/\/www.hoymercedes.com.ar\/principal\/2019\/05\/26\/chiara-mainetti-se-quedo-con-los-12k-de-villa-la-angostura\/\" aria-label=\"Leer m\u00e1s sobre Chiara Mainetti se qued\u00f3 con los 12k de Villa La Angostura\">Leer m\u00e1s<\/a><\/p>\n","protected":false},"author":1,"featured_media":93673,"comment_status":"closed","ping_status":"open","sticky":false,"template":"","format":"standard","meta":{"_monsterinsights_skip_tracking":false,"_monsterinsights_sitenote_active":false,"_monsterinsights_sitenote_note":"","_monsterinsights_sitenote_category":0,"jetpack_post_was_ever_published":false,"_jetpack_newsletter_access":"","_jetpack_dont_email_post_to_subs":false,"_jetpack_newsletter_tier_id":0,"_jetpack_memberships_contains_paywalled_content":false,"_jetpack_memberships_contains_paid_content":false,"footnotes":"","jetpack_publicize_message":"","jetpack_publicize_feature_enabled":true,"jetpack_social_post_already_shared":true,"jetpack_social_options":{"image_generator_settings":{"template":"highway","default_image_id":0,"font":"","enabled":false},"version":2},"_wpas_customize_per_network":false},"categories":[21],"tags":[15163,15161,15164],"class_list":["post-93672","post","type-post","status-publish","format-standard","has-post-thumbnail","hentry","category-deportes","tag-12k-bariloche","tag-chiaria-mainetti","tag-villa-la-angostura","generate-columns","tablet-grid-50","mobile-grid-100","grid-parent","grid-50"],"jetpack_publicize_connections":[],"jetpack_featured_media_url":"https:\/\/www.hoymercedes.com.ar\/principal\/wp-content\/uploads\/2019\/05\/Chiara-Mainetti.jpg","wps_subtitle":"Atletismo","jetpack_sharing_enabled":true,"_links":{"self":[{"href":"https:\/\/www.hoymercedes.com.ar\/principal\/wp-json\/wp\/v2\/posts\/93672","targetHints":{"allow":["GET"]}}],"collection":[{"href":"https:\/\/www.hoymercedes.com.ar\/principal\/wp-json\/wp\/v2\/posts"}],"about":[{"href":"https:\/\/www.hoymercedes.com.ar\/principal\/wp-json\/wp\/v2\/types\/post"}],"author":[{"embeddable":true,"href":"https:\/\/www.hoymercedes.com.ar\/principal\/wp-json\/wp\/v2\/users\/1"}],"replies":[{"embeddable":true,"href":"https:\/\/www.hoymercedes.com.ar\/principal\/wp-json\/wp\/v2\/comments?post=93672"}],"version-history":[{"count":0,"href":"https:\/\/www.hoymercedes.com.ar\/principal\/wp-json\/wp\/v2\/posts\/93672\/revisions"}],"wp:featuredmedia":[{"embeddable":true,"href":"https:\/\/www.hoymercedes.com.ar\/principal\/wp-json\/wp\/v2\/media\/93673"}],"wp:attachment":[{"href":"https:\/\/www.hoymercedes.com.ar\/principal\/wp-json\/wp\/v2\/media?parent=93672"}],"wp:term":[{"taxonomy":"category","embeddable":true,"href":"https:\/\/www.hoymercedes.com.ar\/principal\/wp-json\/wp\/v2\/categories?post=93672"},{"taxonomy":"post_tag","embeddable":true,"href":"https:\/\/www.hoymercedes.com.ar\/principal\/wp-json\/wp\/v2\/tags?post=93672"}],"curies":[{"name":"wp","href":"https:\/\/api.w.org\/{rel}","templated":true}]}}