{"id":93689,"date":"2019-05-24T23:30:16","date_gmt":"2019-05-25T02:30:16","guid":{"rendered":"http:\/\/www.hoymercedes.com.ar\/principal\/?p=93689"},"modified":"2019-05-25T11:17:27","modified_gmt":"2019-05-25T14:17:27","slug":"todo-listo-para-el-tradicional-desfile-del-25-de-mayo","status":"publish","type":"post","link":"https:\/\/www.hoymercedes.com.ar\/principal\/2019\/05\/24\/todo-listo-para-el-tradicional-desfile-del-25-de-mayo\/","title":{"rendered":"Todo listo para el tradicional desfile del 25 de Mayo"},"content":{"rendered":"\n<figure class=\"wp-block-image\"><img loading=\"lazy\" decoding=\"async\" width=\"1024\" height=\"734\" data-attachment-id=\"93690\" data-permalink=\"https:\/\/www.hoymercedes.com.ar\/principal\/2019\/05\/24\/todo-listo-para-el-tradicional-desfile-del-25-de-mayo\/25demayo\/#main\" data-orig-file=\"https:\/\/www.hoymercedes.com.ar\/principal\/wp-content\/uploads\/2019\/05\/25deMayo.jpeg\" data-orig-size=\"1280,917\" data-comments-opened=\"0\" data-image-meta=\"{&quot;aperture&quot;:&quot;0&quot;,&quot;credit&quot;:&quot;&quot;,&quot;camera&quot;:&quot;&quot;,&quot;caption&quot;:&quot;&quot;,&quot;created_timestamp&quot;:&quot;0&quot;,&quot;copyright&quot;:&quot;&quot;,&quot;focal_length&quot;:&quot;0&quot;,&quot;iso&quot;:&quot;0&quot;,&quot;shutter_speed&quot;:&quot;0&quot;,&quot;title&quot;:&quot;&quot;,&quot;orientation&quot;:&quot;0&quot;}\" data-image-title=\"25deMayo\" data-image-description=\"\" data-image-caption=\"\" data-large-file=\"https:\/\/www.hoymercedes.com.ar\/principal\/wp-content\/uploads\/2019\/05\/25deMayo-1024x734.jpeg\" src=\"https:\/\/www.hoymercedes.com.ar\/principal\/wp-content\/uploads\/2019\/05\/25deMayo-1024x734.jpeg\" alt=\"\" class=\"wp-image-93690\" srcset=\"https:\/\/www.hoymercedes.com.ar\/principal\/wp-content\/uploads\/2019\/05\/25deMayo-1024x734.jpeg 1024w, https:\/\/www.hoymercedes.com.ar\/principal\/wp-content\/uploads\/2019\/05\/25deMayo-150x107.jpeg 150w, https:\/\/www.hoymercedes.com.ar\/principal\/wp-content\/uploads\/2019\/05\/25deMayo-630x451.jpeg 630w, https:\/\/www.hoymercedes.com.ar\/principal\/wp-content\/uploads\/2019\/05\/25deMayo.jpeg 1280w\" sizes=\"auto, (max-width: 1024px) 100vw, 1024px\" \/><figcaption>Invitaci\u00f3n<\/figcaption><\/figure>\n\n\n\n<p>Desde las 14hs este s\u00e1bado 25 de\nmayo se vivir\u00e1 en Mercedes un nuevo desfile c\u00edvico. La propuesta es como cada\na\u00f1o en avenida 29. Habr\u00e1 gran asistencia de instituciones, escuelas, clubes,\nfuerzas de seguridad y representaciones sociales. Plaza San Mart\u00edn, adem\u00e1s,\ncontar\u00e1 con entretenimientos para toda la familia, adem\u00e1s de una rica\nchocolatada en el d\u00eda patrio.<\/p>\n\n\n\n<p>La fiesta del 25 de Mayo\narrancar\u00e1 a las 14hs con el tradicional desfile, pero, a las 10hs, se prev\u00e9 la\nparticipaci\u00f3n de autoridades e instituciones en el Tedeum en Bas\u00edlica Catedral.\n<\/p>\n\n\n\n<p><strong>Solidaridad<\/strong><\/p>\n\n\n\n<p>En la plaza encontraremos, como\nen a\u00f1os anteriores, centros de estudiantes y colegios secundarios vendiendo\ntortas y dulces, como una manera de recaudar fondos para sus distintas\nactividades. <\/p>\n\n\n\n<p><strong>Men\u00fas<\/strong><\/p>\n\n\n\n<p>Se prev\u00e9, tambi\u00e9n, que los\nrestaurantes del radio c\u00e9ntrico preparen comidas t\u00edpicas, especialmente\nvinculadas a la fecha. <\/p>\n\n\n\n<p><strong>Instituciones<\/strong><\/p>\n\n\n\n<p>Se prev\u00e9 Gendarmer\u00eda abra el\ndesfile y que participen gran cantidad de vecinos marchando por avenida 29,\ndesde distintas instituciones y representaciones sociales. <\/p>\n\n\n\n<p><strong>Plaza<\/strong><\/p>\n\n\n\n<p>Payaso Pelambre, kermesse,\ninflables, m\u00fasica, habr\u00e1 un gran marco para que las familias mercedinas\ndisfruten a pleno de este 25 de mayo. <\/p>\n","protected":false},"excerpt":{"rendered":"<p>Desde las 14hs este s\u00e1bado 25 de mayo se vivir\u00e1 en Mercedes un nuevo desfile c\u00edvico. La propuesta es como &#8230; <a title=\"Todo listo para el tradicional desfile del 25 de Mayo\" class=\"read-more\" href=\"https:\/\/www.hoymercedes.com.ar\/principal\/2019\/05\/24\/todo-listo-para-el-tradicional-desfile-del-25-de-mayo\/\" aria-label=\"Leer m\u00e1s sobre Todo listo para el tradicional desfile del 25 de Mayo\">Leer m\u00e1s<\/a><\/p>\n","protected":false},"author":1,"featured_media":93690,"comment_status":"closed","ping_status":"open","sticky":false,"template":"","format":"standard","meta":{"_monsterinsights_skip_tracking":false,"_monsterinsights_sitenote_active":false,"_monsterinsights_sitenote_note":"","_monsterinsights_sitenote_category":0,"jetpack_post_was_ever_published":false,"_jetpack_newsletter_access":"","_jetpack_dont_email_post_to_subs":false,"_jetpack_newsletter_tier_id":0,"_jetpack_memberships_contains_paywalled_content":false,"_jetpack_memberships_contains_paid_content":false,"footnotes":"","jetpack_publicize_message":"","jetpack_publicize_feature_enabled":true,"jetpack_social_post_already_shared":true,"jetpack_social_options":{"image_generator_settings":{"template":"highway","default_image_id":0,"font":"","enabled":false},"version":2},"_wpas_customize_per_network":false},"categories":[104],"tags":[8697,7805,15107,244],"class_list":["post-93689","post","type-post","status-publish","format-standard","has-post-thumbnail","hentry","category-cultura","tag-comunidad","tag-cultura","tag-desfile-patrio","tag-municipio-2","generate-columns","tablet-grid-50","mobile-grid-100","grid-parent","grid-50"],"jetpack_publicize_connections":[],"jetpack_featured_media_url":"https:\/\/www.hoymercedes.com.ar\/principal\/wp-content\/uploads\/2019\/05\/25deMayo.jpeg","wps_subtitle":"Participaci\u00f3n ciudadana","jetpack_sharing_enabled":true,"_links":{"self":[{"href":"https:\/\/www.hoymercedes.com.ar\/principal\/wp-json\/wp\/v2\/posts\/93689","targetHints":{"allow":["GET"]}}],"collection":[{"href":"https:\/\/www.hoymercedes.com.ar\/principal\/wp-json\/wp\/v2\/posts"}],"about":[{"href":"https:\/\/www.hoymercedes.com.ar\/principal\/wp-json\/wp\/v2\/types\/post"}],"author":[{"embeddable":true,"href":"https:\/\/www.hoymercedes.com.ar\/principal\/wp-json\/wp\/v2\/users\/1"}],"replies":[{"embeddable":true,"href":"https:\/\/www.hoymercedes.com.ar\/principal\/wp-json\/wp\/v2\/comments?post=93689"}],"version-history":[{"count":0,"href":"https:\/\/www.hoymercedes.com.ar\/principal\/wp-json\/wp\/v2\/posts\/93689\/revisions"}],"wp:featuredmedia":[{"embeddable":true,"href":"https:\/\/www.hoymercedes.com.ar\/principal\/wp-json\/wp\/v2\/media\/93690"}],"wp:attachment":[{"href":"https:\/\/www.hoymercedes.com.ar\/principal\/wp-json\/wp\/v2\/media?parent=93689"}],"wp:term":[{"taxonomy":"category","embeddable":true,"href":"https:\/\/www.hoymercedes.com.ar\/principal\/wp-json\/wp\/v2\/categories?post=93689"},{"taxonomy":"post_tag","embeddable":true,"href":"https:\/\/www.hoymercedes.com.ar\/principal\/wp-json\/wp\/v2\/tags?post=93689"}],"curies":[{"name":"wp","href":"https:\/\/api.w.org\/{rel}","templated":true}]}}