{"id":93696,"date":"2019-05-26T12:34:35","date_gmt":"2019-05-26T15:34:35","guid":{"rendered":"http:\/\/www.hoymercedes.com.ar\/principal\/?p=93696"},"modified":"2019-05-26T12:36:36","modified_gmt":"2019-05-26T15:36:36","slug":"ernesto-rissola-participo-del-congreso-maie-argentina","status":"publish","type":"post","link":"https:\/\/www.hoymercedes.com.ar\/principal\/2019\/05\/26\/ernesto-rissola-participo-del-congreso-maie-argentina\/","title":{"rendered":"Ernesto R\u00edssola particip\u00f3 del congreso MAIE Argentina"},"content":{"rendered":"\n<p>En la jornada del d\u00eda s\u00e1bado 25 de mayo, se llev\u00f3 adelante el Congreso MAIE Argentina. Del mismo particip\u00f3 Ernesto R\u00edssola, titular de la Sociedad Italiana de Mercedes, acompa\u00f1ado por su par de Navarro, Mariano Tomatis. <\/p>\n\n\n\n<figure class=\"wp-block-image\"><img loading=\"lazy\" decoding=\"async\" width=\"750\" height=\"500\" data-attachment-id=\"93796\" data-permalink=\"https:\/\/www.hoymercedes.com.ar\/principal\/2019\/05\/26\/ernesto-rissola-participo-del-congreso-maie-argentina\/26-rissola-1\/#main\" data-orig-file=\"https:\/\/www.hoymercedes.com.ar\/principal\/wp-content\/uploads\/2019\/05\/26-rissola-1.jpg\" data-orig-size=\"750,500\" data-comments-opened=\"0\" data-image-meta=\"{&quot;aperture&quot;:&quot;0&quot;,&quot;credit&quot;:&quot;&quot;,&quot;camera&quot;:&quot;&quot;,&quot;caption&quot;:&quot;&quot;,&quot;created_timestamp&quot;:&quot;0&quot;,&quot;copyright&quot;:&quot;&quot;,&quot;focal_length&quot;:&quot;0&quot;,&quot;iso&quot;:&quot;0&quot;,&quot;shutter_speed&quot;:&quot;0&quot;,&quot;title&quot;:&quot;&quot;,&quot;orientation&quot;:&quot;0&quot;}\" data-image-title=\"26 rissola 1\" data-image-description=\"\" data-image-caption=\"\" data-large-file=\"https:\/\/www.hoymercedes.com.ar\/principal\/wp-content\/uploads\/2019\/05\/26-rissola-1.jpg\" src=\"https:\/\/www.hoymercedes.com.ar\/principal\/wp-content\/uploads\/2019\/05\/26-rissola-1.jpg\" alt=\"\" class=\"wp-image-93796\" srcset=\"https:\/\/www.hoymercedes.com.ar\/principal\/wp-content\/uploads\/2019\/05\/26-rissola-1.jpg 750w, https:\/\/www.hoymercedes.com.ar\/principal\/wp-content\/uploads\/2019\/05\/26-rissola-1-150x100.jpg 150w, https:\/\/www.hoymercedes.com.ar\/principal\/wp-content\/uploads\/2019\/05\/26-rissola-1-630x420.jpg 630w, https:\/\/www.hoymercedes.com.ar\/principal\/wp-content\/uploads\/2019\/05\/26-rissola-1-720x480.jpg 720w, https:\/\/www.hoymercedes.com.ar\/principal\/wp-content\/uploads\/2019\/05\/26-rissola-1-360x240.jpg 360w\" sizes=\"auto, (max-width: 750px) 100vw, 750px\" \/><\/figure>\n\n\n\n<p>Durante la jornada del Movimiento Asociativo de Italianos en el Exterior, los presidentes de la Sociedades Italianas de Mercedes y Navarro, R\u00edssola y Tomatis, tuvieron la oportunidad de mantener un encuentro con el Senador Ricardo Merlo, subsecretario de Estado de Italia y Presidente del MAIE. <\/p>\n\n\n\n<p>El Congreso del cual participaron dirigentes italianos de distintos lugares de  Argentina trat\u00f3 temas centrales para la comunidad italiana en el exterior. Entre ellos, el mejoramiento de las redes consulares, la importancia de la participaci\u00f3n del Senador Merlo en el Gobierno Italiano y las pr\u00f3ximas elecciones de COMITES para principio del 2020, as\u00ed como la fuerte organizaci\u00f3n que deber\u00e1n en forma inmediata proponerse los integrante de tan importante movimiento. <\/p>\n\n\n\n<figure class=\"wp-block-image\"><img loading=\"lazy\" decoding=\"async\" width=\"750\" height=\"500\" data-attachment-id=\"93797\" data-permalink=\"https:\/\/www.hoymercedes.com.ar\/principal\/2019\/05\/26\/ernesto-rissola-participo-del-congreso-maie-argentina\/26-rissola-2\/#main\" data-orig-file=\"https:\/\/www.hoymercedes.com.ar\/principal\/wp-content\/uploads\/2019\/05\/26-rissola-2.jpg\" data-orig-size=\"750,500\" data-comments-opened=\"0\" data-image-meta=\"{&quot;aperture&quot;:&quot;0&quot;,&quot;credit&quot;:&quot;&quot;,&quot;camera&quot;:&quot;&quot;,&quot;caption&quot;:&quot;&quot;,&quot;created_timestamp&quot;:&quot;0&quot;,&quot;copyright&quot;:&quot;&quot;,&quot;focal_length&quot;:&quot;0&quot;,&quot;iso&quot;:&quot;0&quot;,&quot;shutter_speed&quot;:&quot;0&quot;,&quot;title&quot;:&quot;&quot;,&quot;orientation&quot;:&quot;0&quot;}\" data-image-title=\"26 rissola 2\" data-image-description=\"\" data-image-caption=\"\" data-large-file=\"https:\/\/www.hoymercedes.com.ar\/principal\/wp-content\/uploads\/2019\/05\/26-rissola-2.jpg\" src=\"https:\/\/www.hoymercedes.com.ar\/principal\/wp-content\/uploads\/2019\/05\/26-rissola-2.jpg\" alt=\"\" class=\"wp-image-93797\" srcset=\"https:\/\/www.hoymercedes.com.ar\/principal\/wp-content\/uploads\/2019\/05\/26-rissola-2.jpg 750w, https:\/\/www.hoymercedes.com.ar\/principal\/wp-content\/uploads\/2019\/05\/26-rissola-2-150x100.jpg 150w, https:\/\/www.hoymercedes.com.ar\/principal\/wp-content\/uploads\/2019\/05\/26-rissola-2-630x420.jpg 630w, https:\/\/www.hoymercedes.com.ar\/principal\/wp-content\/uploads\/2019\/05\/26-rissola-2-720x480.jpg 720w, https:\/\/www.hoymercedes.com.ar\/principal\/wp-content\/uploads\/2019\/05\/26-rissola-2-360x240.jpg 360w\" sizes=\"auto, (max-width: 750px) 100vw, 750px\" \/><\/figure>\n","protected":false},"excerpt":{"rendered":"<p>En la jornada del d\u00eda s\u00e1bado 25 de mayo, se llev\u00f3 adelante el Congreso MAIE Argentina. Del mismo particip\u00f3 Ernesto &#8230; <a title=\"Ernesto R\u00edssola particip\u00f3 del congreso MAIE Argentina\" class=\"read-more\" href=\"https:\/\/www.hoymercedes.com.ar\/principal\/2019\/05\/26\/ernesto-rissola-participo-del-congreso-maie-argentina\/\" aria-label=\"Leer m\u00e1s sobre Ernesto R\u00edssola particip\u00f3 del congreso MAIE Argentina\">Leer m\u00e1s<\/a><\/p>\n","protected":false},"author":1,"featured_media":93797,"comment_status":"closed","ping_status":"open","sticky":false,"template":"","format":"standard","meta":{"_monsterinsights_skip_tracking":false,"_monsterinsights_sitenote_active":false,"_monsterinsights_sitenote_note":"","_monsterinsights_sitenote_category":0,"jetpack_post_was_ever_published":false,"_jetpack_newsletter_access":"","_jetpack_dont_email_post_to_subs":false,"_jetpack_newsletter_tier_id":0,"_jetpack_memberships_contains_paywalled_content":false,"_jetpack_memberships_contains_paid_content":false,"footnotes":"","jetpack_publicize_message":"","jetpack_publicize_feature_enabled":true,"jetpack_social_post_already_shared":true,"jetpack_social_options":{"image_generator_settings":{"template":"highway","default_image_id":0,"font":"","enabled":false},"version":2},"_wpas_customize_per_network":false},"categories":[8],"tags":[10444,15173,7802,12381],"class_list":["post-93696","post","type-post","status-publish","format-standard","has-post-thumbnail","hentry","category-sociedad","tag-ernesto-rissola","tag-maie-argentina","tag-sociedad","tag-sociedad-italiana-mercedes","generate-columns","tablet-grid-50","mobile-grid-100","grid-parent","grid-50"],"jetpack_publicize_connections":[],"jetpack_featured_media_url":"https:\/\/www.hoymercedes.com.ar\/principal\/wp-content\/uploads\/2019\/05\/26-rissola-2.jpg","wps_subtitle":"Italianos en el exterior","jetpack_sharing_enabled":true,"_links":{"self":[{"href":"https:\/\/www.hoymercedes.com.ar\/principal\/wp-json\/wp\/v2\/posts\/93696","targetHints":{"allow":["GET"]}}],"collection":[{"href":"https:\/\/www.hoymercedes.com.ar\/principal\/wp-json\/wp\/v2\/posts"}],"about":[{"href":"https:\/\/www.hoymercedes.com.ar\/principal\/wp-json\/wp\/v2\/types\/post"}],"author":[{"embeddable":true,"href":"https:\/\/www.hoymercedes.com.ar\/principal\/wp-json\/wp\/v2\/users\/1"}],"replies":[{"embeddable":true,"href":"https:\/\/www.hoymercedes.com.ar\/principal\/wp-json\/wp\/v2\/comments?post=93696"}],"version-history":[{"count":0,"href":"https:\/\/www.hoymercedes.com.ar\/principal\/wp-json\/wp\/v2\/posts\/93696\/revisions"}],"wp:featuredmedia":[{"embeddable":true,"href":"https:\/\/www.hoymercedes.com.ar\/principal\/wp-json\/wp\/v2\/media\/93797"}],"wp:attachment":[{"href":"https:\/\/www.hoymercedes.com.ar\/principal\/wp-json\/wp\/v2\/media?parent=93696"}],"wp:term":[{"taxonomy":"category","embeddable":true,"href":"https:\/\/www.hoymercedes.com.ar\/principal\/wp-json\/wp\/v2\/categories?post=93696"},{"taxonomy":"post_tag","embeddable":true,"href":"https:\/\/www.hoymercedes.com.ar\/principal\/wp-json\/wp\/v2\/tags?post=93696"}],"curies":[{"name":"wp","href":"https:\/\/api.w.org\/{rel}","templated":true}]}}