{"id":93699,"date":"2019-05-25T09:26:24","date_gmt":"2019-05-25T12:26:24","guid":{"rendered":"http:\/\/www.hoymercedes.com.ar\/principal\/?p=93699"},"modified":"2019-05-25T11:50:34","modified_gmt":"2019-05-25T14:50:34","slug":"teatro-en-saba-no-sufras-por-mi","status":"publish","type":"post","link":"https:\/\/www.hoymercedes.com.ar\/principal\/2019\/05\/25\/teatro-en-saba-no-sufras-por-mi\/","title":{"rendered":"Teatro en SABA: \u00abNo sufras por m\u00ed\u00bb"},"content":{"rendered":"\n<p>La Comedia del Pilar presenta en SABA Centro de Arte una obra de Hern\u00e1n Nemi. Un homenaje a Nora Corti\u00f1as, una Madre de Plaza de Mayo luchadora y solidaria con toda causa justa. La obra se presentar\u00e1 este 25 de mayo, 20 horas, en la sala de calle 41 N\u00b0 477. Adelantaron que la presentaci\u00f3n terminar\u00e1 con una charla con el autor y con \u00abNorita\u00bb que confirm\u00f3 su presencia. <\/p>\n\n\n\n<p>\u00abEn los a\u00f1os \u00b470 fue un ama de casa dedicada a sus tareas cotidianas y preocupada por el creciente compromiso social de su hijo Gustavo, que implicaba riesgos que esa madre afectuosa intu\u00eda\u00bb, explican a la hora de contar qui\u00e9n es Nora Corti\u00f1as. <\/p>\n\n\n\n<p>La pieza teatral \u201cNo sufras por m\u00ed\u201d de Hern\u00e1n Nemi, muestra dos mundos: aquella mujer conflictuada entre sus ideales solidarios, la peligrosa militancia de su hijo y su rol de madre por un lado, y una misma mujer que un d\u00eda cambia para siempre. <\/p>\n\n\n\n<p>\u00abAs\u00ed conocemos la vida de Norita hoy, incansable, que con 88 a\u00f1os sigue acompa\u00f1ando a aquellos que m\u00e1s sufren\u00bb, agregan desde SABA Centro de Arte haciendo hincapi\u00e9 en la presencia Nora Coti\u00f1as en nuestra ciudad, nuevamente en esta semana, para participar de una charla luego de la representaci\u00f3n teatral. <\/p>\n\n\n\n<p>La puesta en escena de \u00abNo Sufras por M\u00ed\u00bb est\u00e1 dirigida por Mart\u00edn Simeoni. Act\u00faan Susana Lupi como Nora mayor y Alicia Bureau como Nora joven. La funci\u00f3n es a la hora 20 del s\u00e1bado 25 de mayo, en SABA Centro de Arte (calle 41 N\u00b0 477). Reservas de entradas: Gabriela Lorusso tel\u00e9fono 2324 &#8211; 15 &#8211; 461434 <\/p>\n","protected":false},"excerpt":{"rendered":"<p>La Comedia del Pilar presenta en SABA Centro de Arte una obra de Hern\u00e1n Nemi. Un homenaje a Nora Corti\u00f1as, &#8230; <a title=\"Teatro en SABA: \u00abNo sufras por m\u00ed\u00bb\" class=\"read-more\" href=\"https:\/\/www.hoymercedes.com.ar\/principal\/2019\/05\/25\/teatro-en-saba-no-sufras-por-mi\/\" aria-label=\"Leer m\u00e1s sobre Teatro en SABA: \u00abNo sufras por m\u00ed\u00bb\">Leer m\u00e1s<\/a><\/p>\n","protected":false},"author":1,"featured_media":93701,"comment_status":"closed","ping_status":"open","sticky":false,"template":"","format":"standard","meta":{"_monsterinsights_skip_tracking":false,"_monsterinsights_sitenote_active":false,"_monsterinsights_sitenote_note":"","_monsterinsights_sitenote_category":0,"jetpack_post_was_ever_published":false,"_jetpack_newsletter_access":"","_jetpack_dont_email_post_to_subs":false,"_jetpack_newsletter_tier_id":0,"_jetpack_memberships_contains_paywalled_content":false,"_jetpack_memberships_contains_paid_content":false,"footnotes":"","jetpack_publicize_message":"","jetpack_publicize_feature_enabled":true,"jetpack_social_post_already_shared":true,"jetpack_social_options":{"image_generator_settings":{"template":"highway","default_image_id":0,"font":"","enabled":false},"version":2},"_wpas_customize_per_network":false},"categories":[104],"tags":[7805,11892,1180],"class_list":["post-93699","post","type-post","status-publish","format-standard","has-post-thumbnail","hentry","category-cultura","tag-cultura","tag-saba-centro-de-arte","tag-teatro","generate-columns","tablet-grid-50","mobile-grid-100","grid-parent","grid-50"],"jetpack_publicize_connections":[],"jetpack_featured_media_url":"https:\/\/www.hoymercedes.com.ar\/principal\/wp-content\/uploads\/2019\/05\/25-teatro-SABA.jpg","wps_subtitle":"","jetpack_sharing_enabled":true,"_links":{"self":[{"href":"https:\/\/www.hoymercedes.com.ar\/principal\/wp-json\/wp\/v2\/posts\/93699","targetHints":{"allow":["GET"]}}],"collection":[{"href":"https:\/\/www.hoymercedes.com.ar\/principal\/wp-json\/wp\/v2\/posts"}],"about":[{"href":"https:\/\/www.hoymercedes.com.ar\/principal\/wp-json\/wp\/v2\/types\/post"}],"author":[{"embeddable":true,"href":"https:\/\/www.hoymercedes.com.ar\/principal\/wp-json\/wp\/v2\/users\/1"}],"replies":[{"embeddable":true,"href":"https:\/\/www.hoymercedes.com.ar\/principal\/wp-json\/wp\/v2\/comments?post=93699"}],"version-history":[{"count":0,"href":"https:\/\/www.hoymercedes.com.ar\/principal\/wp-json\/wp\/v2\/posts\/93699\/revisions"}],"wp:featuredmedia":[{"embeddable":true,"href":"https:\/\/www.hoymercedes.com.ar\/principal\/wp-json\/wp\/v2\/media\/93701"}],"wp:attachment":[{"href":"https:\/\/www.hoymercedes.com.ar\/principal\/wp-json\/wp\/v2\/media?parent=93699"}],"wp:term":[{"taxonomy":"category","embeddable":true,"href":"https:\/\/www.hoymercedes.com.ar\/principal\/wp-json\/wp\/v2\/categories?post=93699"},{"taxonomy":"post_tag","embeddable":true,"href":"https:\/\/www.hoymercedes.com.ar\/principal\/wp-json\/wp\/v2\/tags?post=93699"}],"curies":[{"name":"wp","href":"https:\/\/api.w.org\/{rel}","templated":true}]}}