{"id":9372,"date":"2011-11-25T16:38:29","date_gmt":"2011-11-25T16:38:29","guid":{"rendered":"http:\/\/www.hoymercedes.com.ar\/principal\/?p=9372"},"modified":"2011-11-29T01:24:55","modified_gmt":"2011-11-29T01:24:55","slug":"se-celebro-un-casamiento-en-unidad-5","status":"publish","type":"post","link":"https:\/\/www.hoymercedes.com.ar\/principal\/2011\/11\/25\/se-celebro-un-casamiento-en-unidad-5\/","title":{"rendered":"Se celebr\u00f3 un casamiento en Unidad 5"},"content":{"rendered":"<p><a href=\"https:\/\/www.hoymercedes.com.ar\/principal\/wp-content\/uploads\/2011\/11\/CasamientoUnidad5.jpg\"><img loading=\"lazy\" decoding=\"async\" data-attachment-id=\"9374\" data-permalink=\"https:\/\/www.hoymercedes.com.ar\/principal\/2011\/11\/25\/se-celebro-un-casamiento-en-unidad-5\/casamientounidad5\/#main\" data-orig-file=\"https:\/\/www.hoymercedes.com.ar\/principal\/wp-content\/uploads\/2011\/11\/CasamientoUnidad5.jpg\" data-orig-size=\"612,459\" data-comments-opened=\"1\" data-image-meta=\"{&quot;aperture&quot;:&quot;2.8&quot;,&quot;credit&quot;:&quot;&quot;,&quot;camera&quot;:&quot;KODAK EASYSHARE V1003 ZOOM DIGITAL CAMERA&quot;,&quot;caption&quot;:&quot;&quot;,&quot;created_timestamp&quot;:&quot;1275105375&quot;,&quot;copyright&quot;:&quot;&quot;,&quot;focal_length&quot;:&quot;7.5&quot;,&quot;iso&quot;:&quot;80&quot;,&quot;shutter_speed&quot;:&quot;0.016666666666667&quot;,&quot;title&quot;:&quot;&quot;}\" data-image-title=\"CasamientoUnidad5\" data-image-description=\"\" data-image-caption=\"\" data-large-file=\"https:\/\/www.hoymercedes.com.ar\/principal\/wp-content\/uploads\/2011\/11\/CasamientoUnidad5.jpg\" class=\"aligncenter size-full wp-image-9374\" title=\"CasamientoUnidad5\" src=\"https:\/\/www.hoymercedes.com.ar\/principal\/wp-content\/uploads\/2011\/11\/CasamientoUnidad5.jpg\" alt=\"\" width=\"612\" height=\"459\" \/><\/a><\/p>\n<p>El pasado\u00a0martes 22 de noviembre a las 10.30 de la ma\u00f1ana se celebr\u00f3 un casamiento civil en las instalaciones de la Unidad.<\/p>\n<p>El Delegado del Registro Provincial de las Personas en Mercedes, Dr. Marcos Falabella, llego junto a los libro, actas y libreta matrimonial, para realizar el casamiento entre Maria Eugenia y el interno Jes\u00fas, que quer\u00edan sellar su compromiso de manera civil.<\/p>\n<p>Conversamos con la pareja que nos contaban que luego de casi dos a\u00f1os de relaci\u00f3n, decidieron casarse, para formar una familia y vivir en el futuro junto y que tiene todo organizado y fue en acto de amor. Eugenia piensa con Jes\u00fas poner alg\u00fan emprendimiento astron\u00f3mico como sost\u00e9n de vida para Jes\u00fas y ella continuar con su trabajo.<\/p>\n<p>En una distendida y amena ceremonia, que lleva adelante el Delegado del Registro Civil, la novia dijo \u201cPoneme sobre tu coraz\u00f3n, como una marca sobre tu brazo, porque fuerte como la muerte es el amor, las muchas aguas no podr\u00e1n apagarlo ni aun los r\u00edos\u201d.<\/p>\n<p>Este a\u00f1o es el tercer casamiento en la Unidad 5 que se realiza, y se hace de acuerdo al requerimiento de los detenidos y por medio del trabajo sostenido del Personal del Servicio Penitenciario Bonaerense.<\/p>\n","protected":false},"excerpt":{"rendered":"<p>El pasado\u00a0martes 22 de noviembre a las 10.30 de la ma\u00f1ana se celebr\u00f3 un casamiento civil en las instalaciones de &#8230; <a title=\"Se celebr\u00f3 un casamiento en Unidad 5\" class=\"read-more\" href=\"https:\/\/www.hoymercedes.com.ar\/principal\/2011\/11\/25\/se-celebro-un-casamiento-en-unidad-5\/\" aria-label=\"Leer m\u00e1s sobre Se celebr\u00f3 un casamiento en Unidad 5\">Leer m\u00e1s<\/a><\/p>\n","protected":false},"author":1,"featured_media":0,"comment_status":"open","ping_status":"open","sticky":false,"template":"","format":"standard","meta":{"_monsterinsights_skip_tracking":false,"_monsterinsights_sitenote_active":false,"_monsterinsights_sitenote_note":"","_monsterinsights_sitenote_category":0,"jetpack_post_was_ever_published":false,"_jetpack_newsletter_access":"","_jetpack_dont_email_post_to_subs":false,"_jetpack_newsletter_tier_id":0,"_jetpack_memberships_contains_paywalled_content":false,"_jetpack_memberships_contains_paid_content":false,"footnotes":"","jetpack_publicize_message":"","jetpack_publicize_feature_enabled":true,"jetpack_social_post_already_shared":false,"jetpack_social_options":{"image_generator_settings":{"template":"highway","default_image_id":0,"font":"","enabled":false},"version":2},"_wpas_customize_per_network":false},"categories":[8],"tags":[1630,113],"class_list":["post-9372","post","type-post","status-publish","format-standard","hentry","category-sociedad","tag-casamiento","tag-unidad-5","generate-columns","tablet-grid-50","mobile-grid-100","grid-parent","grid-50"],"jetpack_publicize_connections":[],"jetpack_featured_media_url":"","wps_subtitle":"","jetpack_sharing_enabled":true,"_links":{"self":[{"href":"https:\/\/www.hoymercedes.com.ar\/principal\/wp-json\/wp\/v2\/posts\/9372","targetHints":{"allow":["GET"]}}],"collection":[{"href":"https:\/\/www.hoymercedes.com.ar\/principal\/wp-json\/wp\/v2\/posts"}],"about":[{"href":"https:\/\/www.hoymercedes.com.ar\/principal\/wp-json\/wp\/v2\/types\/post"}],"author":[{"embeddable":true,"href":"https:\/\/www.hoymercedes.com.ar\/principal\/wp-json\/wp\/v2\/users\/1"}],"replies":[{"embeddable":true,"href":"https:\/\/www.hoymercedes.com.ar\/principal\/wp-json\/wp\/v2\/comments?post=9372"}],"version-history":[{"count":0,"href":"https:\/\/www.hoymercedes.com.ar\/principal\/wp-json\/wp\/v2\/posts\/9372\/revisions"}],"wp:attachment":[{"href":"https:\/\/www.hoymercedes.com.ar\/principal\/wp-json\/wp\/v2\/media?parent=9372"}],"wp:term":[{"taxonomy":"category","embeddable":true,"href":"https:\/\/www.hoymercedes.com.ar\/principal\/wp-json\/wp\/v2\/categories?post=9372"},{"taxonomy":"post_tag","embeddable":true,"href":"https:\/\/www.hoymercedes.com.ar\/principal\/wp-json\/wp\/v2\/tags?post=9372"}],"curies":[{"name":"wp","href":"https:\/\/api.w.org\/{rel}","templated":true}]}}