{"id":93781,"date":"2019-05-26T09:56:29","date_gmt":"2019-05-26T12:56:29","guid":{"rendered":"http:\/\/www.hoymercedes.com.ar\/principal\/?p=93781"},"modified":"2019-05-26T09:57:42","modified_gmt":"2019-05-26T12:57:42","slug":"en-charla-abierta-con-los-vecinos-milhomme-ratifico-su-candidatura","status":"publish","type":"post","link":"https:\/\/www.hoymercedes.com.ar\/principal\/2019\/05\/26\/en-charla-abierta-con-los-vecinos-milhomme-ratifico-su-candidatura\/","title":{"rendered":"En charla abierta con los vecinos, Milhomme ratific\u00f3 su candidatura"},"content":{"rendered":"\n<p>Ante m\u00e1s de un centenar de vecinos y militantes congregados en la sede de la Agrupaci\u00f3n \u00ab17 de Octubre\u00bb, el pre candidato a Intendente por Alternativa Federal, Carlos Milhomme, ratific\u00f3 sus intenciones de \u201cconducir los destinos de la ciudad\u201d e invit\u00f3 \u00aba luchar por nuestros sue\u00f1os y construir entre todos la ciudad que queremos y merecemos\u201d.<\/p>\n\n\n\n<figure class=\"wp-block-image\"><img loading=\"lazy\" decoding=\"async\" width=\"750\" height=\"500\" data-attachment-id=\"93783\" data-permalink=\"https:\/\/www.hoymercedes.com.ar\/principal\/2019\/05\/26\/en-charla-abierta-con-los-vecinos-milhomme-ratifico-su-candidatura\/26-milhomme-fr-2\/#main\" data-orig-file=\"https:\/\/www.hoymercedes.com.ar\/principal\/wp-content\/uploads\/2019\/05\/26-Milhomme-FR-2.jpg\" data-orig-size=\"750,500\" data-comments-opened=\"0\" data-image-meta=\"{&quot;aperture&quot;:&quot;2&quot;,&quot;credit&quot;:&quot;&quot;,&quot;camera&quot;:&quot;Moto G (5S) Plus&quot;,&quot;caption&quot;:&quot;&quot;,&quot;created_timestamp&quot;:&quot;1558727142&quot;,&quot;copyright&quot;:&quot;&quot;,&quot;focal_length&quot;:&quot;3.59&quot;,&quot;iso&quot;:&quot;559&quot;,&quot;shutter_speed&quot;:&quot;0.03030303030303&quot;,&quot;title&quot;:&quot;&quot;,&quot;orientation&quot;:&quot;1&quot;}\" data-image-title=\"26 Milhomme FR 2\" data-image-description=\"\" data-image-caption=\"\" data-large-file=\"https:\/\/www.hoymercedes.com.ar\/principal\/wp-content\/uploads\/2019\/05\/26-Milhomme-FR-2.jpg\" src=\"https:\/\/www.hoymercedes.com.ar\/principal\/wp-content\/uploads\/2019\/05\/26-Milhomme-FR-2.jpg\" alt=\"\" class=\"wp-image-93783\" srcset=\"https:\/\/www.hoymercedes.com.ar\/principal\/wp-content\/uploads\/2019\/05\/26-Milhomme-FR-2.jpg 750w, https:\/\/www.hoymercedes.com.ar\/principal\/wp-content\/uploads\/2019\/05\/26-Milhomme-FR-2-150x100.jpg 150w, https:\/\/www.hoymercedes.com.ar\/principal\/wp-content\/uploads\/2019\/05\/26-Milhomme-FR-2-630x420.jpg 630w, https:\/\/www.hoymercedes.com.ar\/principal\/wp-content\/uploads\/2019\/05\/26-Milhomme-FR-2-720x480.jpg 720w, https:\/\/www.hoymercedes.com.ar\/principal\/wp-content\/uploads\/2019\/05\/26-Milhomme-FR-2-360x240.jpg 360w\" sizes=\"auto, (max-width: 750px) 100vw, 750px\" \/><\/figure>\n\n\n\n<p>El concejal del Frente Renovador PJ, quien anunci\u00f3 hace varios meses su pre candidatura a la intendencia por Alternativa Federal, encabez\u00f3 el pasado viernes una reuni\u00f3n ampliada en la sede partidaria. Milhomme, estuvo acompa\u00f1ado por el Diputado Nacional Carlos Selva y la ex presidenta del Consejo Escolar Maria Elena \u201cMaguy\u201d Oliva.<\/p>\n\n\n\n<p>\u201cLos invito a luchar por nuestros sue\u00f1os, quiero ser el intendente que represente a todos los mercedinos\u201d, enfatiz\u00f3 <strong>Carlos Milhomme<\/strong>, \u201c quiero en esta noche tan especial, donde compartimos este momento con tantos vecinos que nunca pisaron una agrupaci\u00f3n pol\u00edtica, sembrar en cada uno de ustedes la semilla de la esperanza, de la ilusi\u00f3n, quiero que juntos nos permitamos so\u00f1ar que podemos construir una ciudad para todos, sobre la base de los valores que nos dejaron nuestros padres y abuelos\u201d.<\/p>\n\n\n\n<p>Milhomme hizo un repaso de su carrera pol\u00edtica, ratific\u00f3 su pertenencia al Frente Renovador y a la Agrupaci\u00f3n Justicialista 17 de Octubre. En otro tramo de su exposici\u00f3n, destac\u00f3 el liderazgo y el ejemplo de Carlos Selva. \u201ccon este se\u00f1or que est\u00e1 al lado m\u00edo\u201d, indic\u00f3 Milhomme, se\u00f1alando al diputado Nacional y tres veces Intendente de Mercedes, a lo largo de m\u00e1s de doce a\u00f1os, hemos coincidido muchas veces\u00a0 y discrepado otras tantas, sin embargo; logramos forjar una relaci\u00f3n personal y pol\u00edtica basada en el respeto a la diversidad de opiniones, que es a mi modo de ver, un pilar indispensable para una verdadera\u00a0 construcci\u00f3n pol\u00edtica\u201d.<\/p>\n\n\n\n<figure class=\"wp-block-image\"><img loading=\"lazy\" decoding=\"async\" width=\"750\" height=\"500\" data-attachment-id=\"93783\" data-permalink=\"https:\/\/www.hoymercedes.com.ar\/principal\/2019\/05\/26\/en-charla-abierta-con-los-vecinos-milhomme-ratifico-su-candidatura\/26-milhomme-fr-2\/#main\" data-orig-file=\"https:\/\/www.hoymercedes.com.ar\/principal\/wp-content\/uploads\/2019\/05\/26-Milhomme-FR-2.jpg\" data-orig-size=\"750,500\" data-comments-opened=\"0\" data-image-meta=\"{&quot;aperture&quot;:&quot;2&quot;,&quot;credit&quot;:&quot;&quot;,&quot;camera&quot;:&quot;Moto G (5S) Plus&quot;,&quot;caption&quot;:&quot;&quot;,&quot;created_timestamp&quot;:&quot;1558727142&quot;,&quot;copyright&quot;:&quot;&quot;,&quot;focal_length&quot;:&quot;3.59&quot;,&quot;iso&quot;:&quot;559&quot;,&quot;shutter_speed&quot;:&quot;0.03030303030303&quot;,&quot;title&quot;:&quot;&quot;,&quot;orientation&quot;:&quot;1&quot;}\" data-image-title=\"26 Milhomme FR 2\" data-image-description=\"\" data-image-caption=\"\" data-large-file=\"https:\/\/www.hoymercedes.com.ar\/principal\/wp-content\/uploads\/2019\/05\/26-Milhomme-FR-2.jpg\" src=\"https:\/\/www.hoymercedes.com.ar\/principal\/wp-content\/uploads\/2019\/05\/26-Milhomme-FR-2.jpg\" alt=\"\" class=\"wp-image-93783\" srcset=\"https:\/\/www.hoymercedes.com.ar\/principal\/wp-content\/uploads\/2019\/05\/26-Milhomme-FR-2.jpg 750w, https:\/\/www.hoymercedes.com.ar\/principal\/wp-content\/uploads\/2019\/05\/26-Milhomme-FR-2-150x100.jpg 150w, https:\/\/www.hoymercedes.com.ar\/principal\/wp-content\/uploads\/2019\/05\/26-Milhomme-FR-2-630x420.jpg 630w, https:\/\/www.hoymercedes.com.ar\/principal\/wp-content\/uploads\/2019\/05\/26-Milhomme-FR-2-720x480.jpg 720w, https:\/\/www.hoymercedes.com.ar\/principal\/wp-content\/uploads\/2019\/05\/26-Milhomme-FR-2-360x240.jpg 360w\" sizes=\"auto, (max-width: 750px) 100vw, 750px\" \/><\/figure>\n\n\n\n<p>\u201cVengo a poner mi apellido y mi coraz\u00f3n para alcanzar juntos\u00a0 este sue\u00f1o, el sue\u00f1o de una ciudad mejor con una gesti\u00f3n que represente los intereses de todos los mercedinos\u201d concluy\u00f3 Carlos Milhomme.<\/p>\n\n\n\n<p>El acto se inici\u00f3 con las palabras de Magui Oliva y cont\u00f3 con la exposici\u00f3n del l\u00edder de la exposici\u00f3n, el ex Intendente Carlos Selva. <\/p>\n","protected":false},"excerpt":{"rendered":"<p>Ante m\u00e1s de un centenar de vecinos y militantes congregados en la sede de la Agrupaci\u00f3n \u00ab17 de Octubre\u00bb, el &#8230; <a title=\"En charla abierta con los vecinos, Milhomme ratific\u00f3 su candidatura\" class=\"read-more\" href=\"https:\/\/www.hoymercedes.com.ar\/principal\/2019\/05\/26\/en-charla-abierta-con-los-vecinos-milhomme-ratifico-su-candidatura\/\" aria-label=\"Leer m\u00e1s sobre En charla abierta con los vecinos, Milhomme ratific\u00f3 su candidatura\">Leer m\u00e1s<\/a><\/p>\n","protected":false},"author":1,"featured_media":93782,"comment_status":"closed","ping_status":"open","sticky":false,"template":"","format":"standard","meta":{"_monsterinsights_skip_tracking":false,"_monsterinsights_sitenote_active":false,"_monsterinsights_sitenote_note":"","_monsterinsights_sitenote_category":0,"jetpack_post_was_ever_published":false,"_jetpack_newsletter_access":"","_jetpack_dont_email_post_to_subs":false,"_jetpack_newsletter_tier_id":0,"_jetpack_memberships_contains_paywalled_content":false,"_jetpack_memberships_contains_paid_content":false,"footnotes":"","jetpack_publicize_message":"","jetpack_publicize_feature_enabled":true,"jetpack_social_post_already_shared":true,"jetpack_social_options":{"image_generator_settings":{"template":"highway","default_image_id":0,"font":"","enabled":false},"version":2},"_wpas_customize_per_network":false},"categories":[5],"tags":[4364,14403,3537,5319],"class_list":["post-93781","post","type-post","status-publish","format-standard","has-post-thumbnail","hentry","category-politica","tag-carlos-milhomme","tag-elecciones-2019","tag-frente-renovador","tag-politica-2","generate-columns","tablet-grid-50","mobile-grid-100","grid-parent","grid-50"],"jetpack_publicize_connections":[],"jetpack_featured_media_url":"https:\/\/www.hoymercedes.com.ar\/principal\/wp-content\/uploads\/2019\/05\/26-Milhomme-FR-1.jpg","wps_subtitle":"Alternativa Federal","jetpack_sharing_enabled":true,"_links":{"self":[{"href":"https:\/\/www.hoymercedes.com.ar\/principal\/wp-json\/wp\/v2\/posts\/93781","targetHints":{"allow":["GET"]}}],"collection":[{"href":"https:\/\/www.hoymercedes.com.ar\/principal\/wp-json\/wp\/v2\/posts"}],"about":[{"href":"https:\/\/www.hoymercedes.com.ar\/principal\/wp-json\/wp\/v2\/types\/post"}],"author":[{"embeddable":true,"href":"https:\/\/www.hoymercedes.com.ar\/principal\/wp-json\/wp\/v2\/users\/1"}],"replies":[{"embeddable":true,"href":"https:\/\/www.hoymercedes.com.ar\/principal\/wp-json\/wp\/v2\/comments?post=93781"}],"version-history":[{"count":0,"href":"https:\/\/www.hoymercedes.com.ar\/principal\/wp-json\/wp\/v2\/posts\/93781\/revisions"}],"wp:featuredmedia":[{"embeddable":true,"href":"https:\/\/www.hoymercedes.com.ar\/principal\/wp-json\/wp\/v2\/media\/93782"}],"wp:attachment":[{"href":"https:\/\/www.hoymercedes.com.ar\/principal\/wp-json\/wp\/v2\/media?parent=93781"}],"wp:term":[{"taxonomy":"category","embeddable":true,"href":"https:\/\/www.hoymercedes.com.ar\/principal\/wp-json\/wp\/v2\/categories?post=93781"},{"taxonomy":"post_tag","embeddable":true,"href":"https:\/\/www.hoymercedes.com.ar\/principal\/wp-json\/wp\/v2\/tags?post=93781"}],"curies":[{"name":"wp","href":"https:\/\/api.w.org\/{rel}","templated":true}]}}