{"id":93788,"date":"2019-05-26T11:19:31","date_gmt":"2019-05-26T14:19:31","guid":{"rendered":"http:\/\/www.hoymercedes.com.ar\/principal\/?p=93788"},"modified":"2019-05-26T10:51:51","modified_gmt":"2019-05-26T13:51:51","slug":"ganadores-del-concurso-de-manchas-del-mamm","status":"publish","type":"post","link":"https:\/\/www.hoymercedes.com.ar\/principal\/2019\/05\/26\/ganadores-del-concurso-de-manchas-del-mamm\/","title":{"rendered":"Ganadores del concurso de manchas del MAMM"},"content":{"rendered":"\n<p>El primer premio fue para Graciela Saralegui, el segundo para Carolina Garc\u00eda, mientras que Mauricio Garc\u00eda obtuvo una menci\u00f3n especial. El concurso se realiz\u00f3 el 18 de mayo, pero los jurados determinaron los premios en la noche del viernes. <\/p>\n\n\n\n<figure class=\"wp-block-image\"><img loading=\"lazy\" decoding=\"async\" width=\"750\" height=\"500\" data-attachment-id=\"93790\" data-permalink=\"https:\/\/www.hoymercedes.com.ar\/principal\/2019\/05\/26\/ganadores-del-concurso-de-manchas-del-mamm\/26-mamm-manchas-3\/#main\" data-orig-file=\"https:\/\/www.hoymercedes.com.ar\/principal\/wp-content\/uploads\/2019\/05\/26-MAMM-manchas-3.jpg\" data-orig-size=\"750,500\" data-comments-opened=\"0\" data-image-meta=\"{&quot;aperture&quot;:&quot;0&quot;,&quot;credit&quot;:&quot;&quot;,&quot;camera&quot;:&quot;&quot;,&quot;caption&quot;:&quot;&quot;,&quot;created_timestamp&quot;:&quot;0&quot;,&quot;copyright&quot;:&quot;&quot;,&quot;focal_length&quot;:&quot;0&quot;,&quot;iso&quot;:&quot;0&quot;,&quot;shutter_speed&quot;:&quot;0&quot;,&quot;title&quot;:&quot;&quot;,&quot;orientation&quot;:&quot;0&quot;}\" data-image-title=\"26 MAMM manchas 3\" data-image-description=\"\" data-image-caption=\"\" data-large-file=\"https:\/\/www.hoymercedes.com.ar\/principal\/wp-content\/uploads\/2019\/05\/26-MAMM-manchas-3.jpg\" src=\"https:\/\/www.hoymercedes.com.ar\/principal\/wp-content\/uploads\/2019\/05\/26-MAMM-manchas-3.jpg\" alt=\"\" class=\"wp-image-93790\" srcset=\"https:\/\/www.hoymercedes.com.ar\/principal\/wp-content\/uploads\/2019\/05\/26-MAMM-manchas-3.jpg 750w, https:\/\/www.hoymercedes.com.ar\/principal\/wp-content\/uploads\/2019\/05\/26-MAMM-manchas-3-150x100.jpg 150w, https:\/\/www.hoymercedes.com.ar\/principal\/wp-content\/uploads\/2019\/05\/26-MAMM-manchas-3-630x420.jpg 630w, https:\/\/www.hoymercedes.com.ar\/principal\/wp-content\/uploads\/2019\/05\/26-MAMM-manchas-3-720x480.jpg 720w, https:\/\/www.hoymercedes.com.ar\/principal\/wp-content\/uploads\/2019\/05\/26-MAMM-manchas-3-360x240.jpg 360w\" sizes=\"auto, (max-width: 750px) 100vw, 750px\" \/><\/figure>\n\n\n\n<p>La semana pasada, en la jornada matutina del s\u00e1bado, la Asociaci\u00f3n de Amigos del Museo de Arte de Mercedes y el mismo MAMM llev\u00f3 adelante en las v\u00edas del Centro Cultural La Trocha una Concurso de Manchas en el que los participantes ten\u00edan algunas horas para hacer una pintura relacionada con el espacio que los rodeaba. <\/p>\n\n\n\n<p>Las pinturas estuvieron en el MAMM a lo largo de la semana para que los profesores de arte Pablo Russo y Natalia Ochoa, analizasen y evaluasen las obras presentadas por quienes se convocaron. <\/p>\n\n\n\n<figure class=\"wp-block-image\"><img loading=\"lazy\" decoding=\"async\" width=\"750\" height=\"574\" data-attachment-id=\"93791\" data-permalink=\"https:\/\/www.hoymercedes.com.ar\/principal\/2019\/05\/26\/ganadores-del-concurso-de-manchas-del-mamm\/26-mamm-manchas-1\/#main\" data-orig-file=\"https:\/\/www.hoymercedes.com.ar\/principal\/wp-content\/uploads\/2019\/05\/26-MAMM-manchas-1.jpg\" data-orig-size=\"750,574\" data-comments-opened=\"0\" data-image-meta=\"{&quot;aperture&quot;:&quot;0&quot;,&quot;credit&quot;:&quot;&quot;,&quot;camera&quot;:&quot;&quot;,&quot;caption&quot;:&quot;&quot;,&quot;created_timestamp&quot;:&quot;0&quot;,&quot;copyright&quot;:&quot;&quot;,&quot;focal_length&quot;:&quot;0&quot;,&quot;iso&quot;:&quot;0&quot;,&quot;shutter_speed&quot;:&quot;0&quot;,&quot;title&quot;:&quot;&quot;,&quot;orientation&quot;:&quot;0&quot;}\" data-image-title=\"26-MAMM-manchas-1\" data-image-description=\"\" data-image-caption=\"\" data-large-file=\"https:\/\/www.hoymercedes.com.ar\/principal\/wp-content\/uploads\/2019\/05\/26-MAMM-manchas-1.jpg\" src=\"https:\/\/www.hoymercedes.com.ar\/principal\/wp-content\/uploads\/2019\/05\/26-MAMM-manchas-1.jpg\" alt=\"\" class=\"wp-image-93791\" srcset=\"https:\/\/www.hoymercedes.com.ar\/principal\/wp-content\/uploads\/2019\/05\/26-MAMM-manchas-1.jpg 750w, https:\/\/www.hoymercedes.com.ar\/principal\/wp-content\/uploads\/2019\/05\/26-MAMM-manchas-1-150x115.jpg 150w, https:\/\/www.hoymercedes.com.ar\/principal\/wp-content\/uploads\/2019\/05\/26-MAMM-manchas-1-630x482.jpg 630w\" sizes=\"auto, (max-width: 750px) 100vw, 750px\" \/><\/figure>\n\n\n\n<p>Finalmente, el viernes a la noche se conoci\u00f3 que el primer premio, una orden de compra por $2000, fue para Graciela Saralegui. En tanto, el segundo premio, una beca por un mes de taller con Marcela Cueto, fue para Carolina Garc\u00eda. La menci\u00f3n especial fue para Mauricio Garc\u00eda. <\/p>\n\n\n\n<p>Las pinturas seleccionadas y participantes formar\u00e1n parte de la muestra colectiva prevista para los pr\u00f3ximos d\u00edas. <\/p>\n\n\n\n<p>Fotograf\u00edas: Asociaci\u00f3n de Amigos del Museo de Arte de Mercedes<\/p>\n\n\n\n<figure class=\"wp-block-image\"><img loading=\"lazy\" decoding=\"async\" width=\"750\" height=\"500\" data-attachment-id=\"93789\" data-permalink=\"https:\/\/www.hoymercedes.com.ar\/principal\/2019\/05\/26\/ganadores-del-concurso-de-manchas-del-mamm\/26-mamm-manchas-2\/#main\" data-orig-file=\"https:\/\/www.hoymercedes.com.ar\/principal\/wp-content\/uploads\/2019\/05\/26-MAMM-manchas-2.jpg\" data-orig-size=\"750,500\" data-comments-opened=\"0\" data-image-meta=\"{&quot;aperture&quot;:&quot;0&quot;,&quot;credit&quot;:&quot;&quot;,&quot;camera&quot;:&quot;&quot;,&quot;caption&quot;:&quot;&quot;,&quot;created_timestamp&quot;:&quot;0&quot;,&quot;copyright&quot;:&quot;&quot;,&quot;focal_length&quot;:&quot;0&quot;,&quot;iso&quot;:&quot;0&quot;,&quot;shutter_speed&quot;:&quot;0&quot;,&quot;title&quot;:&quot;&quot;,&quot;orientation&quot;:&quot;0&quot;}\" data-image-title=\"26 MAMM manchas 2\" data-image-description=\"\" data-image-caption=\"\" data-large-file=\"https:\/\/www.hoymercedes.com.ar\/principal\/wp-content\/uploads\/2019\/05\/26-MAMM-manchas-2.jpg\" src=\"https:\/\/www.hoymercedes.com.ar\/principal\/wp-content\/uploads\/2019\/05\/26-MAMM-manchas-2.jpg\" alt=\"\" class=\"wp-image-93789\" srcset=\"https:\/\/www.hoymercedes.com.ar\/principal\/wp-content\/uploads\/2019\/05\/26-MAMM-manchas-2.jpg 750w, https:\/\/www.hoymercedes.com.ar\/principal\/wp-content\/uploads\/2019\/05\/26-MAMM-manchas-2-150x100.jpg 150w, https:\/\/www.hoymercedes.com.ar\/principal\/wp-content\/uploads\/2019\/05\/26-MAMM-manchas-2-630x420.jpg 630w, https:\/\/www.hoymercedes.com.ar\/principal\/wp-content\/uploads\/2019\/05\/26-MAMM-manchas-2-720x480.jpg 720w, https:\/\/www.hoymercedes.com.ar\/principal\/wp-content\/uploads\/2019\/05\/26-MAMM-manchas-2-360x240.jpg 360w\" sizes=\"auto, (max-width: 750px) 100vw, 750px\" \/><\/figure>\n","protected":false},"excerpt":{"rendered":"<p>El primer premio fue para Graciela Saralegui, el segundo para Carolina Garc\u00eda, mientras que Mauricio Garc\u00eda obtuvo una menci\u00f3n especial. &#8230; <a title=\"Ganadores del concurso de manchas del MAMM\" class=\"read-more\" href=\"https:\/\/www.hoymercedes.com.ar\/principal\/2019\/05\/26\/ganadores-del-concurso-de-manchas-del-mamm\/\" aria-label=\"Leer m\u00e1s sobre Ganadores del concurso de manchas del MAMM\">Leer m\u00e1s<\/a><\/p>\n","protected":false},"author":1,"featured_media":93789,"comment_status":"closed","ping_status":"open","sticky":false,"template":"","format":"standard","meta":{"_monsterinsights_skip_tracking":false,"_monsterinsights_sitenote_active":false,"_monsterinsights_sitenote_note":"","_monsterinsights_sitenote_category":0,"jetpack_post_was_ever_published":false,"_jetpack_newsletter_access":"","_jetpack_dont_email_post_to_subs":false,"_jetpack_newsletter_tier_id":0,"_jetpack_memberships_contains_paywalled_content":false,"_jetpack_memberships_contains_paid_content":false,"footnotes":"","jetpack_publicize_message":"","jetpack_publicize_feature_enabled":true,"jetpack_social_post_already_shared":true,"jetpack_social_options":{"image_generator_settings":{"template":"highway","default_image_id":0,"font":"","enabled":false},"version":2},"_wpas_customize_per_network":false},"categories":[104],"tags":[15172,13737,7805,8674],"class_list":["post-93788","post","type-post","status-publish","format-standard","has-post-thumbnail","hentry","category-cultura","tag-amigos-del-museo-de-arte","tag-concurso-de-manchas","tag-cultura","tag-mamm","generate-columns","tablet-grid-50","mobile-grid-100","grid-parent","grid-50"],"jetpack_publicize_connections":[],"jetpack_featured_media_url":"https:\/\/www.hoymercedes.com.ar\/principal\/wp-content\/uploads\/2019\/05\/26-MAMM-manchas-2.jpg","wps_subtitle":"Se conocieron el viernes","jetpack_sharing_enabled":true,"_links":{"self":[{"href":"https:\/\/www.hoymercedes.com.ar\/principal\/wp-json\/wp\/v2\/posts\/93788","targetHints":{"allow":["GET"]}}],"collection":[{"href":"https:\/\/www.hoymercedes.com.ar\/principal\/wp-json\/wp\/v2\/posts"}],"about":[{"href":"https:\/\/www.hoymercedes.com.ar\/principal\/wp-json\/wp\/v2\/types\/post"}],"author":[{"embeddable":true,"href":"https:\/\/www.hoymercedes.com.ar\/principal\/wp-json\/wp\/v2\/users\/1"}],"replies":[{"embeddable":true,"href":"https:\/\/www.hoymercedes.com.ar\/principal\/wp-json\/wp\/v2\/comments?post=93788"}],"version-history":[{"count":0,"href":"https:\/\/www.hoymercedes.com.ar\/principal\/wp-json\/wp\/v2\/posts\/93788\/revisions"}],"wp:featuredmedia":[{"embeddable":true,"href":"https:\/\/www.hoymercedes.com.ar\/principal\/wp-json\/wp\/v2\/media\/93789"}],"wp:attachment":[{"href":"https:\/\/www.hoymercedes.com.ar\/principal\/wp-json\/wp\/v2\/media?parent=93788"}],"wp:term":[{"taxonomy":"category","embeddable":true,"href":"https:\/\/www.hoymercedes.com.ar\/principal\/wp-json\/wp\/v2\/categories?post=93788"},{"taxonomy":"post_tag","embeddable":true,"href":"https:\/\/www.hoymercedes.com.ar\/principal\/wp-json\/wp\/v2\/tags?post=93788"}],"curies":[{"name":"wp","href":"https:\/\/api.w.org\/{rel}","templated":true}]}}