{"id":93800,"date":"2019-05-26T14:23:43","date_gmt":"2019-05-26T17:23:43","guid":{"rendered":"http:\/\/www.hoymercedes.com.ar\/principal\/?p=93800"},"modified":"2019-05-26T13:02:54","modified_gmt":"2019-05-26T16:02:54","slug":"las-familias-participan-del-arte-terapia-en-casa-del-nino","status":"publish","type":"post","link":"https:\/\/www.hoymercedes.com.ar\/principal\/2019\/05\/26\/las-familias-participan-del-arte-terapia-en-casa-del-nino\/","title":{"rendered":"Las familias participan del \u201carte terapia\u201d en Casa del Ni\u00f1o"},"content":{"rendered":"\n<p>En Casa del Ni\u00f1o contin\u00faan las propuestas pedag\u00f3gicas y de promoci\u00f3n del cuidado de la ni\u00f1ez. En la semana que pas\u00f3 se concret\u00f3 un novedoso encuentro de \u201cArte Terapia\u201d con la incorporaci\u00f3n de los pap\u00e1s y mam\u00e1s de los nenes y nenas que son parte de la querida instituci\u00f3n, cont\u00f3 la Lic. Gabriela Olivella, directora de ni\u00f1ez de la Municipalidad de Mercedes, dentro de la Secretar\u00eda de Desarrollo Social.<\/p>\n\n\n\n<figure class=\"wp-block-image\"><img loading=\"lazy\" decoding=\"async\" width=\"750\" height=\"500\" data-attachment-id=\"93802\" data-permalink=\"https:\/\/www.hoymercedes.com.ar\/principal\/2019\/05\/26\/las-familias-participan-del-arte-terapia-en-casa-del-nino\/26-arte-terapia-2\/#main\" data-orig-file=\"https:\/\/www.hoymercedes.com.ar\/principal\/wp-content\/uploads\/2019\/05\/26-arte-terapia-2.jpeg\" data-orig-size=\"750,500\" data-comments-opened=\"0\" data-image-meta=\"{&quot;aperture&quot;:&quot;0&quot;,&quot;credit&quot;:&quot;&quot;,&quot;camera&quot;:&quot;&quot;,&quot;caption&quot;:&quot;&quot;,&quot;created_timestamp&quot;:&quot;0&quot;,&quot;copyright&quot;:&quot;&quot;,&quot;focal_length&quot;:&quot;0&quot;,&quot;iso&quot;:&quot;0&quot;,&quot;shutter_speed&quot;:&quot;0&quot;,&quot;title&quot;:&quot;&quot;,&quot;orientation&quot;:&quot;0&quot;}\" data-image-title=\"26 arte terapia 2\" data-image-description=\"\" data-image-caption=\"\" data-large-file=\"https:\/\/www.hoymercedes.com.ar\/principal\/wp-content\/uploads\/2019\/05\/26-arte-terapia-2.jpeg\" src=\"https:\/\/www.hoymercedes.com.ar\/principal\/wp-content\/uploads\/2019\/05\/26-arte-terapia-2.jpeg\" alt=\"\" class=\"wp-image-93802\" srcset=\"https:\/\/www.hoymercedes.com.ar\/principal\/wp-content\/uploads\/2019\/05\/26-arte-terapia-2.jpeg 750w, https:\/\/www.hoymercedes.com.ar\/principal\/wp-content\/uploads\/2019\/05\/26-arte-terapia-2-150x100.jpeg 150w, https:\/\/www.hoymercedes.com.ar\/principal\/wp-content\/uploads\/2019\/05\/26-arte-terapia-2-630x420.jpeg 630w, https:\/\/www.hoymercedes.com.ar\/principal\/wp-content\/uploads\/2019\/05\/26-arte-terapia-2-720x480.jpeg 720w, https:\/\/www.hoymercedes.com.ar\/principal\/wp-content\/uploads\/2019\/05\/26-arte-terapia-2-360x240.jpeg 360w\" sizes=\"auto, (max-width: 750px) 100vw, 750px\" \/><\/figure>\n\n\n\n<p>Casa del Ni\u00f1o ha sido objeto de m\u00faltiples inversiones en los \u00faltimos a\u00f1os, narr\u00f3 la responsable de Ni\u00f1ez municipal. Desde los ba\u00f1os a nuevos tras 50 a\u00f1os al cambio del mobiliario, las obras de gas, la contrataci\u00f3n de m\u00e1s profesionales, el cambio de men\u00fa con nutricionistas, yogutito, la puesta en valor del SUM, entre otras acciones positivas, destacaron.<\/p>\n\n\n\n<p>Ahora, se vivi\u00f3 una nueva propuesta para \u201cmejorar potenciar las capacidades de los ni\u00f1os y ni\u00f1as\u201d promoviendo los \u201clazos familiares\u201d con una mirada \u201cpedag\u00f3gica, did\u00e1ctica, art\u00edstica y tambi\u00e9n, por qu\u00e9 no, de entretenimiento\u201d, afirmaron.<\/p>\n\n\n\n<p>Olivella, sostuvo que \u201cel proyecto del equipo acerca a las familias para que sean parte de las actividades de la instituci\u00f3n, algo que nos llena de orgullo a todos\u201d destac\u00f3, entre otros conceptos.<\/p>\n\n\n\n<p>Fuente y Fotos: Prensa Municipal<\/p>\n\n\n\n<figure class=\"wp-block-image\"><img loading=\"lazy\" decoding=\"async\" width=\"750\" height=\"500\" data-attachment-id=\"93801\" data-permalink=\"https:\/\/www.hoymercedes.com.ar\/principal\/2019\/05\/26\/las-familias-participan-del-arte-terapia-en-casa-del-nino\/26-arte-terapia-1\/#main\" data-orig-file=\"https:\/\/www.hoymercedes.com.ar\/principal\/wp-content\/uploads\/2019\/05\/26-arte-terapia-1.jpeg\" data-orig-size=\"750,500\" data-comments-opened=\"0\" data-image-meta=\"{&quot;aperture&quot;:&quot;0&quot;,&quot;credit&quot;:&quot;&quot;,&quot;camera&quot;:&quot;&quot;,&quot;caption&quot;:&quot;&quot;,&quot;created_timestamp&quot;:&quot;0&quot;,&quot;copyright&quot;:&quot;&quot;,&quot;focal_length&quot;:&quot;0&quot;,&quot;iso&quot;:&quot;0&quot;,&quot;shutter_speed&quot;:&quot;0&quot;,&quot;title&quot;:&quot;&quot;,&quot;orientation&quot;:&quot;0&quot;}\" data-image-title=\"26 arte terapia 1\" data-image-description=\"\" data-image-caption=\"\" data-large-file=\"https:\/\/www.hoymercedes.com.ar\/principal\/wp-content\/uploads\/2019\/05\/26-arte-terapia-1.jpeg\" src=\"https:\/\/www.hoymercedes.com.ar\/principal\/wp-content\/uploads\/2019\/05\/26-arte-terapia-1.jpeg\" alt=\"\" class=\"wp-image-93801\" srcset=\"https:\/\/www.hoymercedes.com.ar\/principal\/wp-content\/uploads\/2019\/05\/26-arte-terapia-1.jpeg 750w, https:\/\/www.hoymercedes.com.ar\/principal\/wp-content\/uploads\/2019\/05\/26-arte-terapia-1-150x100.jpeg 150w, https:\/\/www.hoymercedes.com.ar\/principal\/wp-content\/uploads\/2019\/05\/26-arte-terapia-1-630x420.jpeg 630w, https:\/\/www.hoymercedes.com.ar\/principal\/wp-content\/uploads\/2019\/05\/26-arte-terapia-1-720x480.jpeg 720w, https:\/\/www.hoymercedes.com.ar\/principal\/wp-content\/uploads\/2019\/05\/26-arte-terapia-1-360x240.jpeg 360w\" sizes=\"auto, (max-width: 750px) 100vw, 750px\" \/><\/figure>\n","protected":false},"excerpt":{"rendered":"<p>En Casa del Ni\u00f1o contin\u00faan las propuestas pedag\u00f3gicas y de promoci\u00f3n del cuidado de la ni\u00f1ez. En la semana que &#8230; <a title=\"Las familias participan del \u201carte terapia\u201d en Casa del Ni\u00f1o\" class=\"read-more\" href=\"https:\/\/www.hoymercedes.com.ar\/principal\/2019\/05\/26\/las-familias-participan-del-arte-terapia-en-casa-del-nino\/\" aria-label=\"Leer m\u00e1s sobre Las familias participan del \u201carte terapia\u201d en Casa del Ni\u00f1o\">Leer m\u00e1s<\/a><\/p>\n","protected":false},"author":1,"featured_media":93801,"comment_status":"closed","ping_status":"open","sticky":false,"template":"","format":"standard","meta":{"_monsterinsights_skip_tracking":false,"_monsterinsights_sitenote_active":false,"_monsterinsights_sitenote_note":"","_monsterinsights_sitenote_category":0,"jetpack_post_was_ever_published":false,"_jetpack_newsletter_access":"","_jetpack_dont_email_post_to_subs":false,"_jetpack_newsletter_tier_id":0,"_jetpack_memberships_contains_paywalled_content":false,"_jetpack_memberships_contains_paid_content":false,"footnotes":"","jetpack_publicize_message":"","jetpack_publicize_feature_enabled":true,"jetpack_social_post_already_shared":true,"jetpack_social_options":{"image_generator_settings":{"template":"highway","default_image_id":0,"font":"","enabled":false},"version":2},"_wpas_customize_per_network":false},"categories":[30],"tags":[296,870,244],"class_list":["post-93800","post","type-post","status-publish","format-standard","has-post-thumbnail","hentry","category-municipio","tag-casa-del-nino","tag-desarrollo-social","tag-municipio-2","generate-columns","tablet-grid-50","mobile-grid-100","grid-parent","grid-50"],"jetpack_publicize_connections":[],"jetpack_featured_media_url":"https:\/\/www.hoymercedes.com.ar\/principal\/wp-content\/uploads\/2019\/05\/26-arte-terapia-1.jpeg","wps_subtitle":"","jetpack_sharing_enabled":true,"_links":{"self":[{"href":"https:\/\/www.hoymercedes.com.ar\/principal\/wp-json\/wp\/v2\/posts\/93800","targetHints":{"allow":["GET"]}}],"collection":[{"href":"https:\/\/www.hoymercedes.com.ar\/principal\/wp-json\/wp\/v2\/posts"}],"about":[{"href":"https:\/\/www.hoymercedes.com.ar\/principal\/wp-json\/wp\/v2\/types\/post"}],"author":[{"embeddable":true,"href":"https:\/\/www.hoymercedes.com.ar\/principal\/wp-json\/wp\/v2\/users\/1"}],"replies":[{"embeddable":true,"href":"https:\/\/www.hoymercedes.com.ar\/principal\/wp-json\/wp\/v2\/comments?post=93800"}],"version-history":[{"count":0,"href":"https:\/\/www.hoymercedes.com.ar\/principal\/wp-json\/wp\/v2\/posts\/93800\/revisions"}],"wp:featuredmedia":[{"embeddable":true,"href":"https:\/\/www.hoymercedes.com.ar\/principal\/wp-json\/wp\/v2\/media\/93801"}],"wp:attachment":[{"href":"https:\/\/www.hoymercedes.com.ar\/principal\/wp-json\/wp\/v2\/media?parent=93800"}],"wp:term":[{"taxonomy":"category","embeddable":true,"href":"https:\/\/www.hoymercedes.com.ar\/principal\/wp-json\/wp\/v2\/categories?post=93800"},{"taxonomy":"post_tag","embeddable":true,"href":"https:\/\/www.hoymercedes.com.ar\/principal\/wp-json\/wp\/v2\/tags?post=93800"}],"curies":[{"name":"wp","href":"https:\/\/api.w.org\/{rel}","templated":true}]}}