{"id":93817,"date":"2019-05-27T10:00:49","date_gmt":"2019-05-27T13:00:49","guid":{"rendered":"http:\/\/www.hoymercedes.com.ar\/principal\/?p=93817"},"modified":"2019-05-26T18:13:27","modified_gmt":"2019-05-26T21:13:27","slug":"recorrida-y-compromiso-de-cuidados-a-la-historica-cripta-de-catedral","status":"publish","type":"post","link":"https:\/\/www.hoymercedes.com.ar\/principal\/2019\/05\/27\/recorrida-y-compromiso-de-cuidados-a-la-historica-cripta-de-catedral\/","title":{"rendered":"Recorrida y compromiso de cuidados a la hist\u00f3rica cripta de Catedral"},"content":{"rendered":"\n<figure class=\"wp-block-image\"><img loading=\"lazy\" decoding=\"async\" width=\"955\" height=\"631\" data-attachment-id=\"93818\" data-permalink=\"https:\/\/www.hoymercedes.com.ar\/principal\/2019\/05\/27\/recorrida-y-compromiso-de-cuidados-a-la-historica-cripta-de-catedral\/visita-cripta2\/#main\" data-orig-file=\"https:\/\/www.hoymercedes.com.ar\/principal\/wp-content\/uploads\/2019\/05\/Visita-Cripta2.jpg\" data-orig-size=\"955,631\" data-comments-opened=\"0\" data-image-meta=\"{&quot;aperture&quot;:&quot;0&quot;,&quot;credit&quot;:&quot;&quot;,&quot;camera&quot;:&quot;&quot;,&quot;caption&quot;:&quot;&quot;,&quot;created_timestamp&quot;:&quot;0&quot;,&quot;copyright&quot;:&quot;&quot;,&quot;focal_length&quot;:&quot;0&quot;,&quot;iso&quot;:&quot;0&quot;,&quot;shutter_speed&quot;:&quot;0&quot;,&quot;title&quot;:&quot;&quot;,&quot;orientation&quot;:&quot;0&quot;}\" data-image-title=\"Visita-Cripta2\" data-image-description=\"\" data-image-caption=\"\" data-large-file=\"https:\/\/www.hoymercedes.com.ar\/principal\/wp-content\/uploads\/2019\/05\/Visita-Cripta2.jpg\" src=\"https:\/\/www.hoymercedes.com.ar\/principal\/wp-content\/uploads\/2019\/05\/Visita-Cripta2.jpg\" alt=\"\" class=\"wp-image-93818\" srcset=\"https:\/\/www.hoymercedes.com.ar\/principal\/wp-content\/uploads\/2019\/05\/Visita-Cripta2.jpg 955w, https:\/\/www.hoymercedes.com.ar\/principal\/wp-content\/uploads\/2019\/05\/Visita-Cripta2-150x99.jpg 150w, https:\/\/www.hoymercedes.com.ar\/principal\/wp-content\/uploads\/2019\/05\/Visita-Cripta2-630x416.jpg 630w\" sizes=\"auto, (max-width: 955px) 100vw, 955px\" \/><figcaption>Historia local <\/figcaption><\/figure>\n\n\n\n<p>El jefe comunal Juan I. Ustarroz recorri\u00f3\nla cripta de la Bas\u00edlica Catedral. Lo hizo acompa\u00f1ado de las autoridades\neclesi\u00e1sticas encabezadas por Monse\u00f1or Radrizzani, funcionarios y miembros de\nla Comisi\u00f3n de Patrimonio Hist\u00f3rico. El motivo es continuar con la puesta en\nvalor del preciado espacio, s\u00edmbolo de nuestra cultura y tradici\u00f3n, lleno de\nhistoria y sentimientos para los mercedinos. <\/p>\n\n\n\n<p>\u201cPara todos los mercedinos, me\natrevo a decir, este es un lugar muy importante. Tiene una rica historia,\nsimbolog\u00eda, es sin duda parte de nuestra cultura y tradici\u00f3n. Cuidarlo no es\ns\u00f3lo un compromiso, es una obligaci\u00f3n con las generaciones futuras\u201d coment\u00f3\nUstarroz. <\/p>\n\n\n\n<figure class=\"wp-block-image\"><img loading=\"lazy\" decoding=\"async\" width=\"948\" height=\"632\" data-attachment-id=\"93819\" data-permalink=\"https:\/\/www.hoymercedes.com.ar\/principal\/2019\/05\/27\/recorrida-y-compromiso-de-cuidados-a-la-historica-cripta-de-catedral\/visita-cripta\/#main\" data-orig-file=\"https:\/\/www.hoymercedes.com.ar\/principal\/wp-content\/uploads\/2019\/05\/Visita-Cripta.jpg\" data-orig-size=\"948,632\" data-comments-opened=\"0\" data-image-meta=\"{&quot;aperture&quot;:&quot;0&quot;,&quot;credit&quot;:&quot;&quot;,&quot;camera&quot;:&quot;&quot;,&quot;caption&quot;:&quot;&quot;,&quot;created_timestamp&quot;:&quot;0&quot;,&quot;copyright&quot;:&quot;&quot;,&quot;focal_length&quot;:&quot;0&quot;,&quot;iso&quot;:&quot;0&quot;,&quot;shutter_speed&quot;:&quot;0&quot;,&quot;title&quot;:&quot;&quot;,&quot;orientation&quot;:&quot;0&quot;}\" data-image-title=\"Visita-Cripta\" data-image-description=\"\" data-image-caption=\"\" data-large-file=\"https:\/\/www.hoymercedes.com.ar\/principal\/wp-content\/uploads\/2019\/05\/Visita-Cripta.jpg\" src=\"https:\/\/www.hoymercedes.com.ar\/principal\/wp-content\/uploads\/2019\/05\/Visita-Cripta.jpg\" alt=\"\" class=\"wp-image-93819\" srcset=\"https:\/\/www.hoymercedes.com.ar\/principal\/wp-content\/uploads\/2019\/05\/Visita-Cripta.jpg 948w, https:\/\/www.hoymercedes.com.ar\/principal\/wp-content\/uploads\/2019\/05\/Visita-Cripta-150x100.jpg 150w, https:\/\/www.hoymercedes.com.ar\/principal\/wp-content\/uploads\/2019\/05\/Visita-Cripta-630x420.jpg 630w, https:\/\/www.hoymercedes.com.ar\/principal\/wp-content\/uploads\/2019\/05\/Visita-Cripta-720x480.jpg 720w, https:\/\/www.hoymercedes.com.ar\/principal\/wp-content\/uploads\/2019\/05\/Visita-Cripta-360x240.jpg 360w\" sizes=\"auto, (max-width: 948px) 100vw, 948px\" \/><figcaption>Inician tareas de puesta en valor y cuidado<\/figcaption><\/figure>\n\n\n\n<p><strong>Hist\u00f3rico<\/strong><\/p>\n\n\n\n<p>El proyecto de construir un\ntemplo en el centro de la ahora ciudad de Mercedes surge desde principios del\nsiglo XIX, con un largo camino de trabajos, donaciones, expresiones sociales y\nbenefactores. La historia es larga y rica, varios autores locales han estudiado\nsesudamente el tema. <\/p>\n\n\n\n<p>En relaci\u00f3n a la cripta, fue en a\npartir de 1934 cuando adquiera, la iglesia, dignidad de Catedral. All\u00ed Saturnino\nUnzu\u00e9 hace construir una cripta bajo el Altar Mayor, donde ahora descansan sus\nrestos y los de su esposa, In\u00e9s Dorrego. Realizada en m\u00e1rmol de Carrara, de\nforma circular, con la base de una admirable sobriedad. El m\u00e1rmol, cuentan, fue\nespecialmente tra\u00eddo desde el exterior.<\/p>\n\n\n\n<p><strong>Templo<\/strong><\/p>\n\n\n\n<p>El templo, de estilo neog\u00f3tico\nfranc\u00e9s, tiene tres naves, una mayor y dos laterales. La fachada presenta una\ntorre central con campanario y reloj en sus cuatro caras, culminando el v\u00e9rtice\nde su aguja principal con una cruz de hierro. La entrada principal, se\njerarquiza por un empinado gablete con roset\u00f3n, separada de las entradas a las\nalas laterales, por torrecillas rodeadas de pin\u00e1culos ornamentados.<\/p>\n\n\n\n<p><strong>Trabajos&nbsp;&nbsp;&nbsp;&nbsp;&nbsp;&nbsp;&nbsp;&nbsp;&nbsp;&nbsp;&nbsp;&nbsp;&nbsp;&nbsp;&nbsp;&nbsp;&nbsp;&nbsp;&nbsp;&nbsp;&nbsp;&nbsp;&nbsp;&nbsp;&nbsp;&nbsp;&nbsp;&nbsp;&nbsp;&nbsp;&nbsp;&nbsp;&nbsp;&nbsp;&nbsp;&nbsp;&nbsp;&nbsp;&nbsp;&nbsp;&nbsp;&nbsp;&nbsp;&nbsp;&nbsp;&nbsp;&nbsp; <\/strong><\/p>\n\n\n\n<p>En cuando a la cripta, est\u00e1\nsiendo objeto de mejoras a instancias de la Comisi\u00f3n Municipal de Patrimonio\nHist\u00f3rico y las obras continuar\u00e1n. All\u00ed hab\u00eda filtraciones, entre otras\nnecesidades de mejoras y reparaciones. <\/p>\n\n\n\n<p>Este 25 de Mayo, fecha cargada de\nsimbolismo patri\u00f3tico e hist\u00f3rico, fue una excelente ocasi\u00f3n para volver al\nhermoso y \u00fanico lugar para continuar el compromiso de cuidarlo, protegerlo y\nmejorarlo. <\/p>\n","protected":false},"excerpt":{"rendered":"<p>El jefe comunal Juan I. Ustarroz recorri\u00f3 la cripta de la Bas\u00edlica Catedral. Lo hizo acompa\u00f1ado de las autoridades eclesi\u00e1sticas &#8230; <a title=\"Recorrida y compromiso de cuidados a la hist\u00f3rica cripta de Catedral\" class=\"read-more\" href=\"https:\/\/www.hoymercedes.com.ar\/principal\/2019\/05\/27\/recorrida-y-compromiso-de-cuidados-a-la-historica-cripta-de-catedral\/\" aria-label=\"Leer m\u00e1s sobre Recorrida y compromiso de cuidados a la hist\u00f3rica cripta de Catedral\">Leer m\u00e1s<\/a><\/p>\n","protected":false},"author":1,"featured_media":0,"comment_status":"closed","ping_status":"open","sticky":false,"template":"","format":"standard","meta":{"_monsterinsights_skip_tracking":false,"_monsterinsights_sitenote_active":false,"_monsterinsights_sitenote_note":"","_monsterinsights_sitenote_category":0,"jetpack_post_was_ever_published":false,"_jetpack_newsletter_access":"","_jetpack_dont_email_post_to_subs":false,"_jetpack_newsletter_tier_id":0,"_jetpack_memberships_contains_paywalled_content":false,"_jetpack_memberships_contains_paid_content":false,"footnotes":"","jetpack_publicize_message":"","jetpack_publicize_feature_enabled":true,"jetpack_social_post_already_shared":true,"jetpack_social_options":{"image_generator_settings":{"template":"highway","default_image_id":0,"font":"","enabled":false},"version":2},"_wpas_customize_per_network":false},"categories":[30],"tags":[15176,1376],"class_list":["post-93817","post","type-post","status-publish","format-standard","hentry","category-municipio","tag-cripta-basilica-catedral","tag-patrimonio-historico","generate-columns","tablet-grid-50","mobile-grid-100","grid-parent","grid-50"],"jetpack_publicize_connections":[],"jetpack_featured_media_url":"","wps_subtitle":"Historia mercedina","jetpack_sharing_enabled":true,"_links":{"self":[{"href":"https:\/\/www.hoymercedes.com.ar\/principal\/wp-json\/wp\/v2\/posts\/93817","targetHints":{"allow":["GET"]}}],"collection":[{"href":"https:\/\/www.hoymercedes.com.ar\/principal\/wp-json\/wp\/v2\/posts"}],"about":[{"href":"https:\/\/www.hoymercedes.com.ar\/principal\/wp-json\/wp\/v2\/types\/post"}],"author":[{"embeddable":true,"href":"https:\/\/www.hoymercedes.com.ar\/principal\/wp-json\/wp\/v2\/users\/1"}],"replies":[{"embeddable":true,"href":"https:\/\/www.hoymercedes.com.ar\/principal\/wp-json\/wp\/v2\/comments?post=93817"}],"version-history":[{"count":0,"href":"https:\/\/www.hoymercedes.com.ar\/principal\/wp-json\/wp\/v2\/posts\/93817\/revisions"}],"wp:attachment":[{"href":"https:\/\/www.hoymercedes.com.ar\/principal\/wp-json\/wp\/v2\/media?parent=93817"}],"wp:term":[{"taxonomy":"category","embeddable":true,"href":"https:\/\/www.hoymercedes.com.ar\/principal\/wp-json\/wp\/v2\/categories?post=93817"},{"taxonomy":"post_tag","embeddable":true,"href":"https:\/\/www.hoymercedes.com.ar\/principal\/wp-json\/wp\/v2\/tags?post=93817"}],"curies":[{"name":"wp","href":"https:\/\/api.w.org\/{rel}","templated":true}]}}