{"id":9382,"date":"2011-11-27T01:45:18","date_gmt":"2011-11-27T01:45:18","guid":{"rendered":"http:\/\/www.hoymercedes.com.ar\/principal\/?p=9382"},"modified":"2011-11-27T01:45:18","modified_gmt":"2011-11-27T01:45:18","slug":"la-municipalidad-de-mercedes-lider-en-digitalizacion","status":"publish","type":"post","link":"https:\/\/www.hoymercedes.com.ar\/principal\/2011\/11\/27\/la-municipalidad-de-mercedes-lider-en-digitalizacion\/","title":{"rendered":"La Municipalidad de Mercedes l\u00edder en digitalizaci\u00f3n"},"content":{"rendered":"<figure id=\"attachment_9384\" aria-describedby=\"caption-attachment-9384\" style=\"width: 283px\" class=\"wp-caption alignleft\"><a href=\"https:\/\/www.hoymercedes.com.ar\/principal\/wp-content\/uploads\/2011\/11\/Mdigital.jpg\"><img loading=\"lazy\" decoding=\"async\" data-attachment-id=\"9384\" data-permalink=\"https:\/\/www.hoymercedes.com.ar\/principal\/2011\/11\/27\/la-municipalidad-de-mercedes-lider-en-digitalizacion\/mdigital\/#main\" data-orig-file=\"https:\/\/www.hoymercedes.com.ar\/principal\/wp-content\/uploads\/2011\/11\/Mdigital.jpg\" data-orig-size=\"430,440\" data-comments-opened=\"1\" data-image-meta=\"{&quot;aperture&quot;:&quot;0&quot;,&quot;credit&quot;:&quot;&quot;,&quot;camera&quot;:&quot;&quot;,&quot;caption&quot;:&quot;&quot;,&quot;created_timestamp&quot;:&quot;0&quot;,&quot;copyright&quot;:&quot;&quot;,&quot;focal_length&quot;:&quot;0&quot;,&quot;iso&quot;:&quot;0&quot;,&quot;shutter_speed&quot;:&quot;0&quot;,&quot;title&quot;:&quot;&quot;}\" data-image-title=\"Mdigital\" data-image-description=\"\" data-image-caption=\"\" data-large-file=\"https:\/\/www.hoymercedes.com.ar\/principal\/wp-content\/uploads\/2011\/11\/Mdigital.jpg\" class=\"size-medium wp-image-9384\" title=\"Mdigital\" src=\"https:\/\/www.hoymercedes.com.ar\/principal\/wp-content\/uploads\/2011\/11\/Mdigital-293x300.jpg\" alt=\"\" width=\"293\" height=\"300\" srcset=\"https:\/\/www.hoymercedes.com.ar\/principal\/wp-content\/uploads\/2011\/11\/Mdigital-293x300.jpg 293w, https:\/\/www.hoymercedes.com.ar\/principal\/wp-content\/uploads\/2011\/11\/Mdigital.jpg 430w\" sizes=\"auto, (max-width: 293px) 100vw, 293px\" \/><\/a><figcaption id=\"caption-attachment-9384\" class=\"wp-caption-text\">Municipalidad de Mercedes<\/figcaption><\/figure>\n<p>El Intendente, Carlos Selva aposto fuertemente al crecimiento de la tecnolog\u00eda 2.0 y hoy est\u00e1 dando destacados resultados a nivel mundial. Obtuvieron los premios Frida (\u00fanico de Argentina) y Sadosky (\u00fanico representando al Estado). Adem\u00e1s participaron en importantes ferias sobre la era digital.<\/p>\n<p>En el marco del constante crecimiento del mundo digital, la Municipalidad de Mercedes encaro una serie de obras y medias tendientes a la creaci\u00f3n de la Subsecretaria de Reforma y Modernizaci\u00f3n del Estado dependiente de la Secretaria de Gobierno con el objetivo de acortar la brecha digital y que todos los vecinos tengan acceso a la misma.<\/p>\n<p>Esto qued\u00f3 demostrado con diversas acciones de Gobierno implementadas en el proyecto Mercedes Digital: en los espacios p\u00fablicos instalando el servicio wi-fi, el acompa\u00f1amiento en los establecimientos educativos, la creaci\u00f3n de accesos a la informaci\u00f3n y la confecci\u00f3n de una moderna pagina web (www.mercedes.gob.ar) entre otras cosas; adem\u00e1s cabe la pena remarcar que todas las actividades que se realizan desde la Subsecretaria son llevadas adelante por personal y con fondos netamente de las arcas municipales.<\/p>\n<p>Hay que se\u00f1alar que el proyecto Mercedes Digital particip\u00f3 en diversas actividades relacionadas con el \u00e1rea, en algunas estuvo presente acompa\u00f1ando las disertaciones el Intendente, Carlos Selva. Se destacan la presencia, en el mes de septiembre, en el Foro de Gobernanza de Internet en Kenya destacada por las innovaciones tecnol\u00f3gicas, en representaci\u00f3n de la Rep\u00fablica Argentina; tambi\u00e9n fue parte del Foro Nacional de Pol\u00edticas organizado por CIGOB como ejemplo de su trabajo.<\/p>\n<p>La clara decisi\u00f3n pol\u00edtica del Intendente ya trajo premiaciones, hay que se\u00f1alar el Premio Frida por innovaci\u00f3n tecnol\u00f3gica como \u00fanico premiado a Argentina. Tambi\u00e9n Mercedes Digital fue l\u00edder en Digitalizaci\u00f3n en el Ranking de Ciudades Digitales Motorola, destacando el trabajo en las \u00e1reas de Salud y Seguridad; fue nominada como finalista de los premios Sadosky por innovaci\u00f3n tecnol\u00f3gica, de los 23 finalistas en la \u00fanica que pertenece al Estado.<\/p>\n<p><span style=\"color: #888888;\">\u00a0Fuente: MM<\/span><\/p>\n","protected":false},"excerpt":{"rendered":"<p>El Intendente, Carlos Selva aposto fuertemente al crecimiento de la tecnolog\u00eda 2.0 y hoy est\u00e1 dando destacados resultados a nivel &#8230; <a title=\"La Municipalidad de Mercedes l\u00edder en digitalizaci\u00f3n\" class=\"read-more\" href=\"https:\/\/www.hoymercedes.com.ar\/principal\/2011\/11\/27\/la-municipalidad-de-mercedes-lider-en-digitalizacion\/\" aria-label=\"Leer m\u00e1s sobre La Municipalidad de Mercedes l\u00edder en digitalizaci\u00f3n\">Leer m\u00e1s<\/a><\/p>\n","protected":false},"author":1,"featured_media":0,"comment_status":"open","ping_status":"open","sticky":false,"template":"","format":"standard","meta":{"_monsterinsights_skip_tracking":false,"_monsterinsights_sitenote_active":false,"_monsterinsights_sitenote_note":"","_monsterinsights_sitenote_category":0,"jetpack_post_was_ever_published":false,"_jetpack_newsletter_access":"","_jetpack_dont_email_post_to_subs":false,"_jetpack_newsletter_tier_id":0,"_jetpack_memberships_contains_paywalled_content":false,"_jetpack_memberships_contains_paid_content":false,"footnotes":"","jetpack_publicize_message":"","jetpack_publicize_feature_enabled":true,"jetpack_social_post_already_shared":false,"jetpack_social_options":{"image_generator_settings":{"template":"highway","default_image_id":0,"font":"","enabled":false},"version":2},"_wpas_customize_per_network":false},"categories":[30],"tags":[197],"class_list":["post-9382","post","type-post","status-publish","format-standard","hentry","category-municipio","tag-municipalidad-de-mercedes","generate-columns","tablet-grid-50","mobile-grid-100","grid-parent","grid-50"],"jetpack_publicize_connections":[],"jetpack_featured_media_url":"","wps_subtitle":"","jetpack_sharing_enabled":true,"_links":{"self":[{"href":"https:\/\/www.hoymercedes.com.ar\/principal\/wp-json\/wp\/v2\/posts\/9382","targetHints":{"allow":["GET"]}}],"collection":[{"href":"https:\/\/www.hoymercedes.com.ar\/principal\/wp-json\/wp\/v2\/posts"}],"about":[{"href":"https:\/\/www.hoymercedes.com.ar\/principal\/wp-json\/wp\/v2\/types\/post"}],"author":[{"embeddable":true,"href":"https:\/\/www.hoymercedes.com.ar\/principal\/wp-json\/wp\/v2\/users\/1"}],"replies":[{"embeddable":true,"href":"https:\/\/www.hoymercedes.com.ar\/principal\/wp-json\/wp\/v2\/comments?post=9382"}],"version-history":[{"count":0,"href":"https:\/\/www.hoymercedes.com.ar\/principal\/wp-json\/wp\/v2\/posts\/9382\/revisions"}],"wp:attachment":[{"href":"https:\/\/www.hoymercedes.com.ar\/principal\/wp-json\/wp\/v2\/media?parent=9382"}],"wp:term":[{"taxonomy":"category","embeddable":true,"href":"https:\/\/www.hoymercedes.com.ar\/principal\/wp-json\/wp\/v2\/categories?post=9382"},{"taxonomy":"post_tag","embeddable":true,"href":"https:\/\/www.hoymercedes.com.ar\/principal\/wp-json\/wp\/v2\/tags?post=9382"}],"curies":[{"name":"wp","href":"https:\/\/api.w.org\/{rel}","templated":true}]}}