{"id":93839,"date":"2019-05-27T07:43:34","date_gmt":"2019-05-27T10:43:34","guid":{"rendered":"http:\/\/www.hoymercedes.com.ar\/principal\/?p=93839"},"modified":"2019-05-27T08:23:34","modified_gmt":"2019-05-27T11:23:34","slug":"tres-detenidos-por-extorsion-a-comerciantes","status":"publish","type":"post","link":"https:\/\/www.hoymercedes.com.ar\/principal\/2019\/05\/27\/tres-detenidos-por-extorsion-a-comerciantes\/","title":{"rendered":"Tres detenidos por extorsi\u00f3n a comerciantes"},"content":{"rendered":"\n<p>En el mes de noviembre, comerciantes de la ciudad de Navarro comenzaron a ser v\u00edctimas de un sujeto que se hac\u00eda pasar por miembro de una fuerza de seguridad, que junto a otras personas los amenazaban y amedrentaban en pos de cobrarles para por poder ejercer su trabajo.<\/p>\n\n\n\n<p>El\npasado 15 de mayo radicaron una denuncia que recay\u00f3 en la Unidad Fiscal de\nInstrucci\u00f3n y Juicio N\u00b0 2 de Mercedes, a cargo del doctor Sebasti\u00e1n Villalba,\ndesde donde \u2013 tras analizar una serie de elementos probatorios de inter\u00e9s para\nla causa \u2013 solicitaron ante el Juzgado de Garant\u00edas N\u00b0 3 la detenci\u00f3n de los\nsospechosos. <\/p>\n\n\n\n<p>El\npasado viernes 24 del corriente, el juez de Garant\u00edas otorg\u00f3 lo solicitado por\nla UFIJ y se mont\u00f3 un operativo con la colaboraci\u00f3n de la DDI Mercedes. El\nmismo se desarroll\u00f3 en la localidad de Mercedes, donde las v\u00edctimas realizar\u00edan\nun reparto y hab\u00edan sido advertidos por uno de los sospechosos de un encuentro\nen el local comercial al que arribar\u00edan para exigirles dinero.<\/p>\n\n\n\n<p>A\nsabiendas de ello, en horas de la tarde se impartieron directivas para montar\nla acci\u00f3n en inmediaciones de las calles 40 y 29, y result\u00f3 con la detenci\u00f3n de\nun sujeto mayor de edad quien se hac\u00eda pasar por efectivo policial y su pareja,\nsiendo que ambos estaban siendo investigados por los hechos cometidos y se\ncontaba con la orden de detenci\u00f3n. Y tambi\u00e9n de un tercero que qued\u00f3\naprehendido.<\/p>\n\n\n\n<p><strong>Los hechos<\/strong><\/p>\n\n\n\n<p>De\nacuerdo a lo que pudo conocerse, en el mes de noviembre de 2018 un sujeto se\npresent\u00f3 en las afueras de un local comercial de la localidad de Navarro frente\na una de sus v\u00edctimas \u2013un repartidor de mercader\u00eda &#8211;&nbsp; haci\u00e9ndose pasar por un agente de la Polic\u00eda\nde la Provincia de Buenos Aires, exhibiendo placa identificatoria. As\u00ed logr\u00f3\nintimidar a la v\u00edctima y le exigi\u00f3 una suma mensual de dinero para poder\nejercer su empresa de reparto garantizando una suerte de protecci\u00f3n tanto\npolicial como de potenciales competidores. La v\u00edctima se neg\u00f3 y se retir\u00f3 del\nlugar con amenazas. Esta situaci\u00f3n contin\u00fao hasta que en el mes de marzo del\ncorriente, se volvi\u00f3 a llevar a cabo la modalidad v\u00eda telef\u00f3nica y ante la\nnegativa, dos de sus trabajadores fueron privados de la libertad por dos\nhombres y una mujer \u2013 se presume que la pareja del falso efectivo policial \u2013\nquienes adem\u00e1s les sustrajeron mercader\u00eda que posteriormente utilizaron para\nvolver a chantajear a los comerciantes.<\/p>\n\n\n\n<p><strong>Allanamientos y medidas<\/strong><\/p>\n\n\n\n<p>Tras\nlas detenciones se ejecut\u00f3 un allanamiento en San Miguel, en el domicilio de\nlos ahora imputados y se encontraron diversos elementos de inter\u00e9s para la\ninvestigaci\u00f3n, entre ellos indumentaria de polic\u00eda, placas identificatorias y\nun arma de fuego. <\/p>\n\n\n\n<p>En\nla jornada del s\u00e1bado 25 se les tom\u00f3 declaraci\u00f3n indagatoria, en la que se negaron\na declarar, y la UFIJ solicit\u00f3 la conversi\u00f3n de la aprehensi\u00f3n en detenci\u00f3n del\nsujeto que lleg\u00f3 junto a la pareja con finalidad delictiva.<\/p>\n\n\n\n<p>Los\ndelitos que se les imputan a la pareja son: \u201cPrivaci\u00f3n ileg\u00edtima de la libertad\nagravada por simular autoridad p\u00fablica y robo calificado en poblado y en banda;\nextorsi\u00f3n en tentativa (cuatro hechos), extorsi\u00f3n y tenencia ilegal de arma de\nfuego\u201d. Adem\u00e1s, al sujeto le cabe la imputaci\u00f3n por \u201cusurpaci\u00f3n de grados,\nt\u00edtulo y honores\u201d por usar p\u00fablicamente insignias y distintivos de un cargo que\nno ejerce.<\/p>\n\n\n\n<p>Respecto\ndel tercero, se le imputa la coautor\u00eda de delito de \u201cExtorsi\u00f3n en grado de\ntentativa\u201d.<\/p>\n\n\n\n<p>Los tres fueron alojados en comisar\u00edas determinadas por la Jefatura Departamental Mercedes y quedaron a disposici\u00f3n tanto de la Fiscal\u00eda como del Juzgado de Garant\u00edas N\u00b0 3.<\/p>\n\n\n\n<p>Fuente: Ministerio P\u00fablico Fiscal Bonaerense Departamento Judicial Mercedes<\/p>\n","protected":false},"excerpt":{"rendered":"<p>En el mes de noviembre, comerciantes de la ciudad de Navarro comenzaron a ser v\u00edctimas de un sujeto que se &#8230; <a title=\"Tres detenidos por extorsi\u00f3n a comerciantes\" class=\"read-more\" href=\"https:\/\/www.hoymercedes.com.ar\/principal\/2019\/05\/27\/tres-detenidos-por-extorsion-a-comerciantes\/\" aria-label=\"Leer m\u00e1s sobre Tres detenidos por extorsi\u00f3n a comerciantes\">Leer m\u00e1s<\/a><\/p>\n","protected":false},"author":1,"featured_media":92785,"comment_status":"closed","ping_status":"open","sticky":false,"template":"","format":"standard","meta":{"_monsterinsights_skip_tracking":false,"_monsterinsights_sitenote_active":false,"_monsterinsights_sitenote_note":"","_monsterinsights_sitenote_category":0,"jetpack_post_was_ever_published":false,"_jetpack_newsletter_access":"","_jetpack_dont_email_post_to_subs":false,"_jetpack_newsletter_tier_id":0,"_jetpack_memberships_contains_paywalled_content":false,"_jetpack_memberships_contains_paid_content":false,"footnotes":"","jetpack_publicize_message":"","jetpack_publicize_feature_enabled":true,"jetpack_social_post_already_shared":true,"jetpack_social_options":{"image_generator_settings":{"template":"highway","default_image_id":0,"font":"","enabled":false},"version":2},"_wpas_customize_per_network":false},"categories":[85],"tags":[26,96,8985],"class_list":["post-93839","post","type-post","status-publish","format-standard","has-post-thumbnail","hentry","category-policial","tag-detenidos","tag-policial-2","tag-sistema-judicial","generate-columns","tablet-grid-50","mobile-grid-100","grid-parent","grid-50"],"jetpack_publicize_connections":[],"jetpack_featured_media_url":"https:\/\/www.hoymercedes.com.ar\/principal\/wp-content\/uploads\/2019\/05\/12-policia-patrulleros.jpg","wps_subtitle":"","jetpack_sharing_enabled":true,"_links":{"self":[{"href":"https:\/\/www.hoymercedes.com.ar\/principal\/wp-json\/wp\/v2\/posts\/93839","targetHints":{"allow":["GET"]}}],"collection":[{"href":"https:\/\/www.hoymercedes.com.ar\/principal\/wp-json\/wp\/v2\/posts"}],"about":[{"href":"https:\/\/www.hoymercedes.com.ar\/principal\/wp-json\/wp\/v2\/types\/post"}],"author":[{"embeddable":true,"href":"https:\/\/www.hoymercedes.com.ar\/principal\/wp-json\/wp\/v2\/users\/1"}],"replies":[{"embeddable":true,"href":"https:\/\/www.hoymercedes.com.ar\/principal\/wp-json\/wp\/v2\/comments?post=93839"}],"version-history":[{"count":0,"href":"https:\/\/www.hoymercedes.com.ar\/principal\/wp-json\/wp\/v2\/posts\/93839\/revisions"}],"wp:featuredmedia":[{"embeddable":true,"href":"https:\/\/www.hoymercedes.com.ar\/principal\/wp-json\/wp\/v2\/media\/92785"}],"wp:attachment":[{"href":"https:\/\/www.hoymercedes.com.ar\/principal\/wp-json\/wp\/v2\/media?parent=93839"}],"wp:term":[{"taxonomy":"category","embeddable":true,"href":"https:\/\/www.hoymercedes.com.ar\/principal\/wp-json\/wp\/v2\/categories?post=93839"},{"taxonomy":"post_tag","embeddable":true,"href":"https:\/\/www.hoymercedes.com.ar\/principal\/wp-json\/wp\/v2\/tags?post=93839"}],"curies":[{"name":"wp","href":"https:\/\/api.w.org\/{rel}","templated":true}]}}