{"id":93858,"date":"2019-05-27T10:49:49","date_gmt":"2019-05-27T13:49:49","guid":{"rendered":"http:\/\/www.hoymercedes.com.ar\/principal\/?p=93858"},"modified":"2019-05-27T16:59:34","modified_gmt":"2019-05-27T19:59:34","slug":"cerrado-al-transito-por-juicio-por-un-femicidio","status":"publish","type":"post","link":"https:\/\/www.hoymercedes.com.ar\/principal\/2019\/05\/27\/cerrado-al-transito-por-juicio-por-un-femicidio\/","title":{"rendered":"Cerrado al tr\u00e1nsito por juicio por un femicidio"},"content":{"rendered":"\n<p>Desde la ma\u00f1ana de este lunes se encuentran cerradas al tr\u00e1nsito las inmediaciones de la intersecci\u00f3n de calle 20 y 21. El motivo es el juicio por jurado que comenz\u00f3. Juzgan a un acusado de femicidio. El corte durar\u00e1 lo que dure el juicio. No se puede circular por calle 20, desde 19 hasta 23 y por calle 21, desde 18 hasta 22. <\/p>\n\n\n\n<figure class=\"wp-block-image\"><img loading=\"lazy\" decoding=\"async\" width=\"800\" height=\"599\" data-attachment-id=\"93860\" data-permalink=\"https:\/\/www.hoymercedes.com.ar\/principal\/2019\/05\/27\/cerrado-al-transito-por-juicio-por-un-femicidio\/27-corte-calle-99\/#main\" data-orig-file=\"https:\/\/www.hoymercedes.com.ar\/principal\/wp-content\/uploads\/2019\/05\/27-corte-calle-99.jpeg\" data-orig-size=\"800,599\" data-comments-opened=\"0\" data-image-meta=\"{&quot;aperture&quot;:&quot;0&quot;,&quot;credit&quot;:&quot;&quot;,&quot;camera&quot;:&quot;&quot;,&quot;caption&quot;:&quot;&quot;,&quot;created_timestamp&quot;:&quot;0&quot;,&quot;copyright&quot;:&quot;&quot;,&quot;focal_length&quot;:&quot;0&quot;,&quot;iso&quot;:&quot;0&quot;,&quot;shutter_speed&quot;:&quot;0&quot;,&quot;title&quot;:&quot;&quot;,&quot;orientation&quot;:&quot;0&quot;}\" data-image-title=\"27 corte calle 99\" data-image-description=\"\" data-image-caption=\"\" data-large-file=\"https:\/\/www.hoymercedes.com.ar\/principal\/wp-content\/uploads\/2019\/05\/27-corte-calle-99.jpeg\" src=\"https:\/\/www.hoymercedes.com.ar\/principal\/wp-content\/uploads\/2019\/05\/27-corte-calle-99.jpeg\" alt=\"\" class=\"wp-image-93860\" srcset=\"https:\/\/www.hoymercedes.com.ar\/principal\/wp-content\/uploads\/2019\/05\/27-corte-calle-99.jpeg 800w, https:\/\/www.hoymercedes.com.ar\/principal\/wp-content\/uploads\/2019\/05\/27-corte-calle-99-150x112.jpeg 150w, https:\/\/www.hoymercedes.com.ar\/principal\/wp-content\/uploads\/2019\/05\/27-corte-calle-99-630x472.jpeg 630w, https:\/\/www.hoymercedes.com.ar\/principal\/wp-content\/uploads\/2019\/05\/27-corte-calle-99-320x240.jpeg 320w, https:\/\/www.hoymercedes.com.ar\/principal\/wp-content\/uploads\/2019\/05\/27-corte-calle-99-100x75.jpeg 100w\" sizes=\"auto, (max-width: 800px) 100vw, 800px\" \/><\/figure>\n","protected":false},"excerpt":{"rendered":"<p>Desde la ma\u00f1ana de este lunes se encuentran cerradas al tr\u00e1nsito las inmediaciones de la intersecci\u00f3n de calle 20 y &#8230; <a title=\"Cerrado al tr\u00e1nsito por juicio por un femicidio\" class=\"read-more\" href=\"https:\/\/www.hoymercedes.com.ar\/principal\/2019\/05\/27\/cerrado-al-transito-por-juicio-por-un-femicidio\/\" aria-label=\"Leer m\u00e1s sobre Cerrado al tr\u00e1nsito por juicio por un femicidio\">Leer m\u00e1s<\/a><\/p>\n","protected":false},"author":1,"featured_media":93859,"comment_status":"closed","ping_status":"open","sticky":false,"template":"","format":"standard","meta":{"_monsterinsights_skip_tracking":false,"_monsterinsights_sitenote_active":false,"_monsterinsights_sitenote_note":"","_monsterinsights_sitenote_category":0,"jetpack_post_was_ever_published":false,"_jetpack_newsletter_access":"","_jetpack_dont_email_post_to_subs":false,"_jetpack_newsletter_tier_id":0,"_jetpack_memberships_contains_paywalled_content":false,"_jetpack_memberships_contains_paid_content":false,"footnotes":"","jetpack_publicize_message":"","jetpack_publicize_feature_enabled":true,"jetpack_social_post_already_shared":true,"jetpack_social_options":{"image_generator_settings":{"template":"highway","default_image_id":0,"font":"","enabled":false},"version":2},"_wpas_customize_per_network":false},"categories":[8],"tags":[5398,10,8985,5907],"class_list":["post-93858","post","type-post","status-publish","format-standard","has-post-thumbnail","hentry","category-sociedad","tag-juicio-por-jurado","tag-mercedes","tag-sistema-judicial","tag-transito","generate-columns","tablet-grid-50","mobile-grid-100","grid-parent","grid-50"],"jetpack_publicize_connections":[],"jetpack_featured_media_url":"https:\/\/www.hoymercedes.com.ar\/principal\/wp-content\/uploads\/2019\/05\/27-corte-calle-199.jpeg","wps_subtitle":"","jetpack_sharing_enabled":true,"_links":{"self":[{"href":"https:\/\/www.hoymercedes.com.ar\/principal\/wp-json\/wp\/v2\/posts\/93858","targetHints":{"allow":["GET"]}}],"collection":[{"href":"https:\/\/www.hoymercedes.com.ar\/principal\/wp-json\/wp\/v2\/posts"}],"about":[{"href":"https:\/\/www.hoymercedes.com.ar\/principal\/wp-json\/wp\/v2\/types\/post"}],"author":[{"embeddable":true,"href":"https:\/\/www.hoymercedes.com.ar\/principal\/wp-json\/wp\/v2\/users\/1"}],"replies":[{"embeddable":true,"href":"https:\/\/www.hoymercedes.com.ar\/principal\/wp-json\/wp\/v2\/comments?post=93858"}],"version-history":[{"count":0,"href":"https:\/\/www.hoymercedes.com.ar\/principal\/wp-json\/wp\/v2\/posts\/93858\/revisions"}],"wp:featuredmedia":[{"embeddable":true,"href":"https:\/\/www.hoymercedes.com.ar\/principal\/wp-json\/wp\/v2\/media\/93859"}],"wp:attachment":[{"href":"https:\/\/www.hoymercedes.com.ar\/principal\/wp-json\/wp\/v2\/media?parent=93858"}],"wp:term":[{"taxonomy":"category","embeddable":true,"href":"https:\/\/www.hoymercedes.com.ar\/principal\/wp-json\/wp\/v2\/categories?post=93858"},{"taxonomy":"post_tag","embeddable":true,"href":"https:\/\/www.hoymercedes.com.ar\/principal\/wp-json\/wp\/v2\/tags?post=93858"}],"curies":[{"name":"wp","href":"https:\/\/api.w.org\/{rel}","templated":true}]}}