{"id":9386,"date":"2011-11-27T01:47:05","date_gmt":"2011-11-27T01:47:05","guid":{"rendered":"http:\/\/www.hoymercedes.com.ar\/principal\/?p=9386"},"modified":"2011-11-27T02:00:34","modified_gmt":"2011-11-27T02:00:34","slug":"bomberos-campana-de-concientizacion-de-numeros-de-emergencias","status":"publish","type":"post","link":"https:\/\/www.hoymercedes.com.ar\/principal\/2011\/11\/27\/bomberos-campana-de-concientizacion-de-numeros-de-emergencias\/","title":{"rendered":"Bomberos: campa\u00f1a de concientizaci\u00f3n de n\u00fameros de emergencias"},"content":{"rendered":"<figure id=\"attachment_9388\" aria-describedby=\"caption-attachment-9388\" style=\"width: 602px\" class=\"wp-caption aligncenter\"><a href=\"https:\/\/www.hoymercedes.com.ar\/principal\/wp-content\/uploads\/2011\/11\/Bomberos-escuelas.jpg\"><img loading=\"lazy\" decoding=\"async\" data-attachment-id=\"9388\" data-permalink=\"https:\/\/www.hoymercedes.com.ar\/principal\/2011\/11\/27\/bomberos-campana-de-concientizacion-de-numeros-de-emergencias\/attachment\/9388\/#main\" data-orig-file=\"https:\/\/www.hoymercedes.com.ar\/principal\/wp-content\/uploads\/2011\/11\/Bomberos-escuelas.jpg\" data-orig-size=\"612,459\" data-comments-opened=\"1\" data-image-meta=\"{&quot;aperture&quot;:&quot;3.2&quot;,&quot;credit&quot;:&quot;&quot;,&quot;camera&quot;:&quot;SAMSUNG ES15 \/ VLUU ES15 \/ SAMSUNG SL30&quot;,&quot;caption&quot;:&quot;&quot;,&quot;created_timestamp&quot;:&quot;1240462900&quot;,&quot;copyright&quot;:&quot;COPYRIGHT, 2009&quot;,&quot;focal_length&quot;:&quot;6.3&quot;,&quot;iso&quot;:&quot;200&quot;,&quot;shutter_speed&quot;:&quot;0.022222222222222&quot;,&quot;title&quot;:&quot;&lt;SAMSUNG DIGITAL CAMERA&gt;&quot;}\" data-image-title=\"Bomberos Mercedes\" data-image-description=\"&lt;p&gt;Bomberos Mercedes&lt;\/p&gt;\n\" data-image-caption=\"&lt;p&gt;Bomberos Mercedes&lt;\/p&gt;\n\" data-large-file=\"https:\/\/www.hoymercedes.com.ar\/principal\/wp-content\/uploads\/2011\/11\/Bomberos-escuelas.jpg\" class=\"size-full wp-image-9388\" title=\"Bomberos Mercedes\" src=\"https:\/\/www.hoymercedes.com.ar\/principal\/wp-content\/uploads\/2011\/11\/Bomberos-escuelas.jpg\" alt=\"\" width=\"612\" height=\"459\" \/><\/a><figcaption id=\"caption-attachment-9388\" class=\"wp-caption-text\">Bomberos Mercedes<\/figcaption><\/figure>\n<p>Bomberos est\u00e1 realizando una campa\u00f1a de concientizaci\u00f3n, sobre el uso de sus n\u00fameros de emergencia, esta tiene lugar mediante charlas en diferentes escuelas, donde se les da a conocer a los j\u00f3venes, el correcto uso de sus n\u00fameros 100 y 422222 en caso de emergencias. A dichas charlas se agrega informaci\u00f3n sobre la instituci\u00f3n y el trabajo que all\u00ed realizan, y se muestran algunos de los materiales que utilizan para trabajar. Tambi\u00e9n se entrega a los alumnos y docentes un im\u00e1n de tama\u00f1o considerable con los n\u00fameros de emergencia de Bomberos, como as\u00ed tambi\u00e9n calcos para ser colocados en el tel\u00e9fono y coloridos stiquers para que los alumnos puedan colocarlos en sus carpetas o donde deseen, para que en caso de necesitarlos, los n\u00fameros mencionados, siempre est\u00e9n a la mano.<\/p>\n<p>Los Bomberos ya han realizado charlas en la EESB N\u00ba 9, visitando tambi\u00e9n en esta ocasi\u00f3n la EPB N\u00ba 12, la EESB N\u00ba 7 y el Colegio Nacional.<\/p>\n<p>Los Bomberos desean agradecer a todos los colegios visitados la c\u00e1lida bienvenida, y la atenci\u00f3n prestada en cada ocasi\u00f3n.<\/p>\n","protected":false},"excerpt":{"rendered":"<p>Bomberos est\u00e1 realizando una campa\u00f1a de concientizaci\u00f3n, sobre el uso de sus n\u00fameros de emergencia, esta tiene lugar mediante charlas &#8230; <a title=\"Bomberos: campa\u00f1a de concientizaci\u00f3n de n\u00fameros de emergencias\" class=\"read-more\" href=\"https:\/\/www.hoymercedes.com.ar\/principal\/2011\/11\/27\/bomberos-campana-de-concientizacion-de-numeros-de-emergencias\/\" aria-label=\"Leer m\u00e1s sobre Bomberos: campa\u00f1a de concientizaci\u00f3n de n\u00fameros de emergencias\">Leer m\u00e1s<\/a><\/p>\n","protected":false},"author":1,"featured_media":0,"comment_status":"open","ping_status":"open","sticky":false,"template":"","format":"standard","meta":{"_monsterinsights_skip_tracking":false,"_monsterinsights_sitenote_active":false,"_monsterinsights_sitenote_note":"","_monsterinsights_sitenote_category":0,"jetpack_post_was_ever_published":false,"_jetpack_newsletter_access":"","_jetpack_dont_email_post_to_subs":false,"_jetpack_newsletter_tier_id":0,"_jetpack_memberships_contains_paywalled_content":false,"_jetpack_memberships_contains_paid_content":false,"footnotes":"","jetpack_publicize_message":"","jetpack_publicize_feature_enabled":true,"jetpack_social_post_already_shared":false,"jetpack_social_options":{"image_generator_settings":{"template":"highway","default_image_id":0,"font":"","enabled":false},"version":2},"_wpas_customize_per_network":false},"categories":[8],"tags":[],"class_list":["post-9386","post","type-post","status-publish","format-standard","hentry","category-sociedad","generate-columns","tablet-grid-50","mobile-grid-100","grid-parent","grid-50"],"jetpack_publicize_connections":[],"jetpack_featured_media_url":"","wps_subtitle":"","jetpack_sharing_enabled":true,"_links":{"self":[{"href":"https:\/\/www.hoymercedes.com.ar\/principal\/wp-json\/wp\/v2\/posts\/9386","targetHints":{"allow":["GET"]}}],"collection":[{"href":"https:\/\/www.hoymercedes.com.ar\/principal\/wp-json\/wp\/v2\/posts"}],"about":[{"href":"https:\/\/www.hoymercedes.com.ar\/principal\/wp-json\/wp\/v2\/types\/post"}],"author":[{"embeddable":true,"href":"https:\/\/www.hoymercedes.com.ar\/principal\/wp-json\/wp\/v2\/users\/1"}],"replies":[{"embeddable":true,"href":"https:\/\/www.hoymercedes.com.ar\/principal\/wp-json\/wp\/v2\/comments?post=9386"}],"version-history":[{"count":0,"href":"https:\/\/www.hoymercedes.com.ar\/principal\/wp-json\/wp\/v2\/posts\/9386\/revisions"}],"wp:attachment":[{"href":"https:\/\/www.hoymercedes.com.ar\/principal\/wp-json\/wp\/v2\/media?parent=9386"}],"wp:term":[{"taxonomy":"category","embeddable":true,"href":"https:\/\/www.hoymercedes.com.ar\/principal\/wp-json\/wp\/v2\/categories?post=9386"},{"taxonomy":"post_tag","embeddable":true,"href":"https:\/\/www.hoymercedes.com.ar\/principal\/wp-json\/wp\/v2\/tags?post=9386"}],"curies":[{"name":"wp","href":"https:\/\/api.w.org\/{rel}","templated":true}]}}